{"id":96,"date":"2001-11-14T17:31:01","date_gmt":"2001-11-14T16:31:01","guid":{"rendered":"https:\/\/zeichensetzen-online.de\/?p=96"},"modified":"2023-04-30T22:31:28","modified_gmt":"2023-04-30T20:31:28","slug":"hoerbehinderte-ein-soziales-stiefkind","status":"publish","type":"post","link":"https:\/\/zeichensetzen-online.de\/index.php\/2001\/11\/14\/hoerbehinderte-ein-soziales-stiefkind\/","title":{"rendered":"H\u00f6rbehinderte \u2013 ein soziales Stiefkind ?"},"content":{"rendered":"\t\t<div data-elementor-type=\"wp-post\" data-elementor-id=\"96\" class=\"elementor elementor-96\">\n\t\t\t\t\t\t<section class=\"penci-section penci-disSticky penci-structure-10 elementor-section elementor-top-section elementor-element elementor-element-de5dcae elementor-section-boxed elementor-section-height-default elementor-section-height-default\" data-id=\"de5dcae\" data-element_type=\"section\" data-e-type=\"section\">\n\t\t\t\t\t\t<div class=\"elementor-container elementor-column-gap-default\">\n\t\t\t\t\t<div class=\"penci-ercol-100 penci-ercol-order-1 penci-sticky-ct    elementor-column elementor-col-100 elementor-top-column elementor-element elementor-element-e5da50e\" data-id=\"e5da50e\" data-element_type=\"column\" data-e-type=\"column\">\n\t\t\t<div class=\"elementor-widget-wrap elementor-element-populated\">\n\t\t\t\t\t\t<div class=\"elementor-element elementor-element-3134013 elementor-widget elementor-widget-penci-fancy_heading\" data-id=\"3134013\" data-element_type=\"widget\" data-e-type=\"widget\" data-widget_type=\"penci-fancy_heading.default\">\n\t\t\t\t<div class=\"elementor-widget-container\">\n\t\t\t\t\t\t\t<div class=\"penci-fancy-heading penci-heading-text-left pc-fctline\">\n\t\t\t<div class=\"penci-fancy-heading-inner\">\n\t\t\t\t<div class=\"penci-heading-subtitle\">KOFO Essen, 14. November 2001<\/div><h2 class=\"penci-heading-title\"><span class=\"inner-tit\">H\u00f6rbehinderte \u2013 ein soziales Stiefkind ?<\/span><\/h2><div class=\"penci-separator penci-separator- penci-separator-left\"><span class=\"penci-sep_holder penci-sep_holder_l\"><span class=\"penci-sep_line\"><\/span><\/span><span class=\"penci-sep_holder penci-sep_holder_r\"><span class=\"penci-sep_line\"><\/span><\/span><\/div><div class=\"penci-heading-content entry-content\"><p>Perspektiven der Zusammenarbeit zwischen H\u00f6rbehinderten und der Stadt Essen<br \/>\nReferent: Hans-Peter Leymann-Kurtz (B\u00fcrgermeister)<\/p>\n<\/div>\t\t\t<\/div>\n\t\t<\/div>\n\t\t\t\t\t\t<\/div>\n\t\t\t\t<\/div>\n\t\t\t\t\t<\/div>\n\t\t<\/div>\n\t\t\t\t\t<\/div>\n\t\t<\/section>\n\t\t\t\t<section class=\"penci-section penci-disSticky penci-structure-10 elementor-section elementor-top-section elementor-element elementor-element-feee957 elementor-section-boxed elementor-section-height-default elementor-section-height-default\" data-id=\"feee957\" data-element_type=\"section\" data-e-type=\"section\">\n\t\t\t\t\t\t<div class=\"elementor-container elementor-column-gap-default\">\n\t\t\t\t\t<div class=\"penci-ercol-100 penci-ercol-order-1 penci-sticky-ct    elementor-column elementor-col-100 elementor-top-column elementor-element elementor-element-bbf2f4a\" data-id=\"bbf2f4a\" data-element_type=\"column\" data-e-type=\"column\">\n\t\t\t<div class=\"elementor-widget-wrap elementor-element-populated\">\n\t\t\t\t\t\t<div class=\"elementor-element elementor-element-71b31cf elementor-widget elementor-widget-spacer\" data-id=\"71b31cf\" data-element_type=\"widget\" data-e-type=\"widget\" data-widget_type=\"spacer.default\">\n\t\t\t\t\t\t\t<div class=\"elementor-spacer\">\n\t\t\t<div class=\"elementor-spacer-inner\"><\/div>\n\t\t<\/div>\n\t\t\t\t\t\t<\/div>\n\t\t\t\t\t<\/div>\n\t\t<\/div>\n\t\t\t\t\t<\/div>\n\t\t<\/section>\n\t\t\t\t<section class=\"penci-section penci-disSticky penci-structure-10 elementor-section elementor-top-section elementor-element elementor-element-326716f elementor-section-boxed elementor-section-height-default elementor-section-height-default\" data-id=\"326716f\" data-element_type=\"section\" data-e-type=\"section\">\n\t\t\t\t\t\t<div class=\"elementor-container elementor-column-gap-default\">\n\t\t\t\t\t<div class=\"penci-ercol-100 penci-ercol-order-1 penci-sticky-ct    elementor-column elementor-col-100 elementor-top-column elementor-element elementor-element-829e8d7\" data-id=\"829e8d7\" data-element_type=\"column\" data-e-type=\"column\">\n\t\t\t<div class=\"elementor-widget-wrap elementor-element-populated\">\n\t\t\t\t\t\t<div class=\"elementor-element elementor-element-8b778cf elementor-widget elementor-widget-text-editor\" data-id=\"8b778cf\" data-element_type=\"widget\" data-e-type=\"widget\" data-widget_type=\"text-editor.default\">\n\t\t\t\t\t\t\t\t\t<p>Ca. 50 Besucher kamen zu unserem Kofo.<br \/>Zu Beginn \u00fcberraschte uns der Referent mit der Information: er habe keinen Vortrag vorbereitet, sondern wolle eine lockere Diskussion f\u00fchren.<\/p><p>Die ganze Technik war aber auf die B\u00fchne ausgerichtet (Schreibdolmetscherin mit PC und Beamer, Bestuhlung&#8230;.) so musste spontan eine 2-Personen-Podiumsdiskussion improvisiert werden.<br \/>Winny Stenner begann die Diskussion mit neuen Zahlen: Wenn man altersschwerh\u00f6rige Menschen miteinberechnet, so leben in Essen 100.000 h\u00f6rbehinderte Menschen. Das sind 1\/6 der Bev\u00f6lkerung. Damit ist klar, wie wichtig eine Ber\u00fccksichtigung dieser Menschen in der kommunalen Kultur- und Sozialpolitik ist.<\/p>\t\t\t\t\t\t\t\t<\/div>\n\t\t\t\t\t<\/div>\n\t\t<\/div>\n\t\t\t\t\t<\/div>\n\t\t<\/section>\n\t\t\t\t<section class=\"penci-section penci-disSticky penci-structure-20 elementor-section elementor-top-section elementor-element elementor-element-68bc619 elementor-section-boxed elementor-section-height-default elementor-section-height-default\" data-id=\"68bc619\" data-element_type=\"section\" data-e-type=\"section\">\n\t\t\t\t\t\t<div class=\"elementor-container elementor-column-gap-default\">\n\t\t\t\t\t<div class=\"penci-ercol-50 penci-ercol-order-1 penci-sticky-ct    elementor-column elementor-col-50 elementor-top-column elementor-element elementor-element-1b71f08\" data-id=\"1b71f08\" data-element_type=\"column\" data-e-type=\"column\">\n\t\t\t<div class=\"elementor-widget-wrap elementor-element-populated\">\n\t\t\t\t\t\t<div class=\"elementor-element elementor-element-ef28996 elementor-widget elementor-widget-image\" data-id=\"ef28996\" data-element_type=\"widget\" data-e-type=\"widget\" data-widget_type=\"image.default\">\n\t\t\t\t\t\t\t\t\t\t\t\t<figure class=\"wp-caption\">\n\t\t\t\t\t\t\t\t\t\t<img fetchpriority=\"high\" decoding=\"async\" width=\"396\" height=\"266\" src=\"https:\/\/zeichensetzen-online.de\/wp-content\/uploads\/2023\/03\/14_11_1.jpg\" class=\"attachment-large size-large wp-image-105\" alt=\"Winny Stenner und Hans-Peter Leymann Kurtz\" srcset=\"https:\/\/zeichensetzen-online.de\/wp-content\/uploads\/2023\/03\/14_11_1.jpg 396w, https:\/\/zeichensetzen-online.de\/wp-content\/uploads\/2023\/03\/14_11_1-300x202.jpg 300w\" sizes=\"(max-width: 396px) 100vw, 396px\" \/>\t\t\t\t\t\t\t\t\t\t\t<figcaption class=\"widget-image-caption wp-caption-text\">Winny Stenner und Hans-Peter Leymann Kurtz auf dem improvisierten Podium<\/figcaption>\n\t\t\t\t\t\t\t\t\t\t<\/figure>\n\t\t\t\t\t\t\t\t\t<\/div>\n\t\t\t\t\t<\/div>\n\t\t<\/div>\n\t\t\t\t<div class=\"penci-ercol-50 penci-ercol-order-2 penci-sticky-ct    elementor-column elementor-col-50 elementor-top-column elementor-element elementor-element-cb75553\" data-id=\"cb75553\" data-element_type=\"column\" data-e-type=\"column\">\n\t\t\t<div class=\"elementor-widget-wrap elementor-element-populated\">\n\t\t\t\t\t\t<div class=\"elementor-element elementor-element-407096a elementor-widget elementor-widget-image\" data-id=\"407096a\" data-element_type=\"widget\" data-e-type=\"widget\" data-widget_type=\"image.default\">\n\t\t\t\t\t\t\t\t\t\t\t\t<figure class=\"wp-caption\">\n\t\t\t\t\t\t\t\t\t\t<img decoding=\"async\" width=\"396\" height=\"264\" src=\"https:\/\/zeichensetzen-online.de\/wp-content\/uploads\/2023\/03\/14_11_2.jpg\" class=\"attachment-large size-large wp-image-106\" alt=\"Friedel Lechtleitner\" srcset=\"https:\/\/zeichensetzen-online.de\/wp-content\/uploads\/2023\/03\/14_11_2.jpg 396w, https:\/\/zeichensetzen-online.de\/wp-content\/uploads\/2023\/03\/14_11_2-300x200.jpg 300w, https:\/\/zeichensetzen-online.de\/wp-content\/uploads\/2023\/03\/14_11_2-263x175.jpg 263w\" sizes=\"(max-width: 396px) 100vw, 396px\" \/>\t\t\t\t\t\t\t\t\t\t\t<figcaption class=\"widget-image-caption wp-caption-text\">Friedel Lechtleitner (rechts) dolmetscht.<\/figcaption>\n\t\t\t\t\t\t\t\t\t\t<\/figure>\n\t\t\t\t\t\t\t\t\t<\/div>\n\t\t\t\t\t<\/div>\n\t\t<\/div>\n\t\t\t\t\t<\/div>\n\t\t<\/section>\n\t\t\t\t<section class=\"penci-section penci-disSticky penci-structure-10 elementor-section elementor-top-section elementor-element elementor-element-8f9904d elementor-section-boxed elementor-section-height-default elementor-section-height-default\" data-id=\"8f9904d\" data-element_type=\"section\" data-e-type=\"section\">\n\t\t\t\t\t\t<div class=\"elementor-container elementor-column-gap-default\">\n\t\t\t\t\t<div class=\"penci-ercol-100 penci-ercol-order-1 penci-sticky-ct    elementor-column elementor-col-100 elementor-top-column elementor-element elementor-element-60f30a2\" data-id=\"60f30a2\" data-element_type=\"column\" data-e-type=\"column\">\n\t\t\t<div class=\"elementor-widget-wrap elementor-element-populated\">\n\t\t\t\t\t\t<div class=\"elementor-element elementor-element-1e5e28e elementor-widget elementor-widget-text-editor\" data-id=\"1e5e28e\" data-element_type=\"widget\" data-e-type=\"widget\" data-widget_type=\"text-editor.default\">\n\t\t\t\t\t\t\t\t\t<p>Nat\u00fcrlich kam zuerst die Finanzierung sozialer und kultureller Projekte zur Sprache. Der Referent erkl\u00e4rte, dass das Hauptproblem der Stadt die sinkenden Einnahmen sind \u2013 nicht steigende Ausgaben.<\/p><p>Ganz wichtig sei es, dass die Betroffenen selbst Druck machen. Nur so kann man Verbesserungen erreichen.<\/p><p>Das sind sicher richtige Aussagen.<\/p><p>In der folgenden Diskussion zeigte sich aber an vielen Punkten, dass Herr Leymann-Kurtz kaum informiert war \u00fcber die rechtliche und allt\u00e4gliche Situation der H\u00f6rbehinderten.<\/p><p>Allerdings wurden aus dem Publikum zun\u00e4chst auch wenig Vorschl\u00e4ge zur Verbesserung der Situation genannt. Die meisten waren gekommen, um sich einen Vortrag anzuh\u00f6ren.<\/p>\t\t\t\t\t\t\t\t<\/div>\n\t\t\t\t\t<\/div>\n\t\t<\/div>\n\t\t\t\t\t<\/div>\n\t\t<\/section>\n\t\t\t\t<section class=\"penci-section penci-disSticky penci-structure-20 elementor-section elementor-top-section elementor-element elementor-element-ecb7416 elementor-section-boxed elementor-section-height-default elementor-section-height-default\" data-id=\"ecb7416\" data-element_type=\"section\" data-e-type=\"section\">\n\t\t\t\t\t\t<div class=\"elementor-container elementor-column-gap-default\">\n\t\t\t\t\t<div class=\"penci-ercol-50 penci-ercol-order-1 penci-sticky-ct    elementor-column elementor-col-50 elementor-top-column elementor-element elementor-element-2342da2\" data-id=\"2342da2\" data-element_type=\"column\" data-e-type=\"column\">\n\t\t\t<div class=\"elementor-widget-wrap elementor-element-populated\">\n\t\t\t\t\t\t<div class=\"elementor-element elementor-element-68a3786 elementor-widget elementor-widget-image\" data-id=\"68a3786\" data-element_type=\"widget\" data-e-type=\"widget\" data-widget_type=\"image.default\">\n\t\t\t\t\t\t\t\t\t\t\t\t<figure class=\"wp-caption\">\n\t\t\t\t\t\t\t\t\t\t<img decoding=\"async\" width=\"405\" height=\"270\" src=\"https:\/\/zeichensetzen-online.de\/wp-content\/uploads\/2023\/03\/14_11_3.jpg\" class=\"attachment-large size-large wp-image-107\" alt=\"Nachdenkliche Gesichter im Publikum\" srcset=\"https:\/\/zeichensetzen-online.de\/wp-content\/uploads\/2023\/03\/14_11_3.jpg 405w, https:\/\/zeichensetzen-online.de\/wp-content\/uploads\/2023\/03\/14_11_3-300x200.jpg 300w, https:\/\/zeichensetzen-online.de\/wp-content\/uploads\/2023\/03\/14_11_3-263x175.jpg 263w\" sizes=\"(max-width: 405px) 100vw, 405px\" \/>\t\t\t\t\t\t\t\t\t\t\t<figcaption class=\"widget-image-caption wp-caption-text\">Nachdenkliche Gesichter im Publikum<\/figcaption>\n\t\t\t\t\t\t\t\t\t\t<\/figure>\n\t\t\t\t\t\t\t\t\t<\/div>\n\t\t\t\t\t<\/div>\n\t\t<\/div>\n\t\t\t\t<div class=\"penci-ercol-50 penci-ercol-order-2 penci-sticky-ct    elementor-column elementor-col-50 elementor-top-column elementor-element elementor-element-cba84a9\" data-id=\"cba84a9\" data-element_type=\"column\" data-e-type=\"column\">\n\t\t\t<div class=\"elementor-widget-wrap elementor-element-populated\">\n\t\t\t\t\t\t<div class=\"elementor-element elementor-element-eae8cf5 elementor-widget elementor-widget-image\" data-id=\"eae8cf5\" data-element_type=\"widget\" data-e-type=\"widget\" data-widget_type=\"image.default\">\n\t\t\t\t\t\t\t\t\t\t\t\t<figure class=\"wp-caption\">\n\t\t\t\t\t\t\t\t\t\t<img loading=\"lazy\" decoding=\"async\" width=\"449\" height=\"296\" src=\"https:\/\/zeichensetzen-online.de\/wp-content\/uploads\/2023\/03\/14_11_4.jpg\" class=\"attachment-large size-large wp-image-108\" alt=\"Sch\u00fclerinnen diskutierten\" srcset=\"https:\/\/zeichensetzen-online.de\/wp-content\/uploads\/2023\/03\/14_11_4.jpg 449w, https:\/\/zeichensetzen-online.de\/wp-content\/uploads\/2023\/03\/14_11_4-300x198.jpg 300w\" sizes=\"(max-width: 449px) 100vw, 449px\" \/>\t\t\t\t\t\t\t\t\t\t\t<figcaption class=\"widget-image-caption wp-caption-text\">Sch\u00fclerinnen diskutierten am Rande der Podiumsdiskussion und nach der Veranstaltung \u00fcber das Thema<\/figcaption>\n\t\t\t\t\t\t\t\t\t\t<\/figure>\n\t\t\t\t\t\t\t\t\t<\/div>\n\t\t\t\t\t<\/div>\n\t\t<\/div>\n\t\t\t\t\t<\/div>\n\t\t<\/section>\n\t\t\t\t<section class=\"penci-section penci-disSticky penci-structure-20 elementor-section elementor-top-section elementor-element elementor-element-2afcceb elementor-section-boxed elementor-section-height-default elementor-section-height-default\" data-id=\"2afcceb\" data-element_type=\"section\" data-e-type=\"section\">\n\t\t\t\t\t\t<div class=\"elementor-container elementor-column-gap-default\">\n\t\t\t\t\t<div class=\"penci-ercol-50 penci-ercol-order-1 penci-sticky-ct    elementor-column elementor-col-50 elementor-top-column elementor-element elementor-element-cbc7549\" data-id=\"cbc7549\" data-element_type=\"column\" data-e-type=\"column\">\n\t\t\t<div class=\"elementor-widget-wrap elementor-element-populated\">\n\t\t\t\t\t\t<div class=\"elementor-element elementor-element-030c6c7 elementor-widget elementor-widget-text-editor\" data-id=\"030c6c7\" data-element_type=\"widget\" data-e-type=\"widget\" data-widget_type=\"text-editor.default\">\n\t\t\t\t\t\t\t\t\t<p>Nach der Pause gab es einige konkrete Forderungen (z.B. mehr Angebote der VHS f\u00fcr h\u00f6rbehinderte B\u00fcrger), aber auch deutliche Kritik am Referenten.<br \/>Sch\u00fclerinnen diskutierten am Rande der Podiumsdiskussion und nach der Veranstaltung \u00fcber das Thema.<br \/>Am 9. Januar 2002 wird Friedrich Scheitle (sh) \u00fcber die Kulturinitiative Augsburg referieren. Es wird spannend sein, mit einem engagierten Fachmann auf diesem Gebiet Ideen und Erfahrungen auszutauschen.<\/p>\t\t\t\t\t\t\t\t<\/div>\n\t\t\t\t\t<\/div>\n\t\t<\/div>\n\t\t\t\t<div class=\"penci-ercol-50 penci-ercol-order-2 penci-sticky-ct    elementor-column elementor-col-50 elementor-top-column elementor-element elementor-element-1de250c\" data-id=\"1de250c\" data-element_type=\"column\" data-e-type=\"column\">\n\t\t\t<div class=\"elementor-widget-wrap elementor-element-populated\">\n\t\t\t\t\t\t<div class=\"elementor-element elementor-element-78e4cec elementor-widget elementor-widget-image\" data-id=\"78e4cec\" data-element_type=\"widget\" data-e-type=\"widget\" data-widget_type=\"image.default\">\n\t\t\t\t\t\t\t\t\t\t\t\t<figure class=\"wp-caption\">\n\t\t\t\t\t\t\t\t\t\t<img loading=\"lazy\" decoding=\"async\" width=\"413\" height=\"275\" src=\"https:\/\/zeichensetzen-online.de\/wp-content\/uploads\/2023\/03\/14_11_5.jpg\" class=\"attachment-large size-large wp-image-109\" alt=\"Sch\u00fclerinnen diskutierten\" srcset=\"https:\/\/zeichensetzen-online.de\/wp-content\/uploads\/2023\/03\/14_11_5.jpg 413w, https:\/\/zeichensetzen-online.de\/wp-content\/uploads\/2023\/03\/14_11_5-300x200.jpg 300w, https:\/\/zeichensetzen-online.de\/wp-content\/uploads\/2023\/03\/14_11_5-263x175.jpg 263w\" sizes=\"(max-width: 413px) 100vw, 413px\" \/>\t\t\t\t\t\t\t\t\t\t\t<figcaption class=\"widget-image-caption wp-caption-text\"><\/figcaption>\n\t\t\t\t\t\t\t\t\t\t<\/figure>\n\t\t\t\t\t\t\t\t\t<\/div>\n\t\t\t\t\t<\/div>\n\t\t<\/div>\n\t\t\t\t\t<\/div>\n\t\t<\/section>\n\t\t\t\t<section class=\"penci-section penci-disSticky penci-structure-10 elementor-section elementor-top-section elementor-element elementor-element-b626109 elementor-section-boxed elementor-section-height-default elementor-section-height-default\" data-id=\"b626109\" data-element_type=\"section\" data-e-type=\"section\">\n\t\t\t\t\t\t<div class=\"elementor-container elementor-column-gap-default\">\n\t\t\t\t\t<div class=\"penci-ercol-100 penci-ercol-order-1 penci-sticky-ct    elementor-column elementor-col-100 elementor-top-column elementor-element elementor-element-aad5021\" data-id=\"aad5021\" data-element_type=\"column\" data-e-type=\"column\">\n\t\t\t<div class=\"elementor-widget-wrap elementor-element-populated\">\n\t\t\t\t\t\t<div class=\"elementor-element elementor-element-79499e3 elementor-widget elementor-widget-text-editor\" data-id=\"79499e3\" data-element_type=\"widget\" data-e-type=\"widget\" data-widget_type=\"text-editor.default\">\n\t\t\t\t\t\t\t\t\t<p>Dann k\u00f6nnen wir hoffentlich mit vereinten Kr\u00e4ften den Druck entwickeln, der notwendig ist, um unseren Kommunalpolitikern \u201eDampf\u201c zu machen.<\/p><p>HU<\/p><p>\u00a0<\/p>\t\t\t\t\t\t\t\t<\/div>\n\t\t\t\t\t<\/div>\n\t\t<\/div>\n\t\t\t\t\t<\/div>\n\t\t<\/section>\n\t\t\t\t<\/div>\n\t\t","protected":false},"excerpt":{"rendered":"<p>KOFO Essen, 14. November 2001 H\u00f6rbehinderte \u2013 ein soziales Stiefkind ? Perspektiven der Zusammenarbeit zwischen H\u00f6rbehinderten und der Stadt Essen Referent: Hans-Peter Leymann-Kurtz (B\u00fcrgermeister) Ca. 50 Besucher kamen zu unserem&hellip;<\/p>\n","protected":false},"author":2,"featured_media":0,"comment_status":"closed","ping_status":"open","sticky":false,"template":"","format":"standard","meta":{"content-type":"","_lmt_disableupdate":"","_lmt_disable":"","_themeisle_gutenberg_block_has_review":false,"footnotes":""},"categories":[3,27],"tags":[],"class_list":["post-96","post","type-post","status-publish","format-standard","hentry","category-jahrgang-2001","category-november"],"aioseo_notices":[],"_links":{"self":[{"href":"https:\/\/zeichensetzen-online.de\/index.php\/wp-json\/wp\/v2\/posts\/96","targetHints":{"allow":["GET"]}}],"collection":[{"href":"https:\/\/zeichensetzen-online.de\/index.php\/wp-json\/wp\/v2\/posts"}],"about":[{"href":"https:\/\/zeichensetzen-online.de\/index.php\/wp-json\/wp\/v2\/types\/post"}],"author":[{"embeddable":true,"href":"https:\/\/zeichensetzen-online.de\/index.php\/wp-json\/wp\/v2\/users\/2"}],"replies":[{"embeddable":true,"href":"https:\/\/zeichensetzen-online.de\/index.php\/wp-json\/wp\/v2\/comments?post=96"}],"version-history":[{"count":36,"href":"https:\/\/zeichensetzen-online.de\/index.php\/wp-json\/wp\/v2\/posts\/96\/revisions"}],"predecessor-version":[{"id":3995,"href":"https:\/\/zeichensetzen-online.de\/index.php\/wp-json\/wp\/v2\/posts\/96\/revisions\/3995"}],"wp:attachment":[{"href":"https:\/\/zeichensetzen-online.de\/index.php\/wp-json\/wp\/v2\/media?parent=96"}],"wp:term":[{"taxonomy":"category","embeddable":true,"href":"https:\/\/zeichensetzen-online.de\/index.php\/wp-json\/wp\/v2\/categories?post=96"},{"taxonomy":"post_tag","embeddable":true,"href":"https:\/\/zeichensetzen-online.de\/index.php\/wp-json\/wp\/v2\/tags?post=96"}],"curies":[{"name":"wp","href":"https:\/\/api.w.org\/{rel}","templated":true}]}}