{"id":901,"date":"2012-06-13T19:35:16","date_gmt":"2012-06-13T17:35:16","guid":{"rendered":"https:\/\/zeichensetzen-online.de\/?p=901"},"modified":"2025-03-25T09:19:30","modified_gmt":"2025-03-25T08:19:30","slug":"gehoerlose-menschen-in-der-politik-na-klar","status":"publish","type":"post","link":"https:\/\/zeichensetzen-online.de\/index.php\/2012\/06\/13\/gehoerlose-menschen-in-der-politik-na-klar\/","title":{"rendered":"Geh\u00f6rlose Menschen in der Politik? Na klar!"},"content":{"rendered":"\t\t<div data-elementor-type=\"wp-post\" data-elementor-id=\"901\" class=\"elementor elementor-901\">\n\t\t\t\t\t\t<section class=\"penci-section penci-disSticky penci-structure-10 elementor-section elementor-top-section elementor-element elementor-element-136746f elementor-section-boxed elementor-section-height-default elementor-section-height-default\" data-id=\"136746f\" data-element_type=\"section\" data-e-type=\"section\">\n\t\t\t\t\t\t<div class=\"elementor-container elementor-column-gap-default\">\n\t\t\t\t\t<div class=\"penci-ercol-100 penci-ercol-order-1 penci-sticky-ct    elementor-column elementor-col-100 elementor-top-column elementor-element elementor-element-5160919\" data-id=\"5160919\" data-element_type=\"column\" data-e-type=\"column\">\n\t\t\t<div class=\"elementor-widget-wrap elementor-element-populated\">\n\t\t\t\t\t\t<div class=\"elementor-element elementor-element-ac775e2 elementor-widget elementor-widget-penci-fancy_heading\" data-id=\"ac775e2\" data-element_type=\"widget\" data-e-type=\"widget\" data-widget_type=\"penci-fancy_heading.default\">\n\t\t\t\t<div class=\"elementor-widget-container\">\n\t\t\t\t\t\t\t<div class=\"penci-fancy-heading penci-heading-text-left pc-fctline\">\n\t\t\t<div class=\"penci-fancy-heading-inner\">\n\t\t\t\t<div class=\"penci-heading-subtitle\">Kofo Essen 13. Juni 2012<\/div><h2 class=\"penci-heading-title\"><span class=\"inner-tit\">Geh\u00f6rlose Menschen in der Politik? Na klar!<\/span><\/h2><div class=\"penci-separator penci-separator- penci-separator-left\"><span class=\"penci-sep_holder penci-sep_holder_l\"><span class=\"penci-sep_line\"><\/span><\/span><span class=\"penci-sep_holder penci-sep_holder_r\"><span class=\"penci-sep_line\"><\/span><\/span><\/div><div class=\"penci-heading-content entry-content\"><p>Referent: Lutz Pepping (Lehramtsanw\u00e4rter, Berlin)<\/p>\n<\/div>\t\t\t<\/div>\n\t\t<\/div>\n\t\t\t\t\t\t<\/div>\n\t\t\t\t<\/div>\n\t\t\t\t\t<\/div>\n\t\t<\/div>\n\t\t\t\t\t<\/div>\n\t\t<\/section>\n\t\t\t\t<section class=\"penci-section penci-disSticky penci-structure-10 elementor-section elementor-top-section elementor-element elementor-element-e15e355 elementor-section-boxed elementor-section-height-default elementor-section-height-default\" data-id=\"e15e355\" data-element_type=\"section\" data-e-type=\"section\">\n\t\t\t\t\t\t<div class=\"elementor-container elementor-column-gap-default\">\n\t\t\t\t\t<div class=\"penci-ercol-100 penci-ercol-order-1 penci-sticky-ct    elementor-column elementor-col-100 elementor-top-column elementor-element elementor-element-cc12d42\" data-id=\"cc12d42\" data-element_type=\"column\" data-e-type=\"column\">\n\t\t\t<div class=\"elementor-widget-wrap elementor-element-populated\">\n\t\t\t\t\t\t<div class=\"elementor-element elementor-element-2c158a6 elementor-widget elementor-widget-image\" data-id=\"2c158a6\" data-element_type=\"widget\" data-e-type=\"widget\" data-widget_type=\"image.default\">\n\t\t\t\t\t\t\t\t\t\t\t\t\t\t\t<img fetchpriority=\"high\" decoding=\"async\" width=\"750\" height=\"250\" src=\"https:\/\/zeichensetzen-online.de\/wp-content\/uploads\/2012\/06\/mainphotos130612.jpg\" class=\"attachment-large size-large wp-image-2389\" alt=\"Kofo Geh\u00f6rlose und Politik?\" srcset=\"https:\/\/zeichensetzen-online.de\/wp-content\/uploads\/2012\/06\/mainphotos130612.jpg 750w, https:\/\/zeichensetzen-online.de\/wp-content\/uploads\/2012\/06\/mainphotos130612-300x100.jpg 300w, https:\/\/zeichensetzen-online.de\/wp-content\/uploads\/2012\/06\/mainphotos130612-585x195.jpg 585w\" sizes=\"(max-width: 750px) 100vw, 750px\" \/>\t\t\t\t\t\t\t\t\t\t\t\t\t\t\t<\/div>\n\t\t\t\t\t<\/div>\n\t\t<\/div>\n\t\t\t\t\t<\/div>\n\t\t<\/section>\n\t\t\t\t<section class=\"penci-section penci-disSticky penci-structure-10 elementor-section elementor-top-section elementor-element elementor-element-80edcab elementor-section-boxed elementor-section-height-default elementor-section-height-default\" data-id=\"80edcab\" data-element_type=\"section\" data-e-type=\"section\">\n\t\t\t\t\t\t<div class=\"elementor-container elementor-column-gap-default\">\n\t\t\t\t\t<div class=\"penci-ercol-100 penci-ercol-order-1 penci-sticky-ct    elementor-column elementor-col-100 elementor-top-column elementor-element elementor-element-e90e69f\" data-id=\"e90e69f\" data-element_type=\"column\" data-e-type=\"column\">\n\t\t\t<div class=\"elementor-widget-wrap elementor-element-populated\">\n\t\t\t\t\t\t<div class=\"elementor-element elementor-element-bebe4d3 elementor-widget elementor-widget-text-editor\" data-id=\"bebe4d3\" data-element_type=\"widget\" data-e-type=\"widget\" data-widget_type=\"text-editor.default\">\n\t\t\t\t\t\t\t\t\t<p>Ein spannendes Thema, denn noch vor wenigen Jahrzehnten schien es undenkbar, dass geh\u00f6rlose Menschen auch Parlamente erobern und in der Politik aktiv mitmischen. Helene Jarmer im \u00f6sterreichischen Nationalrat ist mittlerweile vielen bekannt. In Deutschland hat es Martin Zierold in die Bezirksvertretung von Berlin geschafft. Sein Sprungbrett war eine Gruppe junger Geh\u00f6rloser, die sich in der GR\u00dcNEN JUGEND engagieren, darunter auch Lutz Pepping.<\/p><p>Lutz, den wir schon zum zweiten Mal auf der Kofob\u00fchne begr\u00fc\u00dfen konnten, erkl\u00e4rte zu Beginn seines Vortrags die Bedeutung von Politik f\u00fcr uns alle und wies auf die gro\u00dfe Chance hin, sich in einer Demokratie f\u00fcr die eigenen Interessen einsetzen zu k\u00f6nnen. Kommunikative und kulturelle Barrieren m\u00f6gen dazu beitragen, dass geh\u00f6rlose Menschen vor einer Zusammenarbeit mit H\u00f6renden in der Politik zur\u00fcckschrecken. Aber auch daf\u00fcr nannte der Referent L\u00f6sungsm\u00f6glichkeiten. Eigene politische Erfahrungen und eine kurze Darstellung prominenter geh\u00f6rloser Politiker rundeten den interessanten Vortrag ab.<\/p><p>Leider musste an diesem Abend das Kofo gegen die Fu\u00dfball-EM konkurrieren. Deutschland gegen die Niederlande wurde um 20.45 Uhr angepfiffen. Philipp Wacker hatte Uhr und Ablauf immer im Blick und bestand souver\u00e4n sein Debut als Moderator.<\/p><p>Hier kann sich jeder in Ruhe \u00fcber den Referenten und das Thema informieren:<\/p><p>Zur Person Lutz Pepping mit Links zu Videos , Bericht Life InSight 1. workshop 2010 , Bericht Life Insight 2. workshop 2011 Bericht Life InSight Bundeskongress 2011 \/ Sprachenpolitik<\/p>\t\t\t\t\t\t\t\t<\/div>\n\t\t\t\t\t<\/div>\n\t\t<\/div>\n\t\t\t\t\t<\/div>\n\t\t<\/section>\n\t\t\t\t<section class=\"penci-section penci-disSticky penci-structure-10 elementor-section elementor-top-section elementor-element elementor-element-62ec5a4 elementor-section-boxed elementor-section-height-default elementor-section-height-default\" data-id=\"62ec5a4\" data-element_type=\"section\" data-e-type=\"section\">\n\t\t\t\t\t\t<div class=\"elementor-container elementor-column-gap-default\">\n\t\t\t\t\t<div class=\"penci-ercol-100 penci-ercol-order-1 penci-sticky-ct    elementor-column elementor-col-100 elementor-top-column elementor-element elementor-element-27e01ee\" data-id=\"27e01ee\" data-element_type=\"column\" data-e-type=\"column\">\n\t\t\t<div class=\"elementor-widget-wrap elementor-element-populated\">\n\t\t\t\t\t\t<div class=\"elementor-element elementor-element-86c1da8 elementor-widget elementor-widget-image\" data-id=\"86c1da8\" data-element_type=\"widget\" data-e-type=\"widget\" data-widget_type=\"image.default\">\n\t\t\t\t\t\t\t\t\t\t\t\t\t\t\t<img decoding=\"async\" width=\"750\" height=\"250\" src=\"https:\/\/zeichensetzen-online.de\/wp-content\/uploads\/2012\/06\/photos130612.jpg\" class=\"attachment-large size-large wp-image-2390\" alt=\"Kofo Geh\u00f6rlose und Politik?\" srcset=\"https:\/\/zeichensetzen-online.de\/wp-content\/uploads\/2012\/06\/photos130612.jpg 750w, https:\/\/zeichensetzen-online.de\/wp-content\/uploads\/2012\/06\/photos130612-300x100.jpg 300w, https:\/\/zeichensetzen-online.de\/wp-content\/uploads\/2012\/06\/photos130612-585x195.jpg 585w\" sizes=\"(max-width: 750px) 100vw, 750px\" \/>\t\t\t\t\t\t\t\t\t\t\t\t\t\t\t<\/div>\n\t\t\t\t\t<\/div>\n\t\t<\/div>\n\t\t\t\t\t<\/div>\n\t\t<\/section>\n\t\t\t\t<section class=\"penci-section penci-disSticky penci-structure-10 elementor-section elementor-top-section elementor-element elementor-element-7168117 elementor-section-boxed elementor-section-height-default elementor-section-height-default\" data-id=\"7168117\" data-element_type=\"section\" data-e-type=\"section\">\n\t\t\t\t\t\t<div class=\"elementor-container elementor-column-gap-default\">\n\t\t\t\t\t<div class=\"penci-ercol-100 penci-ercol-order-1 penci-sticky-ct    elementor-column elementor-col-100 elementor-top-column elementor-element elementor-element-9b638a8\" data-id=\"9b638a8\" data-element_type=\"column\" data-e-type=\"column\">\n\t\t\t<div class=\"elementor-widget-wrap elementor-element-populated\">\n\t\t\t\t\t\t<div class=\"elementor-element elementor-element-e51ba9a elementor-widget elementor-widget-spacer\" data-id=\"e51ba9a\" data-element_type=\"widget\" data-e-type=\"widget\" data-widget_type=\"spacer.default\">\n\t\t\t\t\t\t\t<div class=\"elementor-spacer\">\n\t\t\t<div class=\"elementor-spacer-inner\"><\/div>\n\t\t<\/div>\n\t\t\t\t\t\t<\/div>\n\t\t\t\t\t<\/div>\n\t\t<\/div>\n\t\t\t\t\t<\/div>\n\t\t<\/section>\n\t\t\t\t<section class=\"penci-section penci-disSticky penci-structure-20 elementor-section elementor-top-section elementor-element elementor-element-254600b elementor-section-boxed elementor-section-height-default elementor-section-height-default\" data-id=\"254600b\" data-element_type=\"section\" data-e-type=\"section\">\n\t\t\t\t\t\t<div class=\"elementor-container elementor-column-gap-default\">\n\t\t\t\t\t<div class=\"penci-ercol-50 penci-ercol-order-1 penci-sticky-ct    elementor-column elementor-col-50 elementor-top-column elementor-element elementor-element-e4d2c95\" data-id=\"e4d2c95\" data-element_type=\"column\" data-e-type=\"column\">\n\t\t\t<div class=\"elementor-widget-wrap elementor-element-populated\">\n\t\t\t\t\t\t<div class=\"elementor-element elementor-element-94b143b elementor-widget elementor-widget-text-editor\" data-id=\"94b143b\" data-element_type=\"widget\" data-e-type=\"widget\" data-widget_type=\"text-editor.default\">\n\t\t\t\t\t\t\t\t\t<p style=\"font-size: 14px; text-align: start; font-family: Roboto, sans-serif; font-weight: 400; color: #7a7a7a;\">Moderation:<br \/>Philipp Wacker<\/p><p style=\"font-size: 14px; text-align: start; font-family: Roboto, sans-serif; font-weight: 400; color: #7a7a7a;\">Geb\u00e4rdensprachdolmetschen:<br \/>Magdalena Meisen, Sandra Wolfien (<a href=\"https:\/\/skarabee.de\/\" target=\"_blank\" rel=\"noopener\">Skarabee<\/a>)<\/p><p style=\"font-size: 14px; text-align: start; font-family: Roboto, sans-serif; font-weight: 400; color: #7a7a7a;\">Schriftdolmetschen:<br \/>Cornelia Krajewski, Sabine Schl\u00fc\u00df<\/p><p style=\"font-size: 14px; text-align: start; font-family: Roboto, sans-serif; font-weight: 400; color: #7a7a7a;\">Fotos:<br \/>Frank Br\u00fcggemann<\/p>\t\t\t\t\t\t\t\t<\/div>\n\t\t\t\t\t<\/div>\n\t\t<\/div>\n\t\t\t\t<div class=\"penci-ercol-50 penci-ercol-order-2 penci-sticky-ct    elementor-column elementor-col-50 elementor-top-column elementor-element elementor-element-fafdaff\" data-id=\"fafdaff\" data-element_type=\"column\" data-e-type=\"column\">\n\t\t\t<div class=\"elementor-widget-wrap elementor-element-populated\">\n\t\t\t\t\t\t<div class=\"elementor-element elementor-element-0e45181 elementor-widget elementor-widget-image\" data-id=\"0e45181\" data-element_type=\"widget\" data-e-type=\"widget\" data-widget_type=\"image.default\">\n\t\t\t\t\t\t\t\t\t\t\t\t\t\t\t<img decoding=\"async\" width=\"724\" height=\"1024\" src=\"https:\/\/zeichensetzen-online.de\/wp-content\/uploads\/2012\/02\/gehoerlose-menschen-in-der-politik_2012-724x1024.jpg\" class=\"attachment-large size-large wp-image-4106\" alt=\"Geh\u00f6rlose Menschen in der Politik \u2013 na, klar!\" srcset=\"https:\/\/zeichensetzen-online.de\/wp-content\/uploads\/2012\/02\/gehoerlose-menschen-in-der-politik_2012-724x1024.jpg 724w, https:\/\/zeichensetzen-online.de\/wp-content\/uploads\/2012\/02\/gehoerlose-menschen-in-der-politik_2012-212x300.jpg 212w, https:\/\/zeichensetzen-online.de\/wp-content\/uploads\/2012\/02\/gehoerlose-menschen-in-der-politik_2012-768x1086.jpg 768w, https:\/\/zeichensetzen-online.de\/wp-content\/uploads\/2012\/02\/gehoerlose-menschen-in-der-politik_2012-585x827.jpg 585w, https:\/\/zeichensetzen-online.de\/wp-content\/uploads\/2012\/02\/gehoerlose-menschen-in-der-politik_2012.jpg 1000w\" sizes=\"(max-width: 724px) 100vw, 724px\" \/>\t\t\t\t\t\t\t\t\t\t\t\t\t\t\t<\/div>\n\t\t\t\t\t<\/div>\n\t\t<\/div>\n\t\t\t\t\t<\/div>\n\t\t<\/section>\n\t\t\t\t<\/div>\n\t\t","protected":false},"excerpt":{"rendered":"<p>Kofo Essen 13. Juni 2012 Geh\u00f6rlose Menschen in der Politik? Na klar! Referent: Lutz Pepping (Lehramtsanw\u00e4rter, Berlin) Ein spannendes Thema, denn noch vor wenigen Jahrzehnten schien es undenkbar, dass geh\u00f6rlose&hellip;<\/p>\n","protected":false},"author":1,"featured_media":4106,"comment_status":"closed","ping_status":"open","sticky":false,"template":"","format":"standard","meta":{"content-type":"","_lmt_disableupdate":"","_lmt_disable":"","_themeisle_gutenberg_block_has_review":false,"footnotes":""},"categories":[14,91],"tags":[],"class_list":["post-901","post","type-post","status-publish","format-standard","has-post-thumbnail","hentry","category-jahrgang-2012","category-juni-jahrgang-2012"],"aioseo_notices":[],"_links":{"self":[{"href":"https:\/\/zeichensetzen-online.de\/index.php\/wp-json\/wp\/v2\/posts\/901","targetHints":{"allow":["GET"]}}],"collection":[{"href":"https:\/\/zeichensetzen-online.de\/index.php\/wp-json\/wp\/v2\/posts"}],"about":[{"href":"https:\/\/zeichensetzen-online.de\/index.php\/wp-json\/wp\/v2\/types\/post"}],"author":[{"embeddable":true,"href":"https:\/\/zeichensetzen-online.de\/index.php\/wp-json\/wp\/v2\/users\/1"}],"replies":[{"embeddable":true,"href":"https:\/\/zeichensetzen-online.de\/index.php\/wp-json\/wp\/v2\/comments?post=901"}],"version-history":[{"count":23,"href":"https:\/\/zeichensetzen-online.de\/index.php\/wp-json\/wp\/v2\/posts\/901\/revisions"}],"predecessor-version":[{"id":5254,"href":"https:\/\/zeichensetzen-online.de\/index.php\/wp-json\/wp\/v2\/posts\/901\/revisions\/5254"}],"wp:featuredmedia":[{"embeddable":true,"href":"https:\/\/zeichensetzen-online.de\/index.php\/wp-json\/wp\/v2\/media\/4106"}],"wp:attachment":[{"href":"https:\/\/zeichensetzen-online.de\/index.php\/wp-json\/wp\/v2\/media?parent=901"}],"wp:term":[{"taxonomy":"category","embeddable":true,"href":"https:\/\/zeichensetzen-online.de\/index.php\/wp-json\/wp\/v2\/categories?post=901"},{"taxonomy":"post_tag","embeddable":true,"href":"https:\/\/zeichensetzen-online.de\/index.php\/wp-json\/wp\/v2\/tags?post=901"}],"curies":[{"name":"wp","href":"https:\/\/api.w.org\/{rel}","templated":true}]}}