{"id":891,"date":"2012-03-29T19:01:15","date_gmt":"2012-03-29T17:01:15","guid":{"rendered":"https:\/\/zeichensetzen-online.de\/?p=891"},"modified":"2025-03-25T09:24:24","modified_gmt":"2025-03-25T08:24:24","slug":"wir-gehoerlose-und-unsere-geschichte-auf-der-suche-nach-unseren-historischen-wurzeln","status":"publish","type":"post","link":"https:\/\/zeichensetzen-online.de\/index.php\/2012\/03\/29\/wir-gehoerlose-und-unsere-geschichte-auf-der-suche-nach-unseren-historischen-wurzeln\/","title":{"rendered":"Wir Geh\u00f6rlose und unsere Geschichte \u2013 auf der Suche nach unseren historischen Wurzeln"},"content":{"rendered":"\t\t<div data-elementor-type=\"wp-post\" data-elementor-id=\"891\" class=\"elementor elementor-891\">\n\t\t\t\t\t\t<section class=\"penci-section penci-disSticky penci-structure-10 elementor-section elementor-top-section elementor-element elementor-element-c8f1f6a elementor-section-boxed elementor-section-height-default elementor-section-height-default\" data-id=\"c8f1f6a\" data-element_type=\"section\" data-e-type=\"section\">\n\t\t\t\t\t\t<div class=\"elementor-container elementor-column-gap-default\">\n\t\t\t\t\t<div class=\"penci-ercol-100 penci-ercol-order-1 penci-sticky-ct    elementor-column elementor-col-100 elementor-top-column elementor-element elementor-element-6394bc4\" data-id=\"6394bc4\" data-element_type=\"column\" data-e-type=\"column\">\n\t\t\t<div class=\"elementor-widget-wrap elementor-element-populated\">\n\t\t\t\t\t\t<div class=\"elementor-element elementor-element-e27d764 elementor-widget elementor-widget-penci-fancy_heading\" data-id=\"e27d764\" data-element_type=\"widget\" data-e-type=\"widget\" data-widget_type=\"penci-fancy_heading.default\">\n\t\t\t\t<div class=\"elementor-widget-container\">\n\t\t\t\t\t\t\t<div class=\"penci-fancy-heading penci-heading-text-left pc-fctline\">\n\t\t\t<div class=\"penci-fancy-heading-inner\">\n\t\t\t\t<div class=\"penci-heading-subtitle\">Sonder-Kofo Essen 29.03.2012<\/div><h2 class=\"penci-heading-title\"><span class=\"inner-tit\">Wir Geh\u00f6rlose und unsere Geschichte \u2013 auf der Suche nach unseren historischen Wurzeln<\/span><\/h2><div class=\"penci-separator penci-separator- penci-separator-left\"><span class=\"penci-sep_holder penci-sep_holder_l\"><span class=\"penci-sep_line\"><\/span><\/span><span class=\"penci-sep_holder penci-sep_holder_r\"><span class=\"penci-sep_line\"><\/span><\/span><\/div><div class=\"penci-heading-content entry-content\"><p>Referent: Dr. Chrissostomos Papaspyrou<br \/>\n(Linguist, Chemiker und Schulleiter, Athen)<\/p>\n<\/div>\t\t\t<\/div>\n\t\t<\/div>\n\t\t\t\t\t\t<\/div>\n\t\t\t\t<\/div>\n\t\t\t\t\t<\/div>\n\t\t<\/div>\n\t\t\t\t\t<\/div>\n\t\t<\/section>\n\t\t\t\t<section class=\"penci-section penci-disSticky penci-structure-10 elementor-section elementor-top-section elementor-element elementor-element-9278379 elementor-section-boxed elementor-section-height-default elementor-section-height-default\" data-id=\"9278379\" data-element_type=\"section\" data-e-type=\"section\">\n\t\t\t\t\t\t<div class=\"elementor-container elementor-column-gap-default\">\n\t\t\t\t\t<div class=\"penci-ercol-100 penci-ercol-order-1 penci-sticky-ct    elementor-column elementor-col-100 elementor-top-column elementor-element elementor-element-c99d8d1\" data-id=\"c99d8d1\" data-element_type=\"column\" data-e-type=\"column\">\n\t\t\t<div class=\"elementor-widget-wrap elementor-element-populated\">\n\t\t\t\t\t\t<div class=\"elementor-element elementor-element-4ca86de elementor-widget elementor-widget-image\" data-id=\"4ca86de\" data-element_type=\"widget\" data-e-type=\"widget\" data-widget_type=\"image.default\">\n\t\t\t\t\t\t\t\t\t\t\t\t\t\t\t<img fetchpriority=\"high\" decoding=\"async\" width=\"750\" height=\"250\" src=\"https:\/\/zeichensetzen-online.de\/wp-content\/uploads\/2012\/03\/mainphotos230312.jpg\" class=\"attachment-large size-large wp-image-2399\" alt=\"Kofo Geh\u00f6rlose und unsere Geschichte\" srcset=\"https:\/\/zeichensetzen-online.de\/wp-content\/uploads\/2012\/03\/mainphotos230312.jpg 750w, https:\/\/zeichensetzen-online.de\/wp-content\/uploads\/2012\/03\/mainphotos230312-300x100.jpg 300w, https:\/\/zeichensetzen-online.de\/wp-content\/uploads\/2012\/03\/mainphotos230312-585x195.jpg 585w\" sizes=\"(max-width: 750px) 100vw, 750px\" \/>\t\t\t\t\t\t\t\t\t\t\t\t\t\t\t<\/div>\n\t\t\t\t\t<\/div>\n\t\t<\/div>\n\t\t\t\t\t<\/div>\n\t\t<\/section>\n\t\t\t\t<section class=\"penci-section penci-disSticky penci-structure-10 elementor-section elementor-top-section elementor-element elementor-element-bca448b elementor-section-boxed elementor-section-height-default elementor-section-height-default\" data-id=\"bca448b\" data-element_type=\"section\" data-e-type=\"section\">\n\t\t\t\t\t\t<div class=\"elementor-container elementor-column-gap-default\">\n\t\t\t\t\t<div class=\"penci-ercol-100 penci-ercol-order-1 penci-sticky-ct    elementor-column elementor-col-100 elementor-top-column elementor-element elementor-element-b25e8e4\" data-id=\"b25e8e4\" data-element_type=\"column\" data-e-type=\"column\">\n\t\t\t<div class=\"elementor-widget-wrap elementor-element-populated\">\n\t\t\t\t\t\t<div class=\"elementor-element elementor-element-0b00043 elementor-widget elementor-widget-text-editor\" data-id=\"0b00043\" data-element_type=\"widget\" data-e-type=\"widget\" data-widget_type=\"text-editor.default\">\n\t\t\t\t\t\t\t\t\t<p>Nach 7 Jahren konnten wir Chrissostomos Papaspyrou endlich wieder auf der Kofob\u00fchne begr\u00fc\u00dfen. Er brachte ein spannendes Thema mit, f\u00fcr das einige Besucher von weit her anreisten. Nach einer Vorstellung seiner Person begann der Streifzug durch die Geschichte geh\u00f6rloser Menschen mit den antiken Philosophen Platon und Aristoteles, die unterschiedliche Sichtweisen auf geh\u00f6rlose Menschen hatten. Interessant war, dass diese verschiedenen Ansichten bis in die Neuzeit wirkten. Die Ausbreitung der Geb\u00e4rdensprachen, der Beginn schulischer Bildung und die Auswirkungen des Mail\u00e4nder Kongresses bis hin zur Aufhebung dieser Beschl\u00fcsse durch den Kongress von Vancouver 2010 war ein weiterer Schwerpunkt seines Vortrages. Dar\u00fcber hinaus stellte er dem Publikum wichtige Pers\u00f6nlichkeiten Geh\u00f6rloser aus den Bereichen Kultur, Wissenschaft und Politik vor. Chrissostomos betonte, dass es sich hier nur um eine Auswahl handelt. Sie dienen als Beispiel f\u00fcr bisherige herausragende Leistungen. Durch die Anerkennung der Geb\u00e4rdensprachen und der Kultur beginnt eine gro\u00dfe Herausforderung, der sich alle mit Verantwortung und W\u00fcrde stellen k\u00f6nnen.<\/p><p>Es war ein interessanter und &#8211; wie von Chrissostomos gewohnt &#8211; sehr lebendig pr\u00e4sentierter Vortrag, der auf gro\u00dfes Interesse stie\u00df und zu engagierten Diskussionen f\u00fchrte.<\/p><p>Der Referent hat uns seinen Vortrag und f\u00fcr wissenschaftlich Interessierte auch die Quellenangaben zur Verf\u00fcgung gestellt. Die Dateigr\u00f6\u00dfe ist hier stark reduziert, zum Nachlesen aber gut geeignet:<\/p><p>Vortrag Teil 1, Vortrag Teil 2, Quellenangaben<\/p><p>Wer mehr \u00fcber den Referenten erfahren m\u00f6chte: Hier ist eine kurze Darstellung seiner Biografie Zur Person<\/p>\t\t\t\t\t\t\t\t<\/div>\n\t\t\t\t\t<\/div>\n\t\t<\/div>\n\t\t\t\t\t<\/div>\n\t\t<\/section>\n\t\t\t\t<section class=\"penci-section penci-disSticky penci-structure-10 elementor-section elementor-top-section elementor-element elementor-element-8be390c elementor-section-boxed elementor-section-height-default elementor-section-height-default\" data-id=\"8be390c\" data-element_type=\"section\" data-e-type=\"section\">\n\t\t\t\t\t\t<div class=\"elementor-container elementor-column-gap-default\">\n\t\t\t\t\t<div class=\"penci-ercol-100 penci-ercol-order-1 penci-sticky-ct    elementor-column elementor-col-100 elementor-top-column elementor-element elementor-element-50f0378\" data-id=\"50f0378\" data-element_type=\"column\" data-e-type=\"column\">\n\t\t\t<div class=\"elementor-widget-wrap elementor-element-populated\">\n\t\t\t\t\t\t<div class=\"elementor-element elementor-element-be9f743 elementor-widget elementor-widget-image\" data-id=\"be9f743\" data-element_type=\"widget\" data-e-type=\"widget\" data-widget_type=\"image.default\">\n\t\t\t\t\t\t\t\t\t\t\t\t\t\t\t<img decoding=\"async\" width=\"750\" height=\"250\" src=\"https:\/\/zeichensetzen-online.de\/wp-content\/uploads\/2012\/03\/photos230312.jpg\" class=\"attachment-large size-large wp-image-2400\" alt=\"Kofo Geh\u00f6rlose und unsere Geschichte\" srcset=\"https:\/\/zeichensetzen-online.de\/wp-content\/uploads\/2012\/03\/photos230312.jpg 750w, https:\/\/zeichensetzen-online.de\/wp-content\/uploads\/2012\/03\/photos230312-300x100.jpg 300w, https:\/\/zeichensetzen-online.de\/wp-content\/uploads\/2012\/03\/photos230312-585x195.jpg 585w\" sizes=\"(max-width: 750px) 100vw, 750px\" \/>\t\t\t\t\t\t\t\t\t\t\t\t\t\t\t<\/div>\n\t\t\t\t\t<\/div>\n\t\t<\/div>\n\t\t\t\t\t<\/div>\n\t\t<\/section>\n\t\t\t\t<section class=\"penci-section penci-disSticky penci-structure-10 elementor-section elementor-top-section elementor-element elementor-element-e9cd612 elementor-section-boxed elementor-section-height-default elementor-section-height-default\" data-id=\"e9cd612\" data-element_type=\"section\" data-e-type=\"section\">\n\t\t\t\t\t\t<div class=\"elementor-container elementor-column-gap-default\">\n\t\t\t\t\t<div class=\"penci-ercol-100 penci-ercol-order-1 penci-sticky-ct    elementor-column elementor-col-100 elementor-top-column elementor-element elementor-element-bbb261a\" data-id=\"bbb261a\" data-element_type=\"column\" data-e-type=\"column\">\n\t\t\t<div class=\"elementor-widget-wrap elementor-element-populated\">\n\t\t\t\t\t\t<div class=\"elementor-element elementor-element-b22297c elementor-widget elementor-widget-spacer\" data-id=\"b22297c\" data-element_type=\"widget\" data-e-type=\"widget\" data-widget_type=\"spacer.default\">\n\t\t\t\t\t\t\t<div class=\"elementor-spacer\">\n\t\t\t<div class=\"elementor-spacer-inner\"><\/div>\n\t\t<\/div>\n\t\t\t\t\t\t<\/div>\n\t\t\t\t\t<\/div>\n\t\t<\/div>\n\t\t\t\t\t<\/div>\n\t\t<\/section>\n\t\t\t\t<section class=\"penci-section penci-disSticky penci-structure-20 elementor-section elementor-top-section elementor-element elementor-element-6ecb354 elementor-section-boxed elementor-section-height-default elementor-section-height-default\" data-id=\"6ecb354\" data-element_type=\"section\" data-e-type=\"section\">\n\t\t\t\t\t\t<div class=\"elementor-container elementor-column-gap-default\">\n\t\t\t\t\t<div class=\"penci-ercol-50 penci-ercol-order-1 penci-sticky-ct    elementor-column elementor-col-50 elementor-top-column elementor-element elementor-element-bb4d45a\" data-id=\"bb4d45a\" data-element_type=\"column\" data-e-type=\"column\">\n\t\t\t<div class=\"elementor-widget-wrap elementor-element-populated\">\n\t\t\t\t\t\t<div class=\"elementor-element elementor-element-9d7cbe9 elementor-widget elementor-widget-text-editor\" data-id=\"9d7cbe9\" data-element_type=\"widget\" data-e-type=\"widget\" data-widget_type=\"text-editor.default\">\n\t\t\t\t\t\t\t\t\t<p style=\"font-size: 14px; text-align: start; font-family: Roboto, sans-serif; font-weight: 400; color: #7a7a7a;\">Moderation:<br \/>Michael Mees<\/p><p style=\"font-size: 14px; text-align: start; font-family: Roboto, sans-serif; font-weight: 400; color: #7a7a7a;\">Geb\u00e4rdensprachdolmetschen:<br \/>Bastienne Blatz, Sandra Wolfien (<a href=\"https:\/\/skarabee.de\/\" target=\"_blank\" rel=\"noopener\">Skarabee<\/a>)<\/p><p style=\"font-size: 14px; text-align: start; font-family: Roboto, sans-serif; font-weight: 400; color: #7a7a7a;\">Schriftdolmetschen:<br \/>Cornelia Krajewski, Sabine Schl\u00fcss<\/p><p style=\"font-size: 14px; text-align: start; font-family: Roboto, sans-serif; font-weight: 400; color: #7a7a7a;\">Fotos:<br \/>Ingo Langner (<a href=\"http:\/\/www.igraphics.de\/\" target=\"_blank\" rel=\"noopener\">igraphics<\/a>)<\/p>\t\t\t\t\t\t\t\t<\/div>\n\t\t\t\t\t<\/div>\n\t\t<\/div>\n\t\t\t\t<div class=\"penci-ercol-50 penci-ercol-order-2 penci-sticky-ct    elementor-column elementor-col-50 elementor-top-column elementor-element elementor-element-f849d8d\" data-id=\"f849d8d\" data-element_type=\"column\" data-e-type=\"column\">\n\t\t\t<div class=\"elementor-widget-wrap elementor-element-populated\">\n\t\t\t\t\t\t<div class=\"elementor-element elementor-element-3e13040 elementor-widget elementor-widget-image\" data-id=\"3e13040\" data-element_type=\"widget\" data-e-type=\"widget\" data-widget_type=\"image.default\">\n\t\t\t\t\t\t\t\t\t\t\t\t\t\t\t<img decoding=\"async\" width=\"724\" height=\"1024\" src=\"https:\/\/zeichensetzen-online.de\/wp-content\/uploads\/2012\/03\/wir-gehoerlose-und-unsere-geschichte_2012-724x1024.jpg\" class=\"attachment-large size-large wp-image-4134\" alt=\"Wir Geh\u00f6rlose und unsere Geschichte\" srcset=\"https:\/\/zeichensetzen-online.de\/wp-content\/uploads\/2012\/03\/wir-gehoerlose-und-unsere-geschichte_2012-724x1024.jpg 724w, https:\/\/zeichensetzen-online.de\/wp-content\/uploads\/2012\/03\/wir-gehoerlose-und-unsere-geschichte_2012-212x300.jpg 212w, https:\/\/zeichensetzen-online.de\/wp-content\/uploads\/2012\/03\/wir-gehoerlose-und-unsere-geschichte_2012-768x1086.jpg 768w, https:\/\/zeichensetzen-online.de\/wp-content\/uploads\/2012\/03\/wir-gehoerlose-und-unsere-geschichte_2012-585x827.jpg 585w, https:\/\/zeichensetzen-online.de\/wp-content\/uploads\/2012\/03\/wir-gehoerlose-und-unsere-geschichte_2012.jpg 1000w\" sizes=\"(max-width: 724px) 100vw, 724px\" \/>\t\t\t\t\t\t\t\t\t\t\t\t\t\t\t<\/div>\n\t\t\t\t\t<\/div>\n\t\t<\/div>\n\t\t\t\t\t<\/div>\n\t\t<\/section>\n\t\t\t\t<\/div>\n\t\t","protected":false},"excerpt":{"rendered":"<p>Sonder-Kofo Essen 29.03.2012 Wir Geh\u00f6rlose und unsere Geschichte \u2013 auf der Suche nach unseren historischen Wurzeln Referent: Dr. Chrissostomos Papaspyrou (Linguist, Chemiker und Schulleiter, Athen) Nach 7 Jahren konnten wir&hellip;<\/p>\n","protected":false},"author":1,"featured_media":4134,"comment_status":"closed","ping_status":"open","sticky":false,"template":"","format":"standard","meta":{"content-type":"","_lmt_disableupdate":"","_lmt_disable":"","_themeisle_gutenberg_block_has_review":false,"footnotes":""},"categories":[14,89],"tags":[],"class_list":["post-891","post","type-post","status-publish","format-standard","has-post-thumbnail","hentry","category-jahrgang-2012","category-maerz-jahrgang-2012"],"aioseo_notices":[],"_links":{"self":[{"href":"https:\/\/zeichensetzen-online.de\/index.php\/wp-json\/wp\/v2\/posts\/891","targetHints":{"allow":["GET"]}}],"collection":[{"href":"https:\/\/zeichensetzen-online.de\/index.php\/wp-json\/wp\/v2\/posts"}],"about":[{"href":"https:\/\/zeichensetzen-online.de\/index.php\/wp-json\/wp\/v2\/types\/post"}],"author":[{"embeddable":true,"href":"https:\/\/zeichensetzen-online.de\/index.php\/wp-json\/wp\/v2\/users\/1"}],"replies":[{"embeddable":true,"href":"https:\/\/zeichensetzen-online.de\/index.php\/wp-json\/wp\/v2\/comments?post=891"}],"version-history":[{"count":20,"href":"https:\/\/zeichensetzen-online.de\/index.php\/wp-json\/wp\/v2\/posts\/891\/revisions"}],"predecessor-version":[{"id":5260,"href":"https:\/\/zeichensetzen-online.de\/index.php\/wp-json\/wp\/v2\/posts\/891\/revisions\/5260"}],"wp:featuredmedia":[{"embeddable":true,"href":"https:\/\/zeichensetzen-online.de\/index.php\/wp-json\/wp\/v2\/media\/4134"}],"wp:attachment":[{"href":"https:\/\/zeichensetzen-online.de\/index.php\/wp-json\/wp\/v2\/media?parent=891"}],"wp:term":[{"taxonomy":"category","embeddable":true,"href":"https:\/\/zeichensetzen-online.de\/index.php\/wp-json\/wp\/v2\/categories?post=891"},{"taxonomy":"post_tag","embeddable":true,"href":"https:\/\/zeichensetzen-online.de\/index.php\/wp-json\/wp\/v2\/tags?post=891"}],"curies":[{"name":"wp","href":"https:\/\/api.w.org\/{rel}","templated":true}]}}