{"id":624,"date":"2007-09-12T12:30:54","date_gmt":"2007-09-12T10:30:54","guid":{"rendered":"https:\/\/zeichensetzen-online.de\/?p=624"},"modified":"2023-04-30T22:21:57","modified_gmt":"2023-04-30T20:21:57","slug":"bericht-vom-15-weltkongress-der-gehoerlosen-in-madrid","status":"publish","type":"post","link":"https:\/\/zeichensetzen-online.de\/index.php\/2007\/09\/12\/bericht-vom-15-weltkongress-der-gehoerlosen-in-madrid\/","title":{"rendered":"Bericht vom 15. Weltkongress der Geh\u00f6rlosen in Madrid"},"content":{"rendered":"\t\t<div data-elementor-type=\"wp-post\" data-elementor-id=\"624\" class=\"elementor elementor-624\">\n\t\t\t\t\t\t<section class=\"penci-section penci-disSticky penci-structure-10 elementor-section elementor-top-section elementor-element elementor-element-a54482e elementor-section-boxed elementor-section-height-default elementor-section-height-default\" data-id=\"a54482e\" data-element_type=\"section\" data-e-type=\"section\">\n\t\t\t\t\t\t<div class=\"elementor-container elementor-column-gap-default\">\n\t\t\t\t\t<div class=\"penci-ercol-100 penci-ercol-order-1 penci-sticky-ct    elementor-column elementor-col-100 elementor-top-column elementor-element elementor-element-1bb6f6d\" data-id=\"1bb6f6d\" data-element_type=\"column\" data-e-type=\"column\">\n\t\t\t<div class=\"elementor-widget-wrap elementor-element-populated\">\n\t\t\t\t\t\t<div class=\"elementor-element elementor-element-badca3f elementor-widget elementor-widget-penci-fancy_heading\" data-id=\"badca3f\" data-element_type=\"widget\" data-e-type=\"widget\" data-widget_type=\"penci-fancy_heading.default\">\n\t\t\t\t<div class=\"elementor-widget-container\">\n\t\t\t\t\t\t\t<div class=\"penci-fancy-heading penci-heading-text-left pc-fctline\">\n\t\t\t<div class=\"penci-fancy-heading-inner\">\n\t\t\t\t<div class=\"penci-heading-subtitle\">Kofo Essen 12.09.2007<\/div><h2 class=\"penci-heading-title\"><span class=\"inner-tit\">Bericht vom 15. Weltkongress\nder Geh\u00f6rlosen in Madrid<\/span><\/h2><div class=\"penci-separator penci-separator- penci-separator-left\"><span class=\"penci-sep_holder penci-sep_holder_l\"><span class=\"penci-sep_line\"><\/span><\/span><span class=\"penci-sep_holder penci-sep_holder_r\"><span class=\"penci-sep_line\"><\/span><\/span><\/div><div class=\"penci-heading-content entry-content\"><p>Referent: Kilian Knoerzer<\/p>\n<\/div>\t\t\t<\/div>\n\t\t<\/div>\n\t\t\t\t\t\t<\/div>\n\t\t\t\t<\/div>\n\t\t\t\t\t<\/div>\n\t\t<\/div>\n\t\t\t\t\t<\/div>\n\t\t<\/section>\n\t\t\t\t<section class=\"penci-section penci-disSticky penci-structure-10 elementor-section elementor-top-section elementor-element elementor-element-1d184d1 elementor-section-boxed elementor-section-height-default elementor-section-height-default\" data-id=\"1d184d1\" data-element_type=\"section\" data-e-type=\"section\">\n\t\t\t\t\t\t<div class=\"elementor-container elementor-column-gap-default\">\n\t\t\t\t\t<div class=\"penci-ercol-100 penci-ercol-order-1 penci-sticky-ct    elementor-column elementor-col-100 elementor-top-column elementor-element elementor-element-f300faf\" data-id=\"f300faf\" data-element_type=\"column\" data-e-type=\"column\">\n\t\t\t<div class=\"elementor-widget-wrap elementor-element-populated\">\n\t\t\t\t\t\t<div class=\"elementor-element elementor-element-c45957f elementor-widget elementor-widget-image\" data-id=\"c45957f\" data-element_type=\"widget\" data-e-type=\"widget\" data-widget_type=\"image.default\">\n\t\t\t\t\t\t\t\t\t\t\t\t\t\t\t<img fetchpriority=\"high\" decoding=\"async\" width=\"750\" height=\"250\" src=\"https:\/\/zeichensetzen-online.de\/wp-content\/uploads\/2007\/09\/mainphotos120907.jpg\" class=\"attachment-large size-large wp-image-2580\" alt=\"Kofo 15. Weltkongress der Geh\u00f6rlosen in Madrid\" srcset=\"https:\/\/zeichensetzen-online.de\/wp-content\/uploads\/2007\/09\/mainphotos120907.jpg 750w, https:\/\/zeichensetzen-online.de\/wp-content\/uploads\/2007\/09\/mainphotos120907-300x100.jpg 300w, https:\/\/zeichensetzen-online.de\/wp-content\/uploads\/2007\/09\/mainphotos120907-585x195.jpg 585w\" sizes=\"(max-width: 750px) 100vw, 750px\" \/>\t\t\t\t\t\t\t\t\t\t\t\t\t\t\t<\/div>\n\t\t\t\t\t<\/div>\n\t\t<\/div>\n\t\t\t\t\t<\/div>\n\t\t<\/section>\n\t\t\t\t<section class=\"penci-section penci-disSticky penci-structure-10 elementor-section elementor-top-section elementor-element elementor-element-1bfa914 elementor-section-boxed elementor-section-height-default elementor-section-height-default\" data-id=\"1bfa914\" data-element_type=\"section\" data-e-type=\"section\">\n\t\t\t\t\t\t<div class=\"elementor-container elementor-column-gap-default\">\n\t\t\t\t\t<div class=\"penci-ercol-100 penci-ercol-order-1 penci-sticky-ct    elementor-column elementor-col-100 elementor-top-column elementor-element elementor-element-864b738\" data-id=\"864b738\" data-element_type=\"column\" data-e-type=\"column\">\n\t\t\t<div class=\"elementor-widget-wrap elementor-element-populated\">\n\t\t\t\t\t\t<div class=\"elementor-element elementor-element-4437158 elementor-widget elementor-widget-text-editor\" data-id=\"4437158\" data-element_type=\"widget\" data-e-type=\"widget\" data-widget_type=\"text-editor.default\">\n\t\t\t\t\t\t\t\t\t<p>Vom 22. &#8211; 26. Juli 2007 fand der 15. Weltkongress des WFD (World Federation of the Deaf) in Madrid statt. Ca. 3000 geh\u00f6rlose und h\u00f6rende Teilnehmerinnen aus aller Welt besuchten \u00fcber 150 Vortr\u00e4ge, Diskussionsveranstaltungen, Film- und Theaterauff\u00fchrungen. Themenschwerpunkt des Kongresses waren &#8220;human rights for deaf people&#8221; (Menschenrechte f\u00fcr Geh\u00f6rlose).<\/p><p>\u00dcber diese hochinteressante Veranstaltung berichtete Kilian Knoerzer in einem lebendigen Vortrag, auf dem er auch eigene Filmberichte zeigte.<\/p><p>Hier ist der Bericht mit Linktipps!<\/p>\t\t\t\t\t\t\t\t<\/div>\n\t\t\t\t\t<\/div>\n\t\t<\/div>\n\t\t\t\t\t<\/div>\n\t\t<\/section>\n\t\t\t\t<section class=\"penci-section penci-disSticky penci-structure-10 elementor-section elementor-top-section elementor-element elementor-element-4a48b49 elementor-section-boxed elementor-section-height-default elementor-section-height-default\" data-id=\"4a48b49\" data-element_type=\"section\" data-e-type=\"section\">\n\t\t\t\t\t\t<div class=\"elementor-container elementor-column-gap-default\">\n\t\t\t\t\t<div class=\"penci-ercol-100 penci-ercol-order-1 penci-sticky-ct    elementor-column elementor-col-100 elementor-top-column elementor-element elementor-element-8e96b19\" data-id=\"8e96b19\" data-element_type=\"column\" data-e-type=\"column\">\n\t\t\t<div class=\"elementor-widget-wrap elementor-element-populated\">\n\t\t\t\t\t\t<div class=\"elementor-element elementor-element-88ddeb1 elementor-widget elementor-widget-image\" data-id=\"88ddeb1\" data-element_type=\"widget\" data-e-type=\"widget\" data-widget_type=\"image.default\">\n\t\t\t\t\t\t\t\t\t\t\t\t\t\t\t<img decoding=\"async\" width=\"750\" height=\"250\" src=\"https:\/\/zeichensetzen-online.de\/wp-content\/uploads\/2007\/09\/photos120907.jpg\" class=\"attachment-large size-large wp-image-2581\" alt=\"Kofo 15. Weltkongress der Geh\u00f6rlosen in Madrid\" srcset=\"https:\/\/zeichensetzen-online.de\/wp-content\/uploads\/2007\/09\/photos120907.jpg 750w, https:\/\/zeichensetzen-online.de\/wp-content\/uploads\/2007\/09\/photos120907-300x100.jpg 300w, https:\/\/zeichensetzen-online.de\/wp-content\/uploads\/2007\/09\/photos120907-585x195.jpg 585w\" sizes=\"(max-width: 750px) 100vw, 750px\" \/>\t\t\t\t\t\t\t\t\t\t\t\t\t\t\t<\/div>\n\t\t\t\t\t<\/div>\n\t\t<\/div>\n\t\t\t\t\t<\/div>\n\t\t<\/section>\n\t\t\t\t<section class=\"penci-section penci-disSticky penci-structure-10 elementor-section elementor-top-section elementor-element elementor-element-90d86bc elementor-section-boxed elementor-section-height-default elementor-section-height-default\" data-id=\"90d86bc\" data-element_type=\"section\" data-e-type=\"section\">\n\t\t\t\t\t\t<div class=\"elementor-container elementor-column-gap-default\">\n\t\t\t\t\t<div class=\"penci-ercol-100 penci-ercol-order-1 penci-sticky-ct    elementor-column elementor-col-100 elementor-top-column elementor-element elementor-element-083dc75\" data-id=\"083dc75\" data-element_type=\"column\" data-e-type=\"column\">\n\t\t\t<div class=\"elementor-widget-wrap elementor-element-populated\">\n\t\t\t\t\t\t<div class=\"elementor-element elementor-element-5ed9df4 elementor-widget elementor-widget-text-editor\" data-id=\"5ed9df4\" data-element_type=\"widget\" data-e-type=\"widget\" data-widget_type=\"text-editor.default\">\n\t\t\t\t\t\t\t\t\t<p>Moderation:<br \/>Winny Stenner<br \/><br \/>Geb\u00e4rdensprachdolmetschen:<br \/>Bastienne Rehe, Maggie Meisen-Jela\u0161 (Skarabee)<br \/><br \/>Schriftdolmetschen:<br \/>Gisela Kaul, Cornelia Krajewski<br \/><br \/>Fotos:<br \/>Ingo Langner<\/p>\t\t\t\t\t\t\t\t<\/div>\n\t\t\t\t\t<\/div>\n\t\t<\/div>\n\t\t\t\t\t<\/div>\n\t\t<\/section>\n\t\t\t\t<\/div>\n\t\t","protected":false},"excerpt":{"rendered":"<p>Kofo Essen 12.09.2007 Bericht vom 15. Weltkongress der Geh\u00f6rlosen in Madrid Referent: Kilian Knoerzer Vom 22. &#8211; 26. Juli 2007 fand der 15. Weltkongress des WFD (World Federation of the&hellip;<\/p>\n","protected":false},"author":1,"featured_media":0,"comment_status":"closed","ping_status":"open","sticky":false,"template":"","format":"standard","meta":{"content-type":"","_lmt_disableupdate":"","_lmt_disable":"","_themeisle_gutenberg_block_has_review":false,"footnotes":""},"categories":[9,129],"tags":[],"class_list":["post-624","post","type-post","status-publish","format-standard","hentry","category-jahrgang-2007","category-september-jahrgang-2007"],"aioseo_notices":[],"_links":{"self":[{"href":"https:\/\/zeichensetzen-online.de\/index.php\/wp-json\/wp\/v2\/posts\/624","targetHints":{"allow":["GET"]}}],"collection":[{"href":"https:\/\/zeichensetzen-online.de\/index.php\/wp-json\/wp\/v2\/posts"}],"about":[{"href":"https:\/\/zeichensetzen-online.de\/index.php\/wp-json\/wp\/v2\/types\/post"}],"author":[{"embeddable":true,"href":"https:\/\/zeichensetzen-online.de\/index.php\/wp-json\/wp\/v2\/users\/1"}],"replies":[{"embeddable":true,"href":"https:\/\/zeichensetzen-online.de\/index.php\/wp-json\/wp\/v2\/comments?post=624"}],"version-history":[{"count":17,"href":"https:\/\/zeichensetzen-online.de\/index.php\/wp-json\/wp\/v2\/posts\/624\/revisions"}],"predecessor-version":[{"id":3951,"href":"https:\/\/zeichensetzen-online.de\/index.php\/wp-json\/wp\/v2\/posts\/624\/revisions\/3951"}],"wp:attachment":[{"href":"https:\/\/zeichensetzen-online.de\/index.php\/wp-json\/wp\/v2\/media?parent=624"}],"wp:term":[{"taxonomy":"category","embeddable":true,"href":"https:\/\/zeichensetzen-online.de\/index.php\/wp-json\/wp\/v2\/categories?post=624"},{"taxonomy":"post_tag","embeddable":true,"href":"https:\/\/zeichensetzen-online.de\/index.php\/wp-json\/wp\/v2\/tags?post=624"}],"curies":[{"name":"wp","href":"https:\/\/api.w.org\/{rel}","templated":true}]}}