{"id":595,"date":"2007-03-14T12:17:40","date_gmt":"2007-03-14T11:17:40","guid":{"rendered":"https:\/\/zeichensetzen-online.de\/?p=595"},"modified":"2025-03-30T10:51:59","modified_gmt":"2025-03-30T08:51:59","slug":"gehoerlose-im-nationalsozialismus","status":"publish","type":"post","link":"https:\/\/zeichensetzen-online.de\/index.php\/2007\/03\/14\/gehoerlose-im-nationalsozialismus\/","title":{"rendered":"Geh\u00f6rlose im Nationalsozialismus"},"content":{"rendered":"\t\t<div data-elementor-type=\"wp-post\" data-elementor-id=\"595\" class=\"elementor elementor-595\">\n\t\t\t\t\t\t<section class=\"penci-section penci-disSticky penci-structure-10 elementor-section elementor-top-section elementor-element elementor-element-9c4bcf3 elementor-section-boxed elementor-section-height-default elementor-section-height-default\" data-id=\"9c4bcf3\" data-element_type=\"section\" data-e-type=\"section\">\n\t\t\t\t\t\t<div class=\"elementor-container elementor-column-gap-default\">\n\t\t\t\t\t<div class=\"penci-ercol-100 penci-ercol-order-1 penci-sticky-ct    elementor-column elementor-col-100 elementor-top-column elementor-element elementor-element-e2f39f2\" data-id=\"e2f39f2\" data-element_type=\"column\" data-e-type=\"column\">\n\t\t\t<div class=\"elementor-widget-wrap elementor-element-populated\">\n\t\t\t\t\t\t<div class=\"elementor-element elementor-element-e3b9b11 elementor-widget elementor-widget-penci-fancy_heading\" data-id=\"e3b9b11\" data-element_type=\"widget\" data-e-type=\"widget\" data-widget_type=\"penci-fancy_heading.default\">\n\t\t\t\t<div class=\"elementor-widget-container\">\n\t\t\t\t\t\t\t<div class=\"penci-fancy-heading penci-heading-text-left pc-fctline\">\n\t\t\t<div class=\"penci-fancy-heading-inner\">\n\t\t\t\t<div class=\"penci-heading-subtitle\">Kofo Essen 14.03.2007<\/div><h2 class=\"penci-heading-title\"><span class=\"inner-tit\">Geh\u00f6rlose im Nationalsozialismus<\/span><\/h2><div class=\"penci-separator penci-separator- penci-separator-left\"><span class=\"penci-sep_holder penci-sep_holder_l\"><span class=\"penci-sep_line\"><\/span><\/span><span class=\"penci-sep_holder penci-sep_holder_r\"><span class=\"penci-sep_line\"><\/span><\/span><\/div><div class=\"penci-heading-content entry-content\"><p>Referent: Lothar Scharf<\/p>\n<\/div>\t\t\t<\/div>\n\t\t<\/div>\n\t\t\t\t\t\t<\/div>\n\t\t\t\t<\/div>\n\t\t\t\t\t<\/div>\n\t\t<\/div>\n\t\t\t\t\t<\/div>\n\t\t<\/section>\n\t\t\t\t<section class=\"penci-section penci-disSticky penci-structure-10 elementor-section elementor-top-section elementor-element elementor-element-463b7e4 elementor-section-boxed elementor-section-height-default elementor-section-height-default\" data-id=\"463b7e4\" data-element_type=\"section\" data-e-type=\"section\">\n\t\t\t\t\t\t<div class=\"elementor-container elementor-column-gap-default\">\n\t\t\t\t\t<div class=\"penci-ercol-100 penci-ercol-order-1 penci-sticky-ct    elementor-column elementor-col-100 elementor-top-column elementor-element elementor-element-db2009c\" data-id=\"db2009c\" data-element_type=\"column\" data-e-type=\"column\">\n\t\t\t<div class=\"elementor-widget-wrap elementor-element-populated\">\n\t\t\t\t\t\t<div class=\"elementor-element elementor-element-e25158c elementor-widget elementor-widget-text-editor\" data-id=\"e25158c\" data-element_type=\"widget\" data-e-type=\"widget\" data-widget_type=\"text-editor.default\">\n\t\t\t\t\t\t\t\t\t<p>\u00dcber 200 Besucher dr\u00e4ngten sich in die Mensa des Internates: Neben zahlreichen Jugendlichen konnten wir auch viele Senioren, darunter einige hochbetagte G\u00e4ste wie Friedrich Waldow und Hermann Drese begr\u00fc\u00dfen. Auch Fridolin Wasserkampf war mit seiner Frau erschienen und stellte sich als Zeitzeuge in der Diskussion zur Verf\u00fcgung.<br \/>Viele haben die Gelegenheit genutzt und vorher die Ausstellung \u201eGeh\u00f6rlose im Dritten Reich\u201c im Foyer des Berufskollegs besucht.<\/p><p>Moderation: Benedikt Feldmann Geb\u00e4rdensprachdolmetschen: Bastienne Rehe, Urte Hempel (Skarabee) Schriftdolmetschen: Gisela Kaul, Cornelia Krajewski; Fotos: Ingo Langner<\/p><p>Hier ist der ausf\u00fchrliche Bericht!<\/p>\t\t\t\t\t\t\t\t<\/div>\n\t\t\t\t\t<\/div>\n\t\t<\/div>\n\t\t\t\t\t<\/div>\n\t\t<\/section>\n\t\t\t\t<section class=\"penci-section penci-disSticky penci-structure-10 elementor-section elementor-top-section elementor-element elementor-element-b56a6bc elementor-section-boxed elementor-section-height-default elementor-section-height-default\" data-id=\"b56a6bc\" data-element_type=\"section\" data-e-type=\"section\">\n\t\t\t\t\t\t<div class=\"elementor-container elementor-column-gap-default\">\n\t\t\t\t\t<div class=\"penci-ercol-100 penci-ercol-order-1 penci-sticky-ct    elementor-column elementor-col-100 elementor-top-column elementor-element elementor-element-f31455d\" data-id=\"f31455d\" data-element_type=\"column\" data-e-type=\"column\">\n\t\t\t<div class=\"elementor-widget-wrap elementor-element-populated\">\n\t\t\t\t\t\t<div class=\"elementor-element elementor-element-a81c342 elementor-widget elementor-widget-gallery\" data-id=\"a81c342\" data-element_type=\"widget\" data-e-type=\"widget\" data-widget_type=\"gallery.default\">\n\t\t\t\t<div class=\"elementor-widget-container\">\n\t\t\t\t\t \t\t\t\t<\/div>\n\t\t\t\t<\/div>\n\t\t\t\t\t<\/div>\n\t\t<\/div>\n\t\t\t\t\t<\/div>\n\t\t<\/section>\n\t\t\t\t<\/div>\n\t\t","protected":false},"excerpt":{"rendered":"<p>Kofo Essen 14.03.2007 Geh\u00f6rlose im Nationalsozialismus Referent: Lothar Scharf \u00dcber 200 Besucher dr\u00e4ngten sich in die Mensa des Internates: Neben zahlreichen Jugendlichen konnten wir auch viele Senioren, darunter einige hochbetagte&hellip;<\/p>\n","protected":false},"author":1,"featured_media":0,"comment_status":"closed","ping_status":"open","sticky":false,"template":"","format":"standard","meta":{"content-type":"","_lmt_disableupdate":"","_lmt_disable":"","_themeisle_gutenberg_block_has_review":false,"footnotes":""},"categories":[9,126],"tags":[],"class_list":["post-595","post","type-post","status-publish","format-standard","hentry","category-jahrgang-2007","category-maerz-jahrgang-2007"],"aioseo_notices":[],"_links":{"self":[{"href":"https:\/\/zeichensetzen-online.de\/index.php\/wp-json\/wp\/v2\/posts\/595","targetHints":{"allow":["GET"]}}],"collection":[{"href":"https:\/\/zeichensetzen-online.de\/index.php\/wp-json\/wp\/v2\/posts"}],"about":[{"href":"https:\/\/zeichensetzen-online.de\/index.php\/wp-json\/wp\/v2\/types\/post"}],"author":[{"embeddable":true,"href":"https:\/\/zeichensetzen-online.de\/index.php\/wp-json\/wp\/v2\/users\/1"}],"replies":[{"embeddable":true,"href":"https:\/\/zeichensetzen-online.de\/index.php\/wp-json\/wp\/v2\/comments?post=595"}],"version-history":[{"count":15,"href":"https:\/\/zeichensetzen-online.de\/index.php\/wp-json\/wp\/v2\/posts\/595\/revisions"}],"predecessor-version":[{"id":5352,"href":"https:\/\/zeichensetzen-online.de\/index.php\/wp-json\/wp\/v2\/posts\/595\/revisions\/5352"}],"wp:attachment":[{"href":"https:\/\/zeichensetzen-online.de\/index.php\/wp-json\/wp\/v2\/media?parent=595"}],"wp:term":[{"taxonomy":"category","embeddable":true,"href":"https:\/\/zeichensetzen-online.de\/index.php\/wp-json\/wp\/v2\/categories?post=595"},{"taxonomy":"post_tag","embeddable":true,"href":"https:\/\/zeichensetzen-online.de\/index.php\/wp-json\/wp\/v2\/tags?post=595"}],"curies":[{"name":"wp","href":"https:\/\/api.w.org\/{rel}","templated":true}]}}