{"id":43,"date":"2001-09-12T01:00:59","date_gmt":"2001-09-11T23:00:59","guid":{"rendered":"https:\/\/zeichensetzen-online.de\/?p=43"},"modified":"2023-04-30T22:31:40","modified_gmt":"2023-04-30T20:31:40","slug":"zur-aktuellen-politischen-situation-der-hoergeschaedigten","status":"publish","type":"post","link":"https:\/\/zeichensetzen-online.de\/index.php\/2001\/09\/12\/zur-aktuellen-politischen-situation-der-hoergeschaedigten\/","title":{"rendered":"Zur aktuellen politischen Situation der H\u00f6rgesch\u00e4digten"},"content":{"rendered":"\t\t<div data-elementor-type=\"wp-post\" data-elementor-id=\"43\" class=\"elementor elementor-43\">\n\t\t\t\t\t\t<section class=\"penci-section penci-disSticky penci-structure-10 elementor-section elementor-top-section elementor-element elementor-element-5fcb633 elementor-section-boxed elementor-section-height-default elementor-section-height-default\" data-id=\"5fcb633\" data-element_type=\"section\" data-e-type=\"section\">\n\t\t\t\t\t\t<div class=\"elementor-container elementor-column-gap-default\">\n\t\t\t\t\t<div class=\"penci-ercol-100 penci-ercol-order-1 penci-sticky-ct    elementor-column elementor-col-100 elementor-top-column elementor-element elementor-element-52242cd\" data-id=\"52242cd\" data-element_type=\"column\" data-e-type=\"column\">\n\t\t\t<div class=\"elementor-widget-wrap elementor-element-populated\">\n\t\t\t\t\t\t<div class=\"elementor-element elementor-element-313f497 elementor-widget elementor-widget-penci-fancy_heading\" data-id=\"313f497\" data-element_type=\"widget\" data-e-type=\"widget\" data-widget_type=\"penci-fancy_heading.default\">\n\t\t\t\t<div class=\"elementor-widget-container\">\n\t\t\t\t\t\t\t<div class=\"penci-fancy-heading penci-heading-text-left\">\n\t\t\t<div class=\"penci-fancy-heading-inner\">\n\t\t\t\t<div class=\"penci-heading-subtitle\">KOFO Essen, 12. September 2001<\/div><h2 class=\"penci-heading-title\"><span class=\"inner-tit\">Zur aktuellen politischen Situation der H\u00f6rgesch\u00e4digten<\/span><\/h2><div class=\"penci-separator penci-separator- penci-separator-left\"><span class=\"penci-sep_holder penci-sep_holder_l\"><span class=\"penci-sep_line\"><\/span><\/span><span class=\"penci-sep_holder penci-sep_holder_r\"><span class=\"penci-sep_line\"><\/span><\/span><\/div><div class=\"penci-heading-content entry-content\"><p>Referent: Dr. Ulrich Hase<br \/>\n(Vorsitzender der Deutschen Gesellschaft zur F\u00f6rderung der Geh\u00f6rlosen und Schwerh\u00f6rigen)<\/p>\n<p>Gute Informationen zur rechtlichen Situation - mit Diskussionsforum:<br \/>\nhttp:\/\/www.deutsche-gesellschaft.de\/<\/p>\n<\/div>\t\t\t<\/div>\n\t\t<\/div>\n\t\t\t\t\t\t<\/div>\n\t\t\t\t<\/div>\n\t\t\t\t\t<\/div>\n\t\t<\/div>\n\t\t\t\t\t<\/div>\n\t\t<\/section>\n\t\t\t\t<section class=\"penci-section penci-disSticky penci-structure-10 elementor-section elementor-top-section elementor-element elementor-element-22630ef elementor-section-boxed elementor-section-height-default elementor-section-height-default\" data-id=\"22630ef\" data-element_type=\"section\" data-e-type=\"section\">\n\t\t\t\t\t\t<div class=\"elementor-container elementor-column-gap-default\">\n\t\t\t\t\t<div class=\"penci-ercol-100 penci-ercol-order-1 penci-sticky-ct    elementor-column elementor-col-100 elementor-top-column elementor-element elementor-element-d9b3263\" data-id=\"d9b3263\" data-element_type=\"column\" data-e-type=\"column\">\n\t\t\t<div class=\"elementor-widget-wrap elementor-element-populated\">\n\t\t\t\t\t\t<div class=\"elementor-element elementor-element-94dd9fc elementor-widget elementor-widget-spacer\" data-id=\"94dd9fc\" data-element_type=\"widget\" data-e-type=\"widget\" data-widget_type=\"spacer.default\">\n\t\t\t\t\t\t\t<div class=\"elementor-spacer\">\n\t\t\t<div class=\"elementor-spacer-inner\"><\/div>\n\t\t<\/div>\n\t\t\t\t\t\t<\/div>\n\t\t\t\t\t<\/div>\n\t\t<\/div>\n\t\t\t\t\t<\/div>\n\t\t<\/section>\n\t\t\t\t<section class=\"penci-section penci-disSticky penci-structure-10 elementor-section elementor-top-section elementor-element elementor-element-763b69b elementor-section-boxed elementor-section-height-default elementor-section-height-default\" data-id=\"763b69b\" data-element_type=\"section\" data-e-type=\"section\">\n\t\t\t\t\t\t<div class=\"elementor-container elementor-column-gap-default\">\n\t\t\t\t\t<div class=\"penci-ercol-100 penci-ercol-order-1 penci-sticky-ct    elementor-column elementor-col-100 elementor-top-column elementor-element elementor-element-c1bda8c\" data-id=\"c1bda8c\" data-element_type=\"column\" data-e-type=\"column\">\n\t\t\t<div class=\"elementor-widget-wrap elementor-element-populated\">\n\t\t\t\t\t\t<div class=\"elementor-element elementor-element-dcc9591 elementor-widget elementor-widget-text-editor\" data-id=\"dcc9591\" data-element_type=\"widget\" data-e-type=\"widget\" data-widget_type=\"text-editor.default\">\n\t\t\t\t\t\t\t\t\t<p>\u201eTotgesagte leben l\u00e4nger!\u201c \u2013 Dieser Spruch hat sich f\u00fcr das Kommunikationsforum Essen nicht zum ersten Mal bewahrheitet. Bevor nach einer neun Monate langen Pause am 12. September quasi die Wiedergeburt des Kofos stattfinden konnte, hatte schon manch b\u00f6se Zunge behauptet, das Kofo-Sterben in Deutschland h\u00e4tte nun auch vor Essen nicht halt gemacht. Weit gefehlt \u2013 manchmal braucht man einfach eine kreative Pause, um neue Ideen zu entwickeln und Altbew\u00e4hrtes noch attraktiver zu machen. Und manchmal fehlt einfach das Geld zum Weitermachen. In Essen kamen beide Punkte zusammen und machten eine Pause unumg\u00e4nglich. Da\u00df es f\u00fcr den Totengr\u00e4ber aber noch lange keine Arbeit gibt, zeigte sich bei der Wiederer\u00f6ffnung, f\u00fcr die das Kofo-Team sich gleich ein besonderes Leckerli hatte einfallen lassen.<\/p>\t\t\t\t\t\t\t\t<\/div>\n\t\t\t\t\t<\/div>\n\t\t<\/div>\n\t\t\t\t\t<\/div>\n\t\t<\/section>\n\t\t\t\t<section class=\"penci-section penci-disSticky penci-structure-21 elementor-section elementor-top-section elementor-element elementor-element-756ccdf elementor-section-boxed elementor-section-height-default elementor-section-height-default\" data-id=\"756ccdf\" data-element_type=\"section\" data-e-type=\"section\">\n\t\t\t\t\t\t<div class=\"elementor-container elementor-column-gap-default\">\n\t\t\t\t\t<div class=\"penci-ercol-33 penci-ercol-order-1 penci-sticky-sb penci-sidebarSC   elementor-column elementor-col-33 elementor-top-column elementor-element elementor-element-7ff1b4d\" data-id=\"7ff1b4d\" data-element_type=\"column\" data-e-type=\"column\">\n\t\t\t<div class=\"elementor-widget-wrap elementor-element-populated\">\n\t\t\t\t\t\t<div class=\"elementor-element elementor-element-02b3d06 elementor-widget elementor-widget-image\" data-id=\"02b3d06\" data-element_type=\"widget\" data-e-type=\"widget\" data-widget_type=\"image.default\">\n\t\t\t\t\t\t\t\t\t\t\t\t<figure class=\"wp-caption\">\n\t\t\t\t\t\t\t\t\t\t<img fetchpriority=\"high\" decoding=\"async\" width=\"340\" height=\"454\" src=\"https:\/\/zeichensetzen-online.de\/wp-content\/uploads\/2023\/03\/kofo_12_09_02.jpg\" class=\"attachment-large size-large wp-image-50\" alt=\"Winnie Stenner\" srcset=\"https:\/\/zeichensetzen-online.de\/wp-content\/uploads\/2023\/03\/kofo_12_09_02.jpg 340w, https:\/\/zeichensetzen-online.de\/wp-content\/uploads\/2023\/03\/kofo_12_09_02-225x300.jpg 225w\" sizes=\"(max-width: 340px) 100vw, 340px\" \/>\t\t\t\t\t\t\t\t\t\t\t<figcaption class=\"widget-image-caption wp-caption-text\">Winny Stenner begr\u00fc\u00dft die Zuschauer zum ersten Kofo in diesem Jahr<\/figcaption>\n\t\t\t\t\t\t\t\t\t\t<\/figure>\n\t\t\t\t\t\t\t\t\t<\/div>\n\t\t\t\t\t<\/div>\n\t\t<\/div>\n\t\t\t\t<div class=\"penci-ercol-66 penci-ercol-order-2 penci-sticky-ct    elementor-column elementor-col-66 elementor-top-column elementor-element elementor-element-21f6aee\" data-id=\"21f6aee\" data-element_type=\"column\" data-e-type=\"column\">\n\t\t\t<div class=\"elementor-widget-wrap elementor-element-populated\">\n\t\t\t\t\t\t<div class=\"elementor-element elementor-element-455ebfa elementor-widget elementor-widget-text-editor\" data-id=\"455ebfa\" data-element_type=\"widget\" data-e-type=\"widget\" data-widget_type=\"text-editor.default\">\n\t\t\t\t\t\t\t\t\t<p>Als Referent geladen war Dr. Ulrich Hase, den meisten Geh\u00f6rlosen bestens bekannt als langj\u00e4hriger Pr\u00e4sident des Deutschen Geh\u00f6rlosen-Bundes und heutiger Vorsitzender der Deutschen Gesellschaft zur F\u00f6rderung der Geh\u00f6rlosen, Schwerh\u00f6rigen, Ertaubten und Taubblinden. In beiden Funktionen hat er sich von Anfang an f\u00fcr die Entwicklung des am 1. Juli 2001 in Kraft getretenen Sozialgesetzbuches IX eingesetzt und mit daf\u00fcr gesorgt, da\u00df auf die Bed\u00fcrfnisse h\u00f6rbehinderter Menschen weitestgehend eingegangen und ihre Rechte gesetzlich verankert wurden. Was lag also n\u00e4her, als mit diesem brandaktuellen Thema das Kofo neu starten zu lassen?<\/p>\n<p><br><\/p>\t\t\t\t\t\t\t\t<\/div>\n\t\t\t\t\t<\/div>\n\t\t<\/div>\n\t\t\t\t\t<\/div>\n\t\t<\/section>\n\t\t\t\t<section class=\"penci-section penci-disSticky penci-structure-10 elementor-section elementor-top-section elementor-element elementor-element-2f55419 elementor-section-boxed elementor-section-height-default elementor-section-height-default\" data-id=\"2f55419\" data-element_type=\"section\" data-e-type=\"section\">\n\t\t\t\t\t\t<div class=\"elementor-container elementor-column-gap-default\">\n\t\t\t\t\t<div class=\"penci-ercol-100 penci-ercol-order-1 penci-sticky-ct    elementor-column elementor-col-100 elementor-top-column elementor-element elementor-element-b64521b\" data-id=\"b64521b\" data-element_type=\"column\" data-e-type=\"column\">\n\t\t\t<div class=\"elementor-widget-wrap elementor-element-populated\">\n\t\t\t\t\t\t<div class=\"elementor-element elementor-element-93c8638 elementor-widget elementor-widget-text-editor\" data-id=\"93c8638\" data-element_type=\"widget\" data-e-type=\"widget\" data-widget_type=\"text-editor.default\">\n\t\t\t\t\t\t\t\t\t<p>\u00dcber 150 Besucher waren erschienen, um sich aus erster Hand \u00fcber ihre neuen Rechte informieren zu lassen, Fragen zu stellen und leider auch Unzul\u00e4nglichkeiten des neuen Gesetzes zu kritisieren. Um Benachteiligungen innerhalb der H\u00f6rbehindertenwelt zu reduzieren, hatten die Kofo-Macher nicht nur f\u00fcr die schon immer \u00fcblichen Geb\u00e4rdensprachdolmetscher gesorgt, sondern erstmalig auch f\u00fcr eine Schreibdolmetscherin, um auch schwerh\u00f6rigen und ertaubten Besuchern ohne oder mit wenig DGS-Kenntnissen die Teilnahme zu erm\u00f6glichen. Diese Neuerung kam so gut an, da\u00df in Zukunft auf allen Essener Kofo-Veranstaltungen Schreibdolmetscher anwesend sein werden.<\/p>\t\t\t\t\t\t\t\t<\/div>\n\t\t\t\t\t<\/div>\n\t\t<\/div>\n\t\t\t\t\t<\/div>\n\t\t<\/section>\n\t\t\t\t<section class=\"penci-section penci-disSticky penci-structure-22 elementor-section elementor-top-section elementor-element elementor-element-0c7434e elementor-section-boxed elementor-section-height-default elementor-section-height-default\" data-id=\"0c7434e\" data-element_type=\"section\" data-e-type=\"section\">\n\t\t\t\t\t\t<div class=\"elementor-container elementor-column-gap-default\">\n\t\t\t\t\t<div class=\"penci-ercol-66 penci-ercol-order-1 penci-sticky-ct    elementor-column elementor-col-66 elementor-top-column elementor-element elementor-element-235526e\" data-id=\"235526e\" data-element_type=\"column\" data-e-type=\"column\">\n\t\t\t<div class=\"elementor-widget-wrap elementor-element-populated\">\n\t\t\t\t\t\t<div class=\"elementor-element elementor-element-baada76 elementor-widget elementor-widget-text-editor\" data-id=\"baada76\" data-element_type=\"widget\" data-e-type=\"widget\" data-widget_type=\"text-editor.default\">\n\t\t\t\t\t\t\t\t\t<div>Anhand von mitgebrachten Folien erl\u00e4uterte Dr. Hase zun\u00e4chst in gewohnter Lockerheit den Aufbau des neuen Sozialgesetzbuches IX. Dieses besteht aus zwei Teilen. Teil 1 enth\u00e4lt allgemeine Regelungen f\u00fcr behinderte und von Behinderung bedrohte Menschen und ist im Prinzip das eigentliche neue Gesetz. Teil 2 besteht aus dem bisherigen Schwerbehindertengesetz. Schlie\u00dflich gibt es noch einen Anhang, der in mehrere bestehende Gesetze eingreift und sie \u00e4ndert.<\/div><div>\u00a0Zusammenfassend l\u00e4\u00dft sich sagen, da\u00df das Sozialgesetzbuch IX insbesondere im Umgang mit sogenannten Rehabilitationstr\u00e4gern &#8211; z.B. Krankenkassen, Jugend\u00e4mter, Sozial\u00e4mter &#8211; grunds\u00e4tzlich f\u00fcr h\u00f6rbehinderte Menschen viele neue Vorteile hat. Der wichtigste ist der, da\u00df die Notwendigkeit des Einsatzes der Deutschen Geb\u00e4rdensprache im Umgang mit diesen Beh\u00f6rden und Institutionen rechtlich verankert worden ist. Dies bedeutet, da\u00df h\u00f6rbehinderte Menschen einen Rechtsanspruch auf Geb\u00e4rdensprachdolmetscher haben, wenn sie mit diesen Beh\u00f6rden in Kontakt treten, und da\u00df die Kosten f\u00fcr den Dolmetscher von den Beh\u00f6rden getragen werden m\u00fcssen. Au\u00dferdem werden \u00fcberall in Deutschland gemeinsame Servicestellen aller Rehabilitationstr\u00e4ger eingerichtet, so da\u00df die oft sehr m\u00fchsame Lauferei von Beh\u00f6rde A zu Beh\u00f6rde B und weiter zu Beh\u00f6rde C f\u00fcr H\u00f6rbehinderte ein Ende hat.<\/div>\t\t\t\t\t\t\t\t<\/div>\n\t\t\t\t\t<\/div>\n\t\t<\/div>\n\t\t\t\t<div class=\"penci-ercol-33 penci-ercol-order-2 penci-sticky-sb penci-sidebarSC   elementor-column elementor-col-33 elementor-top-column elementor-element elementor-element-d7b6e61\" data-id=\"d7b6e61\" data-element_type=\"column\" data-e-type=\"column\">\n\t\t\t<div class=\"elementor-widget-wrap elementor-element-populated\">\n\t\t\t\t\t\t<div class=\"elementor-element elementor-element-4634cff elementor-widget elementor-widget-image\" data-id=\"4634cff\" data-element_type=\"widget\" data-e-type=\"widget\" data-widget_type=\"image.default\">\n\t\t\t\t\t\t\t\t\t\t\t\t<figure class=\"wp-caption\">\n\t\t\t\t\t\t\t\t\t\t<img decoding=\"async\" width=\"340\" height=\"454\" src=\"https:\/\/zeichensetzen-online.de\/wp-content\/uploads\/2023\/03\/kofo_12_09_07.jpg\" class=\"attachment-large size-large wp-image-51\" alt=\"Dr. Ulrich Haase\" srcset=\"https:\/\/zeichensetzen-online.de\/wp-content\/uploads\/2023\/03\/kofo_12_09_07.jpg 340w, https:\/\/zeichensetzen-online.de\/wp-content\/uploads\/2023\/03\/kofo_12_09_07-225x300.jpg 225w\" sizes=\"(max-width: 340px) 100vw, 340px\" \/>\t\t\t\t\t\t\t\t\t\t\t<figcaption class=\"widget-image-caption wp-caption-text\">Ulrich Hase referiert zum Thema<\/figcaption>\n\t\t\t\t\t\t\t\t\t\t<\/figure>\n\t\t\t\t\t\t\t\t\t<\/div>\n\t\t\t\t\t<\/div>\n\t\t<\/div>\n\t\t\t\t\t<\/div>\n\t\t<\/section>\n\t\t\t\t<section class=\"penci-section penci-disSticky penci-structure-10 elementor-section elementor-top-section elementor-element elementor-element-7f15bb2 elementor-section-boxed elementor-section-height-default elementor-section-height-default\" data-id=\"7f15bb2\" data-element_type=\"section\" data-e-type=\"section\">\n\t\t\t\t\t\t<div class=\"elementor-container elementor-column-gap-default\">\n\t\t\t\t\t<div class=\"penci-ercol-100 penci-ercol-order-1 penci-sticky-ct    elementor-column elementor-col-100 elementor-top-column elementor-element elementor-element-0e8f9df\" data-id=\"0e8f9df\" data-element_type=\"column\" data-e-type=\"column\">\n\t\t\t<div class=\"elementor-widget-wrap elementor-element-populated\">\n\t\t\t\t\t\t<div class=\"elementor-element elementor-element-ff1e2b2 elementor-widget elementor-widget-text-editor\" data-id=\"ff1e2b2\" data-element_type=\"widget\" data-e-type=\"widget\" data-widget_type=\"text-editor.default\">\n\t\t\t\t\t\t\t\t\t<p>Im Rahmen der Arbeitsassistenz haben h\u00f6rbehinderte Menschen nun Anspruch auf Dolmetschleistungen am Arbeitsplatz. Die Kosten f\u00fcr den Dolmetscher werden von den Integrations\u00e4mtern (fr\u00fchere Hauptf\u00fcrsorgestellen) aus den Mitteln der Ausgleichsabgabe bezahlt. Auch Selbst\u00e4ndige oder Arbeitslose auf der Suche nach einem Arbeitsplatz haben Anspruch auf Dolmetschleistungen, beispielsweise bei Bewerbungsgespr\u00e4chen. Monatlich werden pro Person h\u00f6chstens 2000,- DM f\u00fcr Dolmetscherdienste zur Verf\u00fcgung gestellt. Auch Bildtelefon-Dolmetschdienstleistungen von TeleSign werden als Arbeitsassistenz anerkannt und mit monatlich 600,- DM \u00fcbernommen.<\/p>\t\t\t\t\t\t\t\t<\/div>\n\t\t\t\t\t<\/div>\n\t\t<\/div>\n\t\t\t\t\t<\/div>\n\t\t<\/section>\n\t\t\t\t<section class=\"penci-section penci-disSticky penci-structure-21 elementor-section elementor-top-section elementor-element elementor-element-ab33254 elementor-section-boxed elementor-section-height-default elementor-section-height-default\" data-id=\"ab33254\" data-element_type=\"section\" data-e-type=\"section\">\n\t\t\t\t\t\t<div class=\"elementor-container elementor-column-gap-default\">\n\t\t\t\t\t<div class=\"penci-ercol-33 penci-ercol-order-1 penci-sticky-sb penci-sidebarSC   elementor-column elementor-col-33 elementor-top-column elementor-element elementor-element-3fd4cbd\" data-id=\"3fd4cbd\" data-element_type=\"column\" data-e-type=\"column\">\n\t\t\t<div class=\"elementor-widget-wrap elementor-element-populated\">\n\t\t\t\t\t\t<div class=\"elementor-element elementor-element-7b3468c elementor-widget elementor-widget-image\" data-id=\"7b3468c\" data-element_type=\"widget\" data-e-type=\"widget\" data-widget_type=\"image.default\">\n\t\t\t\t\t\t\t\t\t\t\t\t<figure class=\"wp-caption\">\n\t\t\t\t\t\t\t\t\t\t<img decoding=\"async\" width=\"340\" height=\"426\" src=\"https:\/\/zeichensetzen-online.de\/wp-content\/uploads\/2023\/03\/kofo_12_09_08.jpg\" class=\"attachment-large size-large wp-image-52\" alt=\"Schreibdolmetscherin\" srcset=\"https:\/\/zeichensetzen-online.de\/wp-content\/uploads\/2023\/03\/kofo_12_09_08.jpg 340w, https:\/\/zeichensetzen-online.de\/wp-content\/uploads\/2023\/03\/kofo_12_09_08-239x300.jpg 239w\" sizes=\"(max-width: 340px) 100vw, 340px\" \/>\t\t\t\t\t\t\t\t\t\t\t<figcaption class=\"widget-image-caption wp-caption-text\">Zum ersten Mal war eine Schreibdolmetscherin f\u00fcr schwerh\u00f6rige und ertaubte Zuschauer im Einsatz<\/figcaption>\n\t\t\t\t\t\t\t\t\t\t<\/figure>\n\t\t\t\t\t\t\t\t\t<\/div>\n\t\t\t\t\t<\/div>\n\t\t<\/div>\n\t\t\t\t<div class=\"penci-ercol-66 penci-ercol-order-2 penci-sticky-ct    elementor-column elementor-col-66 elementor-top-column elementor-element elementor-element-1edc09b\" data-id=\"1edc09b\" data-element_type=\"column\" data-e-type=\"column\">\n\t\t\t<div class=\"elementor-widget-wrap elementor-element-populated\">\n\t\t\t\t\t\t<div class=\"elementor-element elementor-element-ab80338 elementor-widget elementor-widget-text-editor\" data-id=\"ab80338\" data-element_type=\"widget\" data-e-type=\"widget\" data-widget_type=\"text-editor.default\">\n\t\t\t\t\t\t\t\t\t<p>Eine weitere und sehr erfreuliche Neuerung ist, da\u00df die Krankenkassen durch das SGB IX nunmehr verpflichtet sind, die Kosten f\u00fcr Geb\u00e4rdensprachdolmetscher bei Arztbesuchen zu \u00fcbernehmen. Dies beinhaltet Beratungsgespr\u00e4che, Behandlungen, Kuren und das gesamte medizinische Spektrum. Die Krankenkassen k\u00f6nnen sich nun nicht mehr mit dem Argument herausreden, ein Dolmetscher geh\u00f6re nicht zu ihrem Hilfsmittelkatalog. Bedauerlicherweise gilt diese Neuregelung jedoch ausdr\u00fccklich nur f\u00fcr Geb\u00e4rdensprachdolmetscher. Ertaubte und Taubblinde mit ihren speziellen Kommunikationsbed\u00fcrfnissen sind von dieser Regelung leider unbeachtet geblieben. Es bleibt abzuwarten, ob die Krankenkassen auch bei der Finanzierung von Schreib- oder Lormendolmetschern mitspielen werden.<\/p><p>Kosten f\u00fcr Dolmetscheins\u00e4tze bei Verhandlungen vor dem Arbeitsgericht k\u00f6nnen ab jetzt auch dann nicht mehr auf den H\u00f6rbehinderten abgew\u00e4lzt werden, wenn dieser den Proze\u00df verliert. Leider gilt diese Regelung bisher nur f\u00fcr Arbeitsgerichte \u2013 es bleibt zu hoffen, da\u00df bei Inkrafttreten der Gleichstellungs- und Antidiskriminierungsgesetze auch die Kosten f\u00fcr Dolmetscheins\u00e4tze vor anderen Gerichten automatisch durch die Landeskasse getragen werden.<\/p>\t\t\t\t\t\t\t\t<\/div>\n\t\t\t\t\t<\/div>\n\t\t<\/div>\n\t\t\t\t\t<\/div>\n\t\t<\/section>\n\t\t\t\t<section class=\"penci-section penci-disSticky penci-structure-10 elementor-section elementor-top-section elementor-element elementor-element-8b00177 elementor-section-boxed elementor-section-height-default elementor-section-height-default\" data-id=\"8b00177\" data-element_type=\"section\" data-e-type=\"section\">\n\t\t\t\t\t\t<div class=\"elementor-container elementor-column-gap-default\">\n\t\t\t\t\t<div class=\"penci-ercol-100 penci-ercol-order-1 penci-sticky-ct    elementor-column elementor-col-100 elementor-top-column elementor-element elementor-element-15df40d\" data-id=\"15df40d\" data-element_type=\"column\" data-e-type=\"column\">\n\t\t\t<div class=\"elementor-widget-wrap elementor-element-populated\">\n\t\t\t\t\t\t<div class=\"elementor-element elementor-element-0187296 elementor-widget elementor-widget-text-editor\" data-id=\"0187296\" data-element_type=\"widget\" data-e-type=\"widget\" data-widget_type=\"text-editor.default\">\n\t\t\t\t\t\t\t\t\t<p>Das SGB IX bezieht sich nur auf den sozialen Bereich und konnte daher keine Kosten\u00fcbernahmeverpflichtung f\u00fcr andere Bereiche festschreiben.<\/p><p>Im Rahmen des Berufsbildungsgesetzes haben H\u00f6rbehinderte nun ebenfalls Anspruch auf die Hinzuziehung von Geb\u00e4rdensprachdolmetschern bei m\u00fcndlichen Pr\u00fcfungen. Bedauerlicherweise gilt diese Regelung nur f\u00fcr den Bereich des Berufsbildungsgesetzes, d.h. h\u00f6rbehinderte Studenten haben nach wie vor keinen Rechtsanspruch auf die Hinzuziehung von Dolmetschern und die Kosten\u00fcbernahme durch die Integrations\u00e4mter. Zwar \u00fcbernahmen in der Vergangenheit schon einige Hauptf\u00fcrsorgestellen die Kosten f\u00fcr Geb\u00e4rdensprachdolmetscher in Vorlesungen, Seminaren und bei Pr\u00fcfungen, jedoch stand die Gew\u00e4hrung oder Verweigerung dieser Leistung stets im Ermessen der jeweiligen Hauptf\u00fcrsorgestelle. Daran hat sich durch das SGB IX leider noch nichts ge\u00e4ndert.<\/p>\t\t\t\t\t\t\t\t<\/div>\n\t\t\t\t\t<\/div>\n\t\t<\/div>\n\t\t\t\t\t<\/div>\n\t\t<\/section>\n\t\t\t\t<section class=\"penci-section penci-disSticky penci-structure-22 elementor-section elementor-top-section elementor-element elementor-element-318c25d elementor-section-boxed elementor-section-height-default elementor-section-height-default\" data-id=\"318c25d\" data-element_type=\"section\" data-e-type=\"section\">\n\t\t\t\t\t\t<div class=\"elementor-container elementor-column-gap-default\">\n\t\t\t\t\t<div class=\"penci-ercol-66 penci-ercol-order-1 penci-sticky-ct    elementor-column elementor-col-66 elementor-top-column elementor-element elementor-element-318f160\" data-id=\"318f160\" data-element_type=\"column\" data-e-type=\"column\">\n\t\t\t<div class=\"elementor-widget-wrap elementor-element-populated\">\n\t\t\t\t\t\t<div class=\"elementor-element elementor-element-a698f46 elementor-widget elementor-widget-text-editor\" data-id=\"a698f46\" data-element_type=\"widget\" data-e-type=\"widget\" data-widget_type=\"text-editor.default\">\n\t\t\t\t\t\t\t\t\t<p>Ebenfalls neu ist das Merkzeichen Gl im Schwerbehindertenausweis. Dieses Merkzeichen hilft, die Notwendigkeit zum Einsatz von Geb\u00e4rdensprachdolmetschern ohne Wenn und Aber nachzuweisen und dadurch leichter in den Genu\u00df von berechtigten Anspr\u00fcchen zu kommen. Es ist nicht unbedingt n\u00f6tig, um Dolmetschdienste zu nutzen oder Dolmetscher von den Reha-Tr\u00e4gern finanzieren lassen zu k\u00f6nnen, aber es kann helfen, langes Hin und Her zu vermeiden.<\/p><p>Insgesamt gesehen hat das SGB IX die Situation h\u00f6rbehinderter Menschen tats\u00e4chlich verbessert, einige langj\u00e4hrige Forderungen z.B. des Deutschen Geh\u00f6rlosen-Bundes wurden endlich erf\u00fcllt. Dennoch bleiben L\u00fccken. So werden Leistungen zur Arbeitsassistenz nur dann gew\u00e4hrt, wenn die Integrations\u00e4mter gen\u00fcgend Geld in der Kasse haben. Hier besteht zumindest die theoretische M\u00f6glichkeit, da\u00df sich die zuk\u00fcnftigen Kostentr\u00e4ger ein Hintert\u00fcrchen offen halten, um sich vor aus ihrer Sicht zu hohen Ausgaben zu dr\u00fccken. Doch wir wollen ja nicht allzu pessimistisch sein&#8230;<\/p>\t\t\t\t\t\t\t\t<\/div>\n\t\t\t\t\t<\/div>\n\t\t<\/div>\n\t\t\t\t<div class=\"penci-ercol-33 penci-ercol-order-2 penci-sticky-sb penci-sidebarSC   elementor-column elementor-col-33 elementor-top-column elementor-element elementor-element-56c4695\" data-id=\"56c4695\" data-element_type=\"column\" data-e-type=\"column\">\n\t\t\t<div class=\"elementor-widget-wrap elementor-element-populated\">\n\t\t\t\t\t\t<div class=\"elementor-element elementor-element-9c5abb9 elementor-widget elementor-widget-image\" data-id=\"9c5abb9\" data-element_type=\"widget\" data-e-type=\"widget\" data-widget_type=\"image.default\">\n\t\t\t\t\t\t\t\t\t\t\t\t<figure class=\"wp-caption\">\n\t\t\t\t\t\t\t\t\t\t<img loading=\"lazy\" decoding=\"async\" width=\"397\" height=\"460\" src=\"https:\/\/zeichensetzen-online.de\/wp-content\/uploads\/2023\/03\/kofo_12_09_12.jpg\" class=\"attachment-large size-large wp-image-53\" alt=\"Zuschauer stellen Fragen an den Referenten\" srcset=\"https:\/\/zeichensetzen-online.de\/wp-content\/uploads\/2023\/03\/kofo_12_09_12.jpg 397w, https:\/\/zeichensetzen-online.de\/wp-content\/uploads\/2023\/03\/kofo_12_09_12-259x300.jpg 259w\" sizes=\"(max-width: 397px) 100vw, 397px\" \/>\t\t\t\t\t\t\t\t\t\t\t<figcaption class=\"widget-image-caption wp-caption-text\">Nach der Pause: Zuschauer stellen Fragen an den Referenten<\/figcaption>\n\t\t\t\t\t\t\t\t\t\t<\/figure>\n\t\t\t\t\t\t\t\t\t<\/div>\n\t\t\t\t\t<\/div>\n\t\t<\/div>\n\t\t\t\t\t<\/div>\n\t\t<\/section>\n\t\t\t\t<section class=\"penci-section penci-disSticky penci-structure-10 elementor-section elementor-top-section elementor-element elementor-element-a528d5f elementor-section-boxed elementor-section-height-default elementor-section-height-default\" data-id=\"a528d5f\" data-element_type=\"section\" data-e-type=\"section\">\n\t\t\t\t\t\t<div class=\"elementor-container elementor-column-gap-default\">\n\t\t\t\t\t<div class=\"penci-ercol-100 penci-ercol-order-1 penci-sticky-ct    elementor-column elementor-col-100 elementor-top-column elementor-element elementor-element-75dec4b\" data-id=\"75dec4b\" data-element_type=\"column\" data-e-type=\"column\">\n\t\t\t<div class=\"elementor-widget-wrap elementor-element-populated\">\n\t\t\t\t\t\t<div class=\"elementor-element elementor-element-6adaaae elementor-widget elementor-widget-text-editor\" data-id=\"6adaaae\" data-element_type=\"widget\" data-e-type=\"widget\" data-widget_type=\"text-editor.default\">\n\t\t\t\t\t\t\t\t\t<p>Ebenfalls neu ist das Merkzeichen Gl im Schwerbehindertenausweis. Dieses Merkzeichen hilft, die Notwendigkeit zum Einsatz von Geb\u00e4rdensprachdolmetschern ohne Wenn und Aber nachzuweisen und dadurch leichter in den Genu\u00df von berechtigten Anspr\u00fcchen zu kommen. Es ist nicht unbedingt n\u00f6tig, um Dolmetschdienste zu nutzen oder Dolmetscher von den Reha-Tr\u00e4gern finanzieren lassen zu k\u00f6nnen, aber es kann helfen, langes Hin und Her zu vermeiden.<\/p><p>Insgesamt gesehen hat das SGB IX die Situation h\u00f6rbehinderter Menschen tats\u00e4chlich verbessert, einige langj\u00e4hrige Forderungen z.B. des Deutschen Geh\u00f6rlosen-Bundes wurden endlich erf\u00fcllt. Dennoch bleiben L\u00fccken. So werden Leistungen zur Arbeitsassistenz nur dann gew\u00e4hrt, wenn die Integrations\u00e4mter gen\u00fcgend Geld in der Kasse haben. Hier besteht zumindest die theoretische M\u00f6glichkeit, da\u00df sich die zuk\u00fcnftigen Kostentr\u00e4ger ein Hintert\u00fcrchen offen halten, um sich vor aus ihrer Sicht zu hohen Ausgaben zu dr\u00fccken. Doch wir wollen ja nicht allzu pessimistisch sein&#8230;<\/p><p>Es bleibt abzuwarten, ob das Gleichstellungs- und Antidiskriminierungsgesetz jeweils in der Lage sein werden, die noch vorhandenen L\u00f6cher in der Gesetzgebung zugunsten h\u00f6rbehinderter Menschen zu stopfen. Der Deutsche Geh\u00f6rlosen-Bund und die Deutsche Gesellschaft zur F\u00f6rderung der Geh\u00f6rlosen, Schwerh\u00f6rigen, Ertaubten und Taubblinden werkeln jedenfalls auch hier flei\u00dfig wieder mit \u2013 diesmal hoffentlich auch unter Ber\u00fccksichtigung der Kommunikationsbed\u00fcrfnisse ertaubter und taubblinder Menschen, auf die das SGB IX nicht eingegangen ist.<\/p><p>WS<\/p>\t\t\t\t\t\t\t\t<\/div>\n\t\t\t\t\t<\/div>\n\t\t<\/div>\n\t\t\t\t\t<\/div>\n\t\t<\/section>\n\t\t\t\t<\/div>\n\t\t","protected":false},"excerpt":{"rendered":"<p>KOFO Essen, 12. September 2001 Zur aktuellen politischen Situation der H\u00f6rgesch\u00e4digten Referent: Dr. Ulrich Hase (Vorsitzender der Deutschen Gesellschaft zur F\u00f6rderung der Geh\u00f6rlosen und Schwerh\u00f6rigen) Gute Informationen zur rechtlichen Situation&hellip;<\/p>\n","protected":false},"author":1,"featured_media":0,"comment_status":"closed","ping_status":"open","sticky":false,"template":"","format":"standard","meta":{"content-type":"","_lmt_disableupdate":"","_lmt_disable":"","_themeisle_gutenberg_block_has_review":false,"footnotes":""},"categories":[3,26],"tags":[],"class_list":["post-43","post","type-post","status-publish","format-standard","hentry","category-jahrgang-2001","category-september"],"aioseo_notices":[],"_links":{"self":[{"href":"https:\/\/zeichensetzen-online.de\/index.php\/wp-json\/wp\/v2\/posts\/43","targetHints":{"allow":["GET"]}}],"collection":[{"href":"https:\/\/zeichensetzen-online.de\/index.php\/wp-json\/wp\/v2\/posts"}],"about":[{"href":"https:\/\/zeichensetzen-online.de\/index.php\/wp-json\/wp\/v2\/types\/post"}],"author":[{"embeddable":true,"href":"https:\/\/zeichensetzen-online.de\/index.php\/wp-json\/wp\/v2\/users\/1"}],"replies":[{"embeddable":true,"href":"https:\/\/zeichensetzen-online.de\/index.php\/wp-json\/wp\/v2\/comments?post=43"}],"version-history":[{"count":35,"href":"https:\/\/zeichensetzen-online.de\/index.php\/wp-json\/wp\/v2\/posts\/43\/revisions"}],"predecessor-version":[{"id":3996,"href":"https:\/\/zeichensetzen-online.de\/index.php\/wp-json\/wp\/v2\/posts\/43\/revisions\/3996"}],"wp:attachment":[{"href":"https:\/\/zeichensetzen-online.de\/index.php\/wp-json\/wp\/v2\/media?parent=43"}],"wp:term":[{"taxonomy":"category","embeddable":true,"href":"https:\/\/zeichensetzen-online.de\/index.php\/wp-json\/wp\/v2\/categories?post=43"},{"taxonomy":"post_tag","embeddable":true,"href":"https:\/\/zeichensetzen-online.de\/index.php\/wp-json\/wp\/v2\/tags?post=43"}],"curies":[{"name":"wp","href":"https:\/\/api.w.org\/{rel}","templated":true}]}}