{"id":399,"date":"2003-11-12T23:05:08","date_gmt":"2003-11-12T22:05:08","guid":{"rendered":"https:\/\/zeichensetzen-online.de\/?p=399"},"modified":"2023-05-02T11:13:09","modified_gmt":"2023-05-02T09:13:09","slug":"der-deutsche-gehoerlosen-bund-wo-geht-es-hin-aufgaben-fuer-die-zukunft","status":"publish","type":"post","link":"https:\/\/zeichensetzen-online.de\/index.php\/2003\/11\/12\/der-deutsche-gehoerlosen-bund-wo-geht-es-hin-aufgaben-fuer-die-zukunft\/","title":{"rendered":"Der Deutsche Geh\u00f6rlosen-Bund \u2013 Wo geht es hin? Aufgaben f\u00fcr die Zukunft"},"content":{"rendered":"\t\t<div data-elementor-type=\"wp-post\" data-elementor-id=\"399\" class=\"elementor elementor-399\">\n\t\t\t\t\t\t<section class=\"penci-section penci-disSticky penci-structure-10 elementor-section elementor-top-section elementor-element elementor-element-f0c322e elementor-section-boxed elementor-section-height-default elementor-section-height-default\" data-id=\"f0c322e\" data-element_type=\"section\" data-e-type=\"section\">\n\t\t\t\t\t\t<div class=\"elementor-container elementor-column-gap-default\">\n\t\t\t\t\t<div class=\"penci-ercol-100 penci-ercol-order-1 penci-sticky-ct    elementor-column elementor-col-100 elementor-top-column elementor-element elementor-element-3e6215d\" data-id=\"3e6215d\" data-element_type=\"column\" data-e-type=\"column\">\n\t\t\t<div class=\"elementor-widget-wrap elementor-element-populated\">\n\t\t\t\t\t\t<div class=\"elementor-element elementor-element-31b4122 elementor-widget elementor-widget-penci-fancy_heading\" data-id=\"31b4122\" data-element_type=\"widget\" data-e-type=\"widget\" data-widget_type=\"penci-fancy_heading.default\">\n\t\t\t\t<div class=\"elementor-widget-container\">\n\t\t\t\t\t\t\t<div class=\"penci-fancy-heading penci-heading-text-left pc-fctline\">\n\t\t\t<div class=\"penci-fancy-heading-inner\">\n\t\t\t\t<div class=\"penci-heading-subtitle\">Kofo Essen, 12. November 2003<\/div><h2 class=\"penci-heading-title\"><span class=\"inner-tit\">Der Deutsche Geh\u00f6rlosen-Bund \u2013 \nWo geht es hin? Aufgaben f\u00fcr die Zukunft<\/span><\/h2><div class=\"penci-separator penci-separator- penci-separator-left\"><span class=\"penci-sep_holder penci-sep_holder_l\"><span class=\"penci-sep_line\"><\/span><\/span><span class=\"penci-sep_holder penci-sep_holder_r\"><span class=\"penci-sep_line\"><\/span><\/span><\/div><div class=\"penci-heading-content entry-content\"><p>Referentin: Gerlinde Gerkens<\/p>\n<\/div>\t\t\t<\/div>\n\t\t<\/div>\n\t\t\t\t\t\t<\/div>\n\t\t\t\t<\/div>\n\t\t\t\t\t<\/div>\n\t\t<\/div>\n\t\t\t\t\t<\/div>\n\t\t<\/section>\n\t\t\t\t<section class=\"penci-section penci-disSticky penci-structure-10 elementor-section elementor-top-section elementor-element elementor-element-406bbb17 elementor-section-boxed elementor-section-height-default elementor-section-height-default\" data-id=\"406bbb17\" data-element_type=\"section\" data-e-type=\"section\">\n\t\t\t\t\t\t<div class=\"elementor-container elementor-column-gap-default\">\n\t\t\t\t\t<div class=\"penci-ercol-100 penci-ercol-order-1 penci-sticky-ct    elementor-column elementor-col-100 elementor-top-column elementor-element elementor-element-12cad477\" data-id=\"12cad477\" data-element_type=\"column\" data-e-type=\"column\">\n\t\t\t<div class=\"elementor-widget-wrap elementor-element-populated\">\n\t\t\t\t\t\t<div class=\"elementor-element elementor-element-ca30140 elementor-widget elementor-widget-text-editor\" data-id=\"ca30140\" data-element_type=\"widget\" data-e-type=\"widget\" data-widget_type=\"text-editor.default\">\n\t\t\t\t\t\t\t\t\t<p>Gerlinde Gerkens ist seit 1999 Pr\u00e4sidentin des Deutschen Geh\u00f6rlosen-Bundes und wurde auf der letzten Bundestagung 2003 in Erfurt wiedergew\u00e4hlt. Sie ist ein \u201ePublikumsmagnet\u201c \u2013 sicher auch wegen ihrer Ausstrahlung und Offenheit \u2013 so war mit ca 150 Kofo-Besuchern die Mensa des Internates Curtiusstra\u00dfe rappelvoll. Moderatoren waren an diesem Abend Winny Stenner und Frank Br\u00fcggemann; Bastienne Rehe (Skarabee) und Friedel Lechtleitner dolmetschten in Geb\u00e4rdensprache, Gisela Kaul \u00fcbernahm wieder das Schriftdolmetschen.<\/p>\t\t\t\t\t\t\t\t<\/div>\n\t\t\t\t\t<\/div>\n\t\t<\/div>\n\t\t\t\t\t<\/div>\n\t\t<\/section>\n\t\t\t\t<section class=\"penci-section penci-disSticky penci-structure-20 elementor-section elementor-top-section elementor-element elementor-element-4218ef7 elementor-section-boxed elementor-section-height-default elementor-section-height-default\" data-id=\"4218ef7\" data-element_type=\"section\" data-e-type=\"section\">\n\t\t\t\t\t\t<div class=\"elementor-container elementor-column-gap-default\">\n\t\t\t\t\t<div class=\"penci-ercol-50 penci-ercol-order-1 penci-sticky-ct    elementor-column elementor-col-50 elementor-top-column elementor-element elementor-element-7eb2b69\" data-id=\"7eb2b69\" data-element_type=\"column\" data-e-type=\"column\">\n\t\t\t<div class=\"elementor-widget-wrap elementor-element-populated\">\n\t\t\t\t\t\t<div class=\"elementor-element elementor-element-4ff034c elementor-widget elementor-widget-image\" data-id=\"4ff034c\" data-element_type=\"widget\" data-e-type=\"widget\" data-widget_type=\"image.default\">\n\t\t\t\t\t\t\t\t\t\t\t\t\t\t\t<img fetchpriority=\"high\" decoding=\"async\" width=\"369\" height=\"251\" src=\"https:\/\/zeichensetzen-online.de\/wp-content\/uploads\/2003\/11\/Moderatoren_121103.jpg\" class=\"attachment-large size-large wp-image-2952\" alt=\"Der Deutsche Geh\u00f6rlosen-Bund&quot; Wo geht es hin ? Aufgaben f\u00fcr die Zukunft\" srcset=\"https:\/\/zeichensetzen-online.de\/wp-content\/uploads\/2003\/11\/Moderatoren_121103.jpg 369w, https:\/\/zeichensetzen-online.de\/wp-content\/uploads\/2003\/11\/Moderatoren_121103-300x204.jpg 300w\" sizes=\"(max-width: 369px) 100vw, 369px\" \/>\t\t\t\t\t\t\t\t\t\t\t\t\t\t\t<\/div>\n\t\t\t\t\t<\/div>\n\t\t<\/div>\n\t\t\t\t<div class=\"penci-ercol-50 penci-ercol-order-2 penci-sticky-ct    elementor-column elementor-col-50 elementor-top-column elementor-element elementor-element-c9b1590\" data-id=\"c9b1590\" data-element_type=\"column\" data-e-type=\"column\">\n\t\t\t<div class=\"elementor-widget-wrap elementor-element-populated\">\n\t\t\t\t\t\t<div class=\"elementor-element elementor-element-cad1a47 elementor-widget elementor-widget-image\" data-id=\"cad1a47\" data-element_type=\"widget\" data-e-type=\"widget\" data-widget_type=\"image.default\">\n\t\t\t\t\t\t\t\t\t\t\t\t\t\t\t<img decoding=\"async\" width=\"354\" height=\"251\" src=\"https:\/\/zeichensetzen-online.de\/wp-content\/uploads\/2003\/11\/dolmetscher1_121103.jpg\" class=\"attachment-large size-large wp-image-2951\" alt=\"Der Deutsche Geh\u00f6rlosen-Bund&quot; Wo geht es hin ? Aufgaben f\u00fcr die Zukunft\" srcset=\"https:\/\/zeichensetzen-online.de\/wp-content\/uploads\/2003\/11\/dolmetscher1_121103.jpg 354w, https:\/\/zeichensetzen-online.de\/wp-content\/uploads\/2003\/11\/dolmetscher1_121103-300x213.jpg 300w\" sizes=\"(max-width: 354px) 100vw, 354px\" \/>\t\t\t\t\t\t\t\t\t\t\t\t\t\t\t<\/div>\n\t\t\t\t\t<\/div>\n\t\t<\/div>\n\t\t\t\t\t<\/div>\n\t\t<\/section>\n\t\t\t\t<section class=\"penci-section penci-disSticky penci-structure-10 elementor-section elementor-top-section elementor-element elementor-element-8076850 elementor-section-boxed elementor-section-height-default elementor-section-height-default\" data-id=\"8076850\" data-element_type=\"section\" data-e-type=\"section\">\n\t\t\t\t\t\t<div class=\"elementor-container elementor-column-gap-default\">\n\t\t\t\t\t<div class=\"penci-ercol-100 penci-ercol-order-1 penci-sticky-ct    elementor-column elementor-col-100 elementor-top-column elementor-element elementor-element-8c0115d\" data-id=\"8c0115d\" data-element_type=\"column\" data-e-type=\"column\">\n\t\t\t<div class=\"elementor-widget-wrap elementor-element-populated\">\n\t\t\t\t\t\t<div class=\"elementor-element elementor-element-70fed80 elementor-widget elementor-widget-text-editor\" data-id=\"70fed80\" data-element_type=\"widget\" data-e-type=\"widget\" data-widget_type=\"text-editor.default\">\n\t\t\t\t\t\t\t\t\t<p>Frau Gerkens informierte \u00fcber den Aufbau des Deutschen Geh\u00f6rlosen-Bundes, \u00fcber die schwierige finanzielle Situation, die\u00a0 Erfolge in den letzten Jahren und die aktuellen und zuk\u00fcnftigen Arbeitsschwerpunkte. Ihr lebendiger Vortrag kann hier nur in Stichpunkten wiedergegeben werden.<\/p>\t\t\t\t\t\t\t\t<\/div>\n\t\t\t\t\t<\/div>\n\t\t<\/div>\n\t\t\t\t\t<\/div>\n\t\t<\/section>\n\t\t\t\t<section class=\"penci-section penci-disSticky penci-structure-10 elementor-section elementor-top-section elementor-element elementor-element-020b5d4 elementor-section-boxed elementor-section-height-default elementor-section-height-default\" data-id=\"020b5d4\" data-element_type=\"section\" data-e-type=\"section\">\n\t\t\t\t\t\t<div class=\"elementor-container elementor-column-gap-default\">\n\t\t\t\t\t<div class=\"penci-ercol-100 penci-ercol-order-1 penci-sticky-ct    elementor-column elementor-col-100 elementor-top-column elementor-element elementor-element-f693374\" data-id=\"f693374\" data-element_type=\"column\" data-e-type=\"column\">\n\t\t\t<div class=\"elementor-widget-wrap elementor-element-populated\">\n\t\t\t\t\t\t<div class=\"elementor-element elementor-element-bb70f27 elementor-widget elementor-widget-image\" data-id=\"bb70f27\" data-element_type=\"widget\" data-e-type=\"widget\" data-widget_type=\"image.default\">\n\t\t\t\t\t\t\t\t\t\t\t\t\t\t\t<img decoding=\"async\" width=\"758\" height=\"245\" src=\"https:\/\/zeichensetzen-online.de\/wp-content\/uploads\/2003\/11\/publikum1_121103.png\" class=\"attachment-large size-large wp-image-2956\" alt=\"Der Deutsche Geh\u00f6rlosen-Bund&quot; Wo geht es hin ? Aufgaben f\u00fcr die Zukunft\" srcset=\"https:\/\/zeichensetzen-online.de\/wp-content\/uploads\/2003\/11\/publikum1_121103.png 758w, https:\/\/zeichensetzen-online.de\/wp-content\/uploads\/2003\/11\/publikum1_121103-300x97.png 300w, https:\/\/zeichensetzen-online.de\/wp-content\/uploads\/2003\/11\/publikum1_121103-585x189.png 585w\" sizes=\"(max-width: 758px) 100vw, 758px\" \/>\t\t\t\t\t\t\t\t\t\t\t\t\t\t\t<\/div>\n\t\t\t\t\t<\/div>\n\t\t<\/div>\n\t\t\t\t\t<\/div>\n\t\t<\/section>\n\t\t\t\t<section class=\"penci-section penci-disSticky penci-structure-10 elementor-section elementor-top-section elementor-element elementor-element-4a6320f elementor-section-boxed elementor-section-height-default elementor-section-height-default\" data-id=\"4a6320f\" data-element_type=\"section\" data-e-type=\"section\">\n\t\t\t\t\t\t<div class=\"elementor-container elementor-column-gap-default\">\n\t\t\t\t\t<div class=\"penci-ercol-100 penci-ercol-order-1 penci-sticky-ct    elementor-column elementor-col-100 elementor-top-column elementor-element elementor-element-b602e0b\" data-id=\"b602e0b\" data-element_type=\"column\" data-e-type=\"column\">\n\t\t\t<div class=\"elementor-widget-wrap elementor-element-populated\">\n\t\t\t\t\t\t<div class=\"elementor-element elementor-element-08dca6b elementor-widget elementor-widget-text-editor\" data-id=\"08dca6b\" data-element_type=\"widget\" data-e-type=\"widget\" data-widget_type=\"text-editor.default\">\n\t\t\t\t\t\t\t\t\t<h5>Aufbau des Deutschen Geh\u00f6rlosen-Bundes<\/h5>\n<p>Insgesamt hat der DGB 34 000 Mitglieder \u2013 organisiert in 24 Verb\u00e4nden, z.B. Landes-, Orts- und Sportsverb\u00e4nden. Nur zwei Personen (auf 1 \u00bd Stellen) arbeiten hauptamtlich f\u00fcr den DGB, das gesamte Pr\u00e4sidium arbeitet ehrenamtlich.<\/p>\n<h5>Finanzen<\/h5>\n<p>Ende 2001 stand der DGB mit 240.000 DM in den roten Zahlen. Die Kulturtage in M\u00fcnchen brachten weitere 80 000 DM Schulden. Auf der Bundestagung 2002 wurde deshalb ein strenger Sparkurs beschlossen. Alle waren bereit, zu helfen \u2013 z.B. wurde auch das Porto aus der eigenen Tasche bezahlt.\u00a0 Dank der gro\u00dfen Solidarit\u00e4t betr\u00e4gt der Schuldenberg nur noch 20.000 Euro.<\/p>\n<p>Bisherige Arbeit und Erfolge in der Gesetzgebung:<br \/>In den vergangenen 4 Jahren wurde vieles erreicht:<\/p>\n<div class=\"pcrstb-wrap\"><table border=\"0\" width=\"100%\" cellpadding=\"0\">\n<tbody>\n<tr>\n<td width=\"14%\">1999\u20132003<\/td>\n<td width=\"86%\">Landesgleichstellungsgesetze in Berlin, Schleswig-Holstein, Bayern, Rheinland-Pfalz und Sachsen-Anhalt<\/td>\n<\/tr>\n<tr>\n<td width=\"20%\">2000<\/td>\n<td width=\"80%\">Neues Schwerbehindertengesetz mit Rechtsanspruch auf Arbeitsassistenz<\/td>\n<\/tr>\n<tr>\n<td width=\"20%\">2001<\/td>\n<td width=\"80%\">Sozialgesetzbuch IX mit Anerkennung der Geb\u00e4rdensprache, Recht auf Geb\u00e4rdensprachdolmetscher bei Sozialhilfetr\u00e4gern, Servicestellen, Merkzeichen GL<\/td>\n<\/tr>\n<tr>\n<td width=\"20%\">2002<\/td>\n<td width=\"80%\">Bundesgleichstellungsgesetz mit Anerkennung der Geb\u00e4rdensprache, M\u00f6glichkeit der Zielvereinbarungen, Verbandsklagerecht<\/td>\n<\/tr>\n<\/tbody>\n<\/table><\/div>\t\t\t\t\t\t\t\t<\/div>\n\t\t\t\t\t<\/div>\n\t\t<\/div>\n\t\t\t\t\t<\/div>\n\t\t<\/section>\n\t\t\t\t<section class=\"penci-section penci-disSticky penci-structure-10 elementor-section elementor-top-section elementor-element elementor-element-df021c7 elementor-section-boxed elementor-section-height-default elementor-section-height-default\" data-id=\"df021c7\" data-element_type=\"section\" data-e-type=\"section\">\n\t\t\t\t\t\t<div class=\"elementor-container elementor-column-gap-default\">\n\t\t\t\t\t<div class=\"penci-ercol-100 penci-ercol-order-1 penci-sticky-ct    elementor-column elementor-col-100 elementor-top-column elementor-element elementor-element-84bf012\" data-id=\"84bf012\" data-element_type=\"column\" data-e-type=\"column\">\n\t\t\t<div class=\"elementor-widget-wrap elementor-element-populated\">\n\t\t\t\t\t\t<div class=\"elementor-element elementor-element-e26aac1 elementor-widget elementor-widget-text-editor\" data-id=\"e26aac1\" data-element_type=\"widget\" data-e-type=\"widget\" data-widget_type=\"text-editor.default\">\n\t\t\t\t\t\t\t\t\t<h5>Arbeitsschwerpunkte jetzt:<\/h5><p>Aufgrund der schwierigen finanziellen Situation wurden die 14 Fachaussch\u00fcsse \u201eauf Eis\u201c gelegt. Zu thematischen Schwerpunkten wird die Arbeit fortgesetzt. Zur Zeit gibt es diese Arbeitsgruppen:<br>\u00b7 E<b>ntwicklung eines Berufsbildes f\u00fcr geh\u00f6rlose Geb\u00e4rdensprachdozentInnen:<\/b> Einrichtung eines Ausbildungsganges mit staatlicher Pr\u00fcfung. Dieser Ausbildungsgang soll nur f\u00fcr Geh\u00f6rlose angeboten werden.<br><b>\u00b7 Qualit\u00e4tssicherung f\u00fcr die Ausbildung und Pr\u00fcfung von Geb\u00e4rdensprachdolmetscherInnen:<\/b><br>Die Ausbildung soll Dolmetschen auf gutem Niveau sicher stellen. Verk\u00fcrzte Ausbildungen wie 2-j\u00e4hrige Umschulungen k\u00f6nnen diese Anforderung in der Regel nicht erf\u00fcllen. G\u00fctekriterien f\u00fcr Dolmetscher werden entwickelt und an Krankenkassen und Integrations\u00e4mter weitergegeben.<br><b>\u00b7 Verbesserung des Angebots f\u00fcr Geh\u00f6rlose im Fernsehen und Barrierefreiheit<\/b><br>Mehr Untertitel im Fernsehen und Einblendung von Geb\u00e4rdensprachdolmetscherInnen sind notwendig. Auf Reisen, in \u00f6ffentlichen Geb\u00e4uden, bei \u00f6ffentlichen Veranstaltungen und im Internet muss mit Untertitel oder Geb\u00e4rdensprachdolmetscherInnen informiert werden.<br><b>\u00b7 Telekommunikation<\/b><br>Ein Relay-Service soll 24 Stunden \/ Tag arbeiten. Man kann das Kommunikationsmittel (Schreibtelefon, Bildtelefon&#8230;.) frei w\u00e4hlen.<\/p>\n<h5>Was bleibt zu tun ? Zuk\u00fcnftige Aufgaben:<\/h5><p><b>Umsetzung des SGB IX und des Behindertengleichstellungsgesetzes.<\/b><br>Die Kommunikationshilfeverordnung (2002) regelt den Einsatz von Geb\u00e4rdensprachdolmetschern und Kommunikationshelfern (z.B. Schriftdolmetschern). Oft ist nicht klar: Wie stelle ich einen Antrag auf Dolmetscher ? Wer bezahlt das ?<br>Im Behindertengleichstellungsgesetz steht: Anerkannte Verb\u00e4nde (z.B. der DGB) k\u00f6nnen mit privaten Firmen \u201eZielvereinbarungen\u201c abmachen (= Verbesserungen f\u00fcr Behinderte beschlie\u00dfen). Das Problem: Die Firmen sind nicht verpflichtet, Vereinbarungen zu unterschreiben. Mit \u00f6ffentlichen Einrichtungen (z.B. staatliche Fernsehanstalten) kann man keine Zielvereinbarungen abschlie\u00dfen. Hier haben die Politiker nicht aufgepasst. Die Erfahrungen bisher zeigen: Man kann mit \u201eZielvereinbarungen\u201c wenig erreichen.<br><b>Landesgleichstellungsgesetze in allen Bundesl\u00e4ndern.<\/b><br>Wichtig: Einbezug der Schulen. Hier sind auch die Landesverb\u00e4nde gefordert.<br><b>Geh\u00f6rlose Fachkr\u00e4fte<\/b> sollen im p\u00e4dagogischen, sozialp\u00e4dagogischen, technischen und medizinischen Bereich t\u00e4tig werden k\u00f6nnen. Zum besseren Erfahrungsaustausch soll es <b>bundesweite Seminare<\/b> geben.<br><b>Gr\u00fcndung eines Jugendverbandes und F\u00f6rderung der Kinder- und Jugendarbeit<\/b><br>Auf der Bundestagung in Erfurt wurde beschlossen: Ein Jugendverband wird im Fr\u00fchjahr gegr\u00fcndet. Einige Landesverb\u00e4nde waren dagegen \u2013 aber es ist wichtig, dass die Jugend einen eigenen Verband hat. So kann man sie vielleicht sp\u00e4ter f\u00fcr den DGB gewinnen.<br>Das Jugendcamp wurde 2003 wieder durchgef\u00fchrt und soll \u2013 wie das Kindercamp &#8211; auch in den n\u00e4chsten Jahren stattfinden.<br><b>Weitere Aufgaben: F\u00f6rderung der Frauen- und Seniorenarbeit, bessere Zusammenarbeit mit Taubblinden<\/b><\/p>\t\t\t\t\t\t\t\t<\/div>\n\t\t\t\t\t<\/div>\n\t\t<\/div>\n\t\t\t\t\t<\/div>\n\t\t<\/section>\n\t\t\t\t<section class=\"penci-section penci-disSticky penci-structure-10 elementor-section elementor-top-section elementor-element elementor-element-3db51e1 elementor-section-boxed elementor-section-height-default elementor-section-height-default\" data-id=\"3db51e1\" data-element_type=\"section\" data-e-type=\"section\">\n\t\t\t\t\t\t<div class=\"elementor-container elementor-column-gap-default\">\n\t\t\t\t\t<div class=\"penci-ercol-100 penci-ercol-order-1 penci-sticky-ct    elementor-column elementor-col-100 elementor-top-column elementor-element elementor-element-0f03e5c\" data-id=\"0f03e5c\" data-element_type=\"column\" data-e-type=\"column\">\n\t\t\t<div class=\"elementor-widget-wrap elementor-element-populated\">\n\t\t\t\t\t\t<div class=\"elementor-element elementor-element-e141b0a elementor-widget elementor-widget-gallery\" data-id=\"e141b0a\" data-element_type=\"widget\" data-e-type=\"widget\" data-widget_type=\"gallery.default\">\n\t\t\t\t<div class=\"elementor-widget-container\">\n\t\t\t\t\t \t\t\t\t<\/div>\n\t\t\t\t<\/div>\n\t\t\t\t\t<\/div>\n\t\t<\/div>\n\t\t\t\t\t<\/div>\n\t\t<\/section>\n\t\t\t\t<section class=\"penci-section penci-disSticky penci-structure-10 elementor-section elementor-top-section elementor-element elementor-element-7b4721e elementor-section-boxed elementor-section-height-default elementor-section-height-default\" data-id=\"7b4721e\" data-element_type=\"section\" data-e-type=\"section\">\n\t\t\t\t\t\t<div class=\"elementor-container elementor-column-gap-default\">\n\t\t\t\t\t<div class=\"penci-ercol-100 penci-ercol-order-1 penci-sticky-ct    elementor-column elementor-col-100 elementor-top-column elementor-element elementor-element-02b0512\" data-id=\"02b0512\" data-element_type=\"column\" data-e-type=\"column\">\n\t\t\t<div class=\"elementor-widget-wrap elementor-element-populated\">\n\t\t\t\t\t\t<div class=\"elementor-element elementor-element-b34664a elementor-widget elementor-widget-text-editor\" data-id=\"b34664a\" data-element_type=\"widget\" data-e-type=\"widget\" data-widget_type=\"text-editor.default\">\n\t\t\t\t\t\t\t\t\t<p>Sie sa<b>gen: H\u00f6rende d\u00fcrfen nicht Geb\u00e4rdensprachdozenten werden. Wenn geh\u00f6rlose Eltern h\u00f6rende Kinder haben, dann lernen ihre Kinder die Geb\u00e4rdensprache und die Geh\u00f6rlosenkultur. Warum sollen sie nicht Geb\u00e4rdensprache unterrichten ?<\/b><br \/>G.G.: Geh\u00f6rlose haben geringe Chancen im Berufsleben. Geb\u00e4rdensprache ist unsere Sprache. Geh\u00f6rlose sollen H\u00f6rende unterrichten. H\u00f6rende, die mit der Geb\u00e4rdensprache arbeiten m\u00f6chten, k\u00f6nnen Geb\u00e4rdensprachdolmetscher werden.<\/p>\n<p><b>Meine zweite Frage: Das Kindercamp ist wichtig. Geh\u00f6rlose Kinder sollen sehen, wie es in der Geh\u00f6rlosenwelt aussieht. Das ist ein Traum, den ich schon lange habe.<\/b><br \/>G.G.: Richtig. Die Jugend hat gute Ideen. Geh\u00f6rlose Kinder und Jugendliche sollen von Geh\u00f6rlosen unterrichtet werden. Sie wissen nicht, dass Geh\u00f6rlose viel erreichen k\u00f6nnen. Es gibt eine Geh\u00f6rlosenpr\u00e4sidentin \u2013 also macht etwas aus euch.<\/p>\n<p><b>Ich war \u00fcberrascht \u00fcber die hohen Schulden \u2013 jetzt sind sie abgebaut. Wie habt ihr das geschafft? <br \/><\/b>G.G.: Wir haben einen Schatzmeister ernannt, alle 4 Jahre gibt es eine Generalversammlung mit Wahl und einem Kassenbericht. Wir haben jetzt nur 2 Vizepr\u00e4sidenten (fr\u00fcher 3), einen Schatzmeister und einen hauptamtlichen Gesch\u00e4ftsf\u00fchrer. Ich bin Kauffrau und mein Nachfolger soll einen \u00dcberblick \u00fcber die Finanzen haben. Die Solidarit\u00e4t und die Spendenbereitschaft vieler Leute haben uns sehr geholfen.<\/p>\n<p><b>Meine zweite Frage: Finden die Kulturtage 2005 in K\u00f6ln statt ?<\/b><br \/>G.G. Das ist nicht sicher. Ich w\u00fcnsche, die Kulturtage finden in K\u00f6ln statt. Aber wir brauchen die Unterst\u00fctzung vor Ort.<\/p>\n<p>Mein Name ist Dieter Zelle. Vor einem Monat haben wir einen Verein f\u00fcr Taubblinde und Sehbehinderte gegr\u00fcndet. Wir haben uns informiert in anderen L\u00e4ndern. Deutsche Geb\u00e4rdensprache f\u00fcr Taubblinde ist schwer, weil das Mundbild und die Mimik wichtig sind. Eine einheitliche Sprache ist besser. Warum gibt es diese Unterschiede in der Geb\u00e4rdensprache ? <br \/>G.G.: Danke f\u00fcr den Beitrag. Es gibt in Deutschland verschiedene Dialekte. Taubblinde benutzen neben dem Lormen die taktile Geb\u00e4rdensprache. Sie haben Recht, die Geb\u00e4rdensprache sollte vereinheitlicht werden.<br \/><br \/><b>Welche Qualifikation muss ein Geh\u00f6rloser mitbringen, wenn er Geb\u00e4rdensprachdozent werden m\u00f6chte? <\/b><br \/>G.G.: Hauptschulabschluss und Berufsabschluss.<br \/>\u00a0<br \/>Noch eine Frage. <b>Du hast gesagt, H\u00f6rende d\u00fcrfen nicht Geb\u00e4rdensprache unterrichten, weil Geh\u00f6rlose weniger Berufschancen haben. Aber: Wie hoch darf die Schwerh\u00f6rigkeit sein, um diesen Beruf zu erlernen ? Die gleiche Situation kann ich auf die bilingualen Schulversuche \u00fcbertragen. Da sagt man als H\u00f6render: Ein Geh\u00f6rloser mit Lehrerausbildung kann nicht Deutschunterricht erteilen, weil er geh\u00f6rlos ist. Ich denke, es ist besser, wenn jeder Unterricht in dem Fach machen kann, das seiner Neigung und seinen F\u00e4higkeiten entspricht.<\/b> <br \/>G.G: Das Fach Geb\u00e4rdensprache soll kein H\u00f6render unterrichten. In meiner Zeit als Pr\u00e4sidentin m\u00f6chte ich das nicht. H\u00f6rende k\u00f6nnen den Beruf des Geb\u00e4rdensprachdolmetschers ergreifen, der Beruf des Geb\u00e4rdensprachdozenten soll Geh\u00f6rlosen vorbehalten bleiben. Auch Schwerh\u00f6rige und Ertaubte mit entsprechender Geb\u00e4rdensprachkompetenz k\u00f6nnen diesen Beruf erlernen. Nur h\u00f6rende Geb\u00e4rdensprachdozenten d\u00fcrfen nicht sein.<br \/>\u00a0<br \/><b>Es gibt jetzt viele verschiedene Berufsm\u00f6glichkeiten im p\u00e4dagogischen Bereich f\u00fcr Geh\u00f6rlose. Aber in den Schulen und im Kindergarten sind die Stellen von H\u00f6renden besetzt.\u00a0 Gibt es eine M\u00f6glichkeit, die Stellen f\u00fcr Geh\u00f6rlose frei zu machen ? <\/b><br \/>G.G.: Das ist schwierig. Die H\u00f6renden haben einen Arbeitsplatz \u2013 vielleicht kann man es durch das Gleichstellungsgesetz in bestimmten Einrichtungen (Barrierefreiheit) durchsetzen. Z.B. Kliniken f\u00fcr Suchtkranke m\u00fcssen Personal haben, das Geb\u00e4rdensprache beherrscht.<\/p>\t\t\t\t\t\t\t\t<\/div>\n\t\t\t\t\t<\/div>\n\t\t<\/div>\n\t\t\t\t\t<\/div>\n\t\t<\/section>\n\t\t\t\t<section class=\"penci-section penci-disSticky penci-structure-30 elementor-section elementor-top-section elementor-element elementor-element-2bc2a0c elementor-section-boxed elementor-section-height-default elementor-section-height-default\" data-id=\"2bc2a0c\" data-element_type=\"section\" data-e-type=\"section\">\n\t\t\t\t\t\t<div class=\"elementor-container elementor-column-gap-default\">\n\t\t\t\t\t<div class=\"penci-ercol-33 penci-ercol-order-1 penci-sticky-sb penci-sidebarSC   elementor-column elementor-col-33 elementor-top-column elementor-element elementor-element-a9fe757\" data-id=\"a9fe757\" data-element_type=\"column\" data-e-type=\"column\">\n\t\t\t<div class=\"elementor-widget-wrap elementor-element-populated\">\n\t\t\t\t\t\t<div class=\"elementor-element elementor-element-ba53895 elementor-widget elementor-widget-text-editor\" data-id=\"ba53895\" data-element_type=\"widget\" data-e-type=\"widget\" data-widget_type=\"text-editor.default\">\n\t\t\t\t\t\t\t\t\t<p>Meine Mitglieder und ich freuen uns, dass Sie hier sind. Der Stadtverband der Geh\u00f6rlosen Essen gratuliert Ihnen zur Wiederwahl und w\u00fcnscht viel Erfolg. Statt Blumen \u00fcberreichen wir Geld.<\/p>\t\t\t\t\t\t\t\t<\/div>\n\t\t\t\t\t<\/div>\n\t\t<\/div>\n\t\t\t\t<div class=\"penci-ercol-33 penci-ercol-order-2 penci-sticky-sb penci-sidebarSC   elementor-column elementor-col-33 elementor-top-column elementor-element elementor-element-85002bc\" data-id=\"85002bc\" data-element_type=\"column\" data-e-type=\"column\">\n\t\t\t<div class=\"elementor-widget-wrap elementor-element-populated\">\n\t\t\t\t\t\t<div class=\"elementor-element elementor-element-088c63a elementor-widget elementor-widget-image\" data-id=\"088c63a\" data-element_type=\"widget\" data-e-type=\"widget\" data-widget_type=\"image.default\">\n\t\t\t\t\t\t\t\t\t\t\t\t\t\t\t<img loading=\"lazy\" decoding=\"async\" width=\"283\" height=\"377\" src=\"https:\/\/zeichensetzen-online.de\/wp-content\/uploads\/2003\/11\/diskussion9_121103.jpg\" class=\"attachment-large size-large wp-image-2960\" alt=\"Der Deutsche Geh\u00f6rlosen-Bund&quot; Wo geht es hin ? Aufgaben f\u00fcr die Zukunft\" srcset=\"https:\/\/zeichensetzen-online.de\/wp-content\/uploads\/2003\/11\/diskussion9_121103.jpg 283w, https:\/\/zeichensetzen-online.de\/wp-content\/uploads\/2003\/11\/diskussion9_121103-225x300.jpg 225w\" sizes=\"(max-width: 283px) 100vw, 283px\" \/>\t\t\t\t\t\t\t\t\t\t\t\t\t\t\t<\/div>\n\t\t\t\t\t<\/div>\n\t\t<\/div>\n\t\t\t\t<div class=\"penci-ercol-33 penci-ercol-order-3 penci-sticky-sb penci-sidebarSC   elementor-column elementor-col-33 elementor-top-column elementor-element elementor-element-5ea31d6\" data-id=\"5ea31d6\" data-element_type=\"column\" data-e-type=\"column\">\n\t\t\t<div class=\"elementor-widget-wrap elementor-element-populated\">\n\t\t\t\t\t\t<div class=\"elementor-element elementor-element-971dc34 elementor-widget elementor-widget-image\" data-id=\"971dc34\" data-element_type=\"widget\" data-e-type=\"widget\" data-widget_type=\"image.default\">\n\t\t\t\t\t\t\t\t\t\t\t\t\t\t\t<img loading=\"lazy\" decoding=\"async\" width=\"283\" height=\"377\" src=\"https:\/\/zeichensetzen-online.de\/wp-content\/uploads\/2003\/11\/diskussion14_121103.jpg\" class=\"attachment-large size-large wp-image-2961\" alt=\"Der Deutsche Geh\u00f6rlosen-Bund&quot; Wo geht es hin ? Aufgaben f\u00fcr die Zukunft\" srcset=\"https:\/\/zeichensetzen-online.de\/wp-content\/uploads\/2003\/11\/diskussion14_121103.jpg 283w, https:\/\/zeichensetzen-online.de\/wp-content\/uploads\/2003\/11\/diskussion14_121103-225x300.jpg 225w\" sizes=\"(max-width: 283px) 100vw, 283px\" \/>\t\t\t\t\t\t\t\t\t\t\t\t\t\t\t<\/div>\n\t\t\t\t\t<\/div>\n\t\t<\/div>\n\t\t\t\t\t<\/div>\n\t\t<\/section>\n\t\t\t\t<section class=\"penci-section penci-disSticky penci-structure-10 elementor-section elementor-top-section elementor-element elementor-element-c8aaeeb elementor-section-boxed elementor-section-height-default elementor-section-height-default\" data-id=\"c8aaeeb\" data-element_type=\"section\" data-e-type=\"section\">\n\t\t\t\t\t\t<div class=\"elementor-container elementor-column-gap-default\">\n\t\t\t\t\t<div class=\"penci-ercol-100 penci-ercol-order-1 penci-sticky-ct    elementor-column elementor-col-100 elementor-top-column elementor-element elementor-element-1d32b38\" data-id=\"1d32b38\" data-element_type=\"column\" data-e-type=\"column\">\n\t\t\t<div class=\"elementor-widget-wrap elementor-element-populated\">\n\t\t\t\t\t\t<div class=\"elementor-element elementor-element-988004d elementor-widget elementor-widget-text-editor\" data-id=\"988004d\" data-element_type=\"widget\" data-e-type=\"widget\" data-widget_type=\"text-editor.default\">\n\t\t\t\t\t\t\t\t\t<p>I<b>ch bin h\u00f6rend und mache die Ausbildung zum Geb\u00e4rdensprachdolmetscher in Essen. Ich bin betroffen \u00fcber das, was Sie eben berichtet haben. Wir haben daf\u00fcr gek\u00e4mpft, diese Ausbildung zu machen. <\/b><br>G.G. Ich betone: Es gibt eine Ausnahme hier in NRW, den IHK-Abschluss zu machen. Das akzeptieren wir,denn diese Pr\u00fcfung vor der IHK in diesem Bundesland ist sehr anspruchsvoll. Diese Gruppe wird von uns anerkannt.<\/p>\t\t\t\t\t\t\t\t<\/div>\n\t\t\t\t\t<\/div>\n\t\t<\/div>\n\t\t\t\t\t<\/div>\n\t\t<\/section>\n\t\t\t\t<section class=\"penci-section penci-disSticky penci-structure-22 elementor-section elementor-top-section elementor-element elementor-element-69a063d elementor-section-boxed elementor-section-height-default elementor-section-height-default\" data-id=\"69a063d\" data-element_type=\"section\" data-e-type=\"section\">\n\t\t\t\t\t\t<div class=\"elementor-container elementor-column-gap-default\">\n\t\t\t\t\t<div class=\"penci-ercol-66 penci-ercol-order-1 penci-sticky-ct    elementor-column elementor-col-66 elementor-top-column elementor-element elementor-element-3b14147\" data-id=\"3b14147\" data-element_type=\"column\" data-e-type=\"column\">\n\t\t\t<div class=\"elementor-widget-wrap elementor-element-populated\">\n\t\t\t\t\t\t<div class=\"elementor-element elementor-element-1ae78ce elementor-widget elementor-widget-image\" data-id=\"1ae78ce\" data-element_type=\"widget\" data-e-type=\"widget\" data-widget_type=\"image.default\">\n\t\t\t\t\t\t\t\t\t\t\t\t\t\t\t<img loading=\"lazy\" decoding=\"async\" width=\"567\" height=\"282\" src=\"https:\/\/zeichensetzen-online.de\/wp-content\/uploads\/2003\/11\/publikum4_121103.jpg\" class=\"attachment-large size-large wp-image-2965\" alt=\"Der Deutsche Geh\u00f6rlosen-Bund&quot; Wo geht es hin ? Aufgaben f\u00fcr die Zukunft\" srcset=\"https:\/\/zeichensetzen-online.de\/wp-content\/uploads\/2003\/11\/publikum4_121103.jpg 567w, https:\/\/zeichensetzen-online.de\/wp-content\/uploads\/2003\/11\/publikum4_121103-300x149.jpg 300w\" sizes=\"(max-width: 567px) 100vw, 567px\" \/>\t\t\t\t\t\t\t\t\t\t\t\t\t\t\t<\/div>\n\t\t\t\t\t<\/div>\n\t\t<\/div>\n\t\t\t\t<div class=\"penci-ercol-33 penci-ercol-order-2 penci-sticky-sb penci-sidebarSC   elementor-column elementor-col-33 elementor-top-column elementor-element elementor-element-e80fea5\" data-id=\"e80fea5\" data-element_type=\"column\" data-e-type=\"column\">\n\t\t\t<div class=\"elementor-widget-wrap elementor-element-populated\">\n\t\t\t\t\t\t<div class=\"elementor-element elementor-element-18cdcb9 elementor-widget elementor-widget-text-editor\" data-id=\"18cdcb9\" data-element_type=\"widget\" data-e-type=\"widget\" data-widget_type=\"text-editor.default\">\n\t\t\t\t\t\t\t\t\t<p>In<b>formiert der DGB auch \u00fcber technische Hilfsmittel f\u00fcr Geh\u00f6rlose ?<\/b><br \/>G.G.: Diesen Fachausschuss gibt es nicht mehr, aber wir machen uns Gedanken, wie man \u00fcber technische Neuerungen informieren kann.<\/p>\t\t\t\t\t\t\t\t<\/div>\n\t\t\t\t\t<\/div>\n\t\t<\/div>\n\t\t\t\t\t<\/div>\n\t\t<\/section>\n\t\t\t\t<section class=\"penci-section penci-disSticky penci-structure-10 elementor-section elementor-top-section elementor-element elementor-element-2ed16a2 elementor-section-boxed elementor-section-height-default elementor-section-height-default\" data-id=\"2ed16a2\" data-element_type=\"section\" data-e-type=\"section\">\n\t\t\t\t\t\t<div class=\"elementor-container elementor-column-gap-default\">\n\t\t\t\t\t<div class=\"penci-ercol-100 penci-ercol-order-1 penci-sticky-ct    elementor-column elementor-col-100 elementor-top-column elementor-element elementor-element-53cf691\" data-id=\"53cf691\" data-element_type=\"column\" data-e-type=\"column\">\n\t\t\t<div class=\"elementor-widget-wrap elementor-element-populated\">\n\t\t\t\t\t\t<div class=\"elementor-element elementor-element-56cb5d8 elementor-widget elementor-widget-text-editor\" data-id=\"56cb5d8\" data-element_type=\"widget\" data-e-type=\"widget\" data-widget_type=\"text-editor.default\">\n\t\t\t\t\t\t\t\t\t<p>De<b>r Deutsche Geh\u00f6rlosen-Bund hat das Verbandsklagerecht. Viele Geh\u00f6rlose haben die diskriminierende Werbung der Firma Wyeth gesehen. Kann man als Verband gegen Firmen klagen, die Geh\u00f6rlose \u00f6ffentlich diskriminieren ?<\/b><br \/>G.G.: Ich war sehr betroffen von dieser Werbung. Wir k\u00f6nnen nur f\u00fcr eine Person klagen, nicht f\u00fcr die ganze Gruppe. Wenn wir klagen, m\u00fcssen wir einen Juristen haben, der uns ber\u00e4t. Wir haben damals 1000 Euro Schadenersatz bekommen. Es ist noch nicht ganz klar, wie weit das Verbandsklagerecht geht, in welchen F\u00e4llen es helfen kann und in welchen nicht. Das m\u00fcssen wir noch herausfinden.<\/p>\n<p><b>Der Landesverband kann eine Verbandsklage nicht einreichen. Wir m\u00fcssen bundesweite Verbesserungen erreichen und deshalb eine bessere Zusammenarbeit zwischen Landesverb\u00e4nden und DGB schaffen. Wir m\u00fcssen uns auch Gedanken machen, wie wir Rechtsanw\u00e4lte finanzieren k\u00f6nnen.<\/b><\/p>\t\t\t\t\t\t\t\t<\/div>\n\t\t\t\t\t<\/div>\n\t\t<\/div>\n\t\t\t\t\t<\/div>\n\t\t<\/section>\n\t\t\t\t<section class=\"penci-section penci-disSticky penci-structure-10 elementor-section elementor-top-section elementor-element elementor-element-0243d36 elementor-section-boxed elementor-section-height-default elementor-section-height-default\" data-id=\"0243d36\" data-element_type=\"section\" data-e-type=\"section\">\n\t\t\t\t\t\t<div class=\"elementor-container elementor-column-gap-default\">\n\t\t\t\t\t<div class=\"penci-ercol-100 penci-ercol-order-1 penci-sticky-ct    elementor-column elementor-col-100 elementor-top-column elementor-element elementor-element-66d3af6\" data-id=\"66d3af6\" data-element_type=\"column\" data-e-type=\"column\">\n\t\t\t<div class=\"elementor-widget-wrap elementor-element-populated\">\n\t\t\t\t\t\t<div class=\"elementor-element elementor-element-10b6225 elementor-widget elementor-widget-image\" data-id=\"10b6225\" data-element_type=\"widget\" data-e-type=\"widget\" data-widget_type=\"image.default\">\n\t\t\t\t\t\t\t\t\t\t\t\t\t\t\t<img loading=\"lazy\" decoding=\"async\" width=\"766\" height=\"230\" src=\"https:\/\/zeichensetzen-online.de\/wp-content\/uploads\/2003\/11\/diskussion13_121109.png\" class=\"attachment-large size-large wp-image-2982\" alt=\"Der Deutsche Geh\u00f6rlosen-Bund&quot; Wo geht es hin ? Aufgaben f\u00fcr die Zukunft\" srcset=\"https:\/\/zeichensetzen-online.de\/wp-content\/uploads\/2003\/11\/diskussion13_121109.png 766w, https:\/\/zeichensetzen-online.de\/wp-content\/uploads\/2003\/11\/diskussion13_121109-300x90.png 300w, https:\/\/zeichensetzen-online.de\/wp-content\/uploads\/2003\/11\/diskussion13_121109-585x176.png 585w\" sizes=\"(max-width: 766px) 100vw, 766px\" \/>\t\t\t\t\t\t\t\t\t\t\t\t\t\t\t<\/div>\n\t\t\t\t\t<\/div>\n\t\t<\/div>\n\t\t\t\t\t<\/div>\n\t\t<\/section>\n\t\t\t\t<section class=\"penci-section penci-disSticky penci-structure-10 elementor-section elementor-top-section elementor-element elementor-element-f1d2d66 elementor-section-boxed elementor-section-height-default elementor-section-height-default\" data-id=\"f1d2d66\" data-element_type=\"section\" data-e-type=\"section\">\n\t\t\t\t\t\t<div class=\"elementor-container elementor-column-gap-default\">\n\t\t\t\t\t<div class=\"penci-ercol-100 penci-ercol-order-1 penci-sticky-ct    elementor-column elementor-col-100 elementor-top-column elementor-element elementor-element-034fbdc\" data-id=\"034fbdc\" data-element_type=\"column\" data-e-type=\"column\">\n\t\t\t<div class=\"elementor-widget-wrap elementor-element-populated\">\n\t\t\t\t\t\t<div class=\"elementor-element elementor-element-ce2ead4 elementor-widget elementor-widget-text-editor\" data-id=\"ce2ead4\" data-element_type=\"widget\" data-e-type=\"widget\" data-widget_type=\"text-editor.default\">\n\t\t\t\t\t\t\t\t\t<p>Nach 2 Stunden beendete Winny die Diskussion und Gerlinde Gerkens verabschiedete sich vom Publikum &#8211; nicht von allen, denn in einer Kneipe ging es anschlie\u00dfend noch weiter&#8230;<\/p>\t\t\t\t\t\t\t\t<\/div>\n\t\t\t\t\t<\/div>\n\t\t<\/div>\n\t\t\t\t\t<\/div>\n\t\t<\/section>\n\t\t\t\t<section class=\"penci-section penci-disSticky penci-structure-10 elementor-section elementor-top-section elementor-element elementor-element-fec66c7 elementor-section-boxed elementor-section-height-default elementor-section-height-default\" data-id=\"fec66c7\" data-element_type=\"section\" data-e-type=\"section\">\n\t\t\t\t\t\t<div class=\"elementor-container elementor-column-gap-default\">\n\t\t\t\t\t<div class=\"penci-ercol-100 penci-ercol-order-1 penci-sticky-ct    elementor-column elementor-col-100 elementor-top-column elementor-element elementor-element-8a8a324\" data-id=\"8a8a324\" data-element_type=\"column\" data-e-type=\"column\">\n\t\t\t<div class=\"elementor-widget-wrap elementor-element-populated\">\n\t\t\t\t\t\t<div class=\"elementor-element elementor-element-33feefa elementor-widget elementor-widget-image\" data-id=\"33feefa\" data-element_type=\"widget\" data-e-type=\"widget\" data-widget_type=\"image.default\">\n\t\t\t\t\t\t\t\t\t\t\t\t\t\t\t<img loading=\"lazy\" decoding=\"async\" width=\"850\" height=\"300\" src=\"https:\/\/zeichensetzen-online.de\/wp-content\/uploads\/2003\/11\/publikum5_121103-1.jpg\" class=\"attachment-large size-large wp-image-2976\" alt=\"Der Deutsche Geh\u00f6rlosen-Bund&quot; Wo geht es hin ? Aufgaben f\u00fcr die Zukunft\" srcset=\"https:\/\/zeichensetzen-online.de\/wp-content\/uploads\/2003\/11\/publikum5_121103-1.jpg 850w, https:\/\/zeichensetzen-online.de\/wp-content\/uploads\/2003\/11\/publikum5_121103-1-300x106.jpg 300w, https:\/\/zeichensetzen-online.de\/wp-content\/uploads\/2003\/11\/publikum5_121103-1-768x271.jpg 768w, https:\/\/zeichensetzen-online.de\/wp-content\/uploads\/2003\/11\/publikum5_121103-1-585x206.jpg 585w\" sizes=\"(max-width: 850px) 100vw, 850px\" \/>\t\t\t\t\t\t\t\t\t\t\t\t\t\t\t<\/div>\n\t\t\t\t\t<\/div>\n\t\t<\/div>\n\t\t\t\t\t<\/div>\n\t\t<\/section>\n\t\t\t\t<section class=\"penci-section penci-disSticky penci-structure-10 elementor-section elementor-top-section elementor-element elementor-element-4526e83 elementor-section-boxed elementor-section-height-default elementor-section-height-default\" data-id=\"4526e83\" data-element_type=\"section\" data-e-type=\"section\">\n\t\t\t\t\t\t<div class=\"elementor-container elementor-column-gap-default\">\n\t\t\t\t\t<div class=\"penci-ercol-100 penci-ercol-order-1 penci-sticky-ct    elementor-column elementor-col-100 elementor-top-column elementor-element elementor-element-459dc3d\" data-id=\"459dc3d\" data-element_type=\"column\" data-e-type=\"column\">\n\t\t\t<div class=\"elementor-widget-wrap elementor-element-populated\">\n\t\t\t\t\t\t<div class=\"elementor-element elementor-element-714ff63 elementor-widget elementor-widget-text-editor\" data-id=\"714ff63\" data-element_type=\"widget\" data-e-type=\"widget\" data-widget_type=\"text-editor.default\">\n\t\t\t\t\t\t\t\t\t<p>Hinweis: Der Deutsche Geh\u00f6rlosen-Bund f\u00fchrt eine sehr informative Website:<\/p>\n<p><a href=\"http:\/\/www.gehoerlosen-bund.de\/\" target=\"_blank\" rel=\"noopener\">www.gehoerlosen-bund.de<\/a><\/p>\n<p>Bericht und Fotos:<br \/>Helga Ulbricht (Trotz guter Dolmetschleistung kann es zu Missverst\u00e4ndnissen kommen. Wenn eine Meinung nicht richtig wiedergegeben ist, wendet euch bitte an den Webmaster. Danke)<\/p>\t\t\t\t\t\t\t\t<\/div>\n\t\t\t\t\t<\/div>\n\t\t<\/div>\n\t\t\t\t\t<\/div>\n\t\t<\/section>\n\t\t\t\t<\/div>\n\t\t","protected":false},"excerpt":{"rendered":"<p>Kofo Essen, 12. November 2003 Der Deutsche Geh\u00f6rlosen-Bund \u2013 Wo geht es hin? Aufgaben f\u00fcr die Zukunft Referentin: Gerlinde Gerkens Gerlinde Gerkens ist seit 1999 Pr\u00e4sidentin des Deutschen Geh\u00f6rlosen-Bundes und&hellip;<\/p>\n","protected":false},"author":1,"featured_media":0,"comment_status":"closed","ping_status":"open","sticky":false,"template":"","format":"standard","meta":{"content-type":"","_lmt_disableupdate":"","_lmt_disable":"","_themeisle_gutenberg_block_has_review":false,"footnotes":""},"categories":[5,162],"tags":[],"class_list":["post-399","post","type-post","status-publish","format-standard","hentry","category-jahrgang-2003","category-november-jahrgang-2003"],"aioseo_notices":[],"_links":{"self":[{"href":"https:\/\/zeichensetzen-online.de\/index.php\/wp-json\/wp\/v2\/posts\/399","targetHints":{"allow":["GET"]}}],"collection":[{"href":"https:\/\/zeichensetzen-online.de\/index.php\/wp-json\/wp\/v2\/posts"}],"about":[{"href":"https:\/\/zeichensetzen-online.de\/index.php\/wp-json\/wp\/v2\/types\/post"}],"author":[{"embeddable":true,"href":"https:\/\/zeichensetzen-online.de\/index.php\/wp-json\/wp\/v2\/users\/1"}],"replies":[{"embeddable":true,"href":"https:\/\/zeichensetzen-online.de\/index.php\/wp-json\/wp\/v2\/comments?post=399"}],"version-history":[{"count":67,"href":"https:\/\/zeichensetzen-online.de\/index.php\/wp-json\/wp\/v2\/posts\/399\/revisions"}],"predecessor-version":[{"id":4034,"href":"https:\/\/zeichensetzen-online.de\/index.php\/wp-json\/wp\/v2\/posts\/399\/revisions\/4034"}],"wp:attachment":[{"href":"https:\/\/zeichensetzen-online.de\/index.php\/wp-json\/wp\/v2\/media?parent=399"}],"wp:term":[{"taxonomy":"category","embeddable":true,"href":"https:\/\/zeichensetzen-online.de\/index.php\/wp-json\/wp\/v2\/categories?post=399"},{"taxonomy":"post_tag","embeddable":true,"href":"https:\/\/zeichensetzen-online.de\/index.php\/wp-json\/wp\/v2\/tags?post=399"}],"curies":[{"name":"wp","href":"https:\/\/api.w.org\/{rel}","templated":true}]}}