{"id":361,"date":"2003-05-14T22:13:13","date_gmt":"2003-05-14T20:13:13","guid":{"rendered":"https:\/\/zeichensetzen-online.de\/?p=361"},"modified":"2023-04-30T22:28:32","modified_gmt":"2023-04-30T20:28:32","slug":"gehoerlose-buerger-in-ostdeutschland-gestern-und-heute","status":"publish","type":"post","link":"https:\/\/zeichensetzen-online.de\/index.php\/2003\/05\/14\/gehoerlose-buerger-in-ostdeutschland-gestern-und-heute\/","title":{"rendered":"Geh\u00f6rlose B\u00fcrger in Ostdeutschland \u2013 gestern und heute"},"content":{"rendered":"\t\t<div data-elementor-type=\"wp-post\" data-elementor-id=\"361\" class=\"elementor elementor-361\">\n\t\t\t\t\t\t<section class=\"penci-section penci-disSticky penci-structure-10 elementor-section elementor-top-section elementor-element elementor-element-0300ed3 elementor-section-boxed elementor-section-height-default elementor-section-height-default\" data-id=\"0300ed3\" data-element_type=\"section\" data-e-type=\"section\">\n\t\t\t\t\t\t<div class=\"elementor-container elementor-column-gap-default\">\n\t\t\t\t\t<div class=\"penci-ercol-100 penci-ercol-order-1 penci-sticky-ct    elementor-column elementor-col-100 elementor-top-column elementor-element elementor-element-e66a9a6\" data-id=\"e66a9a6\" data-element_type=\"column\" data-e-type=\"column\">\n\t\t\t<div class=\"elementor-widget-wrap elementor-element-populated\">\n\t\t\t\t\t\t<div class=\"elementor-element elementor-element-c61a8b9 elementor-widget elementor-widget-penci-fancy_heading\" data-id=\"c61a8b9\" data-element_type=\"widget\" data-e-type=\"widget\" data-widget_type=\"penci-fancy_heading.default\">\n\t\t\t\t<div class=\"elementor-widget-container\">\n\t\t\t\t\t\t\t<div class=\"penci-fancy-heading penci-heading-text-left pc-fctline\">\n\t\t\t<div class=\"penci-fancy-heading-inner\">\n\t\t\t\t<div class=\"penci-heading-subtitle\">Kofo Essen, 14. Mai 2003<\/div><h2 class=\"penci-heading-title\"><span class=\"inner-tit\">Geh\u00f6rlose B\u00fcrger in Ostdeutschland \u2013 gestern und heute<\/span><\/h2><div class=\"penci-separator penci-separator- penci-separator-left\"><span class=\"penci-sep_holder penci-sep_holder_l\"><span class=\"penci-sep_line\"><\/span><\/span><span class=\"penci-sep_holder penci-sep_holder_r\"><span class=\"penci-sep_line\"><\/span><\/span><\/div><div class=\"penci-heading-content entry-content\"><p>Referent: Volkmar Jaeger (geh\u00f6rlos)<\/p>\n<\/div>\t\t\t<\/div>\n\t\t<\/div>\n\t\t\t\t\t\t<\/div>\n\t\t\t\t<\/div>\n\t\t\t\t\t<\/div>\n\t\t<\/div>\n\t\t\t\t\t<\/div>\n\t\t<\/section>\n\t\t\t\t<section class=\"penci-section penci-disSticky penci-structure-10 elementor-section elementor-top-section elementor-element elementor-element-e0568b6 elementor-section-boxed elementor-section-height-default elementor-section-height-default\" data-id=\"e0568b6\" data-element_type=\"section\" data-e-type=\"section\">\n\t\t\t\t\t\t<div class=\"elementor-container elementor-column-gap-default\">\n\t\t\t\t\t<div class=\"penci-ercol-100 penci-ercol-order-1 penci-sticky-ct    elementor-column elementor-col-100 elementor-top-column elementor-element elementor-element-f02d516\" data-id=\"f02d516\" data-element_type=\"column\" data-e-type=\"column\">\n\t\t\t<div class=\"elementor-widget-wrap elementor-element-populated\">\n\t\t\t\t\t\t<div class=\"elementor-element elementor-element-61b7b18 elementor-widget elementor-widget-text-editor\" data-id=\"61b7b18\" data-element_type=\"widget\" data-e-type=\"widget\" data-widget_type=\"text-editor.default\">\n\t\t\t\t\t\t\t\t\t<p>Am Nachmittag leitete Volkmar Jaeger einen Diskussionskreis mit Sch\u00fclerinnen und Sch\u00fclern des Berufskollegs f\u00fcr H\u00f6rgesch\u00e4digte in Essen:<\/p>\t\t\t\t\t\t\t\t<\/div>\n\t\t\t\t\t<\/div>\n\t\t<\/div>\n\t\t\t\t\t<\/div>\n\t\t<\/section>\n\t\t\t\t<section class=\"penci-section penci-disSticky penci-structure-20 elementor-section elementor-top-section elementor-element elementor-element-fb576ad elementor-section-boxed elementor-section-height-default elementor-section-height-default\" data-id=\"fb576ad\" data-element_type=\"section\" data-e-type=\"section\">\n\t\t\t\t\t\t<div class=\"elementor-container elementor-column-gap-default\">\n\t\t\t\t\t<div class=\"penci-ercol-50 penci-ercol-order-1 penci-sticky-ct    elementor-column elementor-col-50 elementor-top-column elementor-element elementor-element-cedaf99\" data-id=\"cedaf99\" data-element_type=\"column\" data-e-type=\"column\">\n\t\t\t<div class=\"elementor-widget-wrap elementor-element-populated\">\n\t\t\t\t\t\t<div class=\"elementor-element elementor-element-4fe7427 elementor-widget elementor-widget-image\" data-id=\"4fe7427\" data-element_type=\"widget\" data-e-type=\"widget\" data-widget_type=\"image.default\">\n\t\t\t\t\t\t\t\t\t\t\t\t\t\t\t<img fetchpriority=\"high\" decoding=\"async\" width=\"425\" height=\"305\" src=\"https:\/\/zeichensetzen-online.de\/wp-content\/uploads\/2003\/05\/Schule1_140503.jpg\" class=\"attachment-large size-large wp-image-3030\" alt=\"Geh\u00f6rlose B\u00fcrger in Ostdeutschland \u2013 gestern und heute\" srcset=\"https:\/\/zeichensetzen-online.de\/wp-content\/uploads\/2003\/05\/Schule1_140503.jpg 425w, https:\/\/zeichensetzen-online.de\/wp-content\/uploads\/2003\/05\/Schule1_140503-300x215.jpg 300w\" sizes=\"(max-width: 425px) 100vw, 425px\" \/>\t\t\t\t\t\t\t\t\t\t\t\t\t\t\t<\/div>\n\t\t\t\t\t<\/div>\n\t\t<\/div>\n\t\t\t\t<div class=\"penci-ercol-50 penci-ercol-order-2 penci-sticky-ct    elementor-column elementor-col-50 elementor-top-column elementor-element elementor-element-2954722\" data-id=\"2954722\" data-element_type=\"column\" data-e-type=\"column\">\n\t\t\t<div class=\"elementor-widget-wrap elementor-element-populated\">\n\t\t\t\t\t\t<div class=\"elementor-element elementor-element-66096c4 elementor-widget elementor-widget-image\" data-id=\"66096c4\" data-element_type=\"widget\" data-e-type=\"widget\" data-widget_type=\"image.default\">\n\t\t\t\t\t\t\t\t\t\t\t\t\t\t\t<img decoding=\"async\" width=\"425\" height=\"305\" src=\"https:\/\/zeichensetzen-online.de\/wp-content\/uploads\/2003\/05\/Schule2_140503.jpg\" class=\"attachment-large size-large wp-image-3031\" alt=\"Geh\u00f6rlose B\u00fcrger in Ostdeutschland \u2013 gestern und heute\" srcset=\"https:\/\/zeichensetzen-online.de\/wp-content\/uploads\/2003\/05\/Schule2_140503.jpg 425w, https:\/\/zeichensetzen-online.de\/wp-content\/uploads\/2003\/05\/Schule2_140503-300x215.jpg 300w\" sizes=\"(max-width: 425px) 100vw, 425px\" \/>\t\t\t\t\t\t\t\t\t\t\t\t\t\t\t<\/div>\n\t\t\t\t\t<\/div>\n\t\t<\/div>\n\t\t\t\t\t<\/div>\n\t\t<\/section>\n\t\t\t\t<section class=\"penci-section penci-disSticky penci-structure-10 elementor-section elementor-top-section elementor-element elementor-element-3538477 elementor-section-boxed elementor-section-height-default elementor-section-height-default\" data-id=\"3538477\" data-element_type=\"section\" data-e-type=\"section\">\n\t\t\t\t\t\t<div class=\"elementor-container elementor-column-gap-default\">\n\t\t\t\t\t<div class=\"penci-ercol-100 penci-ercol-order-1 penci-sticky-ct    elementor-column elementor-col-100 elementor-top-column elementor-element elementor-element-803375a\" data-id=\"803375a\" data-element_type=\"column\" data-e-type=\"column\">\n\t\t\t<div class=\"elementor-widget-wrap elementor-element-populated\">\n\t\t\t\t\t\t<div class=\"elementor-element elementor-element-c7adc30 elementor-widget elementor-widget-text-editor\" data-id=\"c7adc30\" data-element_type=\"widget\" data-e-type=\"widget\" data-widget_type=\"text-editor.default\">\n\t\t\t\t\t\t\t\t\t<p>Volkmar Jaeger ist eine bekannte Pers\u00f6nlichkeit. Trotzdem m\u00f6chte ich den Referenten kurz vorstellen:<\/p><p>Er ist heute Vorsitzender im Stadtverband der H\u00f6rgesch\u00e4digten Leipzig, Vorstandsmitglied im Verein KuGG (Kultur und Geschichte Geh\u00f6rloser) und verantwortlicher Redakteur der Zeitschrift Lesen statt H\u00f6ren.<\/p><p>1928 wurde Volkmar Jaeger in Leipzig geboren und hat Nationalsozialismus, Besatzungszeit und Nachkriegsgeschichte in der DDR miterlebt. Immer engagierte er sich aktiv in Geh\u00f6rlosenverb\u00e4nden und war zur Wendezeit (1989\/90) Mitglied im Neuen Forum und bei jeder Montagsdemo in Leipzig dabei.<\/p>\t\t\t\t\t\t\t\t<\/div>\n\t\t\t\t\t<\/div>\n\t\t<\/div>\n\t\t\t\t\t<\/div>\n\t\t<\/section>\n\t\t\t\t<section class=\"penci-section penci-disSticky penci-structure-20 elementor-section elementor-top-section elementor-element elementor-element-0f4028f elementor-section-boxed elementor-section-height-default elementor-section-height-default\" data-id=\"0f4028f\" data-element_type=\"section\" data-e-type=\"section\">\n\t\t\t\t\t\t<div class=\"elementor-container elementor-column-gap-default\">\n\t\t\t\t\t<div class=\"penci-ercol-50 penci-ercol-order-1 penci-sticky-ct    elementor-column elementor-col-50 elementor-top-column elementor-element elementor-element-18e5ac3\" data-id=\"18e5ac3\" data-element_type=\"column\" data-e-type=\"column\">\n\t\t\t<div class=\"elementor-widget-wrap elementor-element-populated\">\n\t\t\t\t\t\t<div class=\"elementor-element elementor-element-a2bcb2c elementor-widget elementor-widget-text-editor\" data-id=\"a2bcb2c\" data-element_type=\"widget\" data-e-type=\"widget\" data-widget_type=\"text-editor.default\">\n\t\t\t\t\t\t\t\t\t<p>\u00dcber seine Erfahrungen in der DDR vor und nach dem Mauerfall berichtete er auf unserem Kofo.<\/p><p>Hier eine Zusammenfassung des Abendvortrags. Sie kann den lebendigen Beitrag nicht ersetzen:<\/p>\t\t\t\t\t\t\t\t<\/div>\n\t\t\t\t\t<\/div>\n\t\t<\/div>\n\t\t\t\t<div class=\"penci-ercol-50 penci-ercol-order-2 penci-sticky-ct    elementor-column elementor-col-50 elementor-top-column elementor-element elementor-element-33a5a4d\" data-id=\"33a5a4d\" data-element_type=\"column\" data-e-type=\"column\">\n\t\t\t<div class=\"elementor-widget-wrap elementor-element-populated\">\n\t\t\t\t\t\t<div class=\"elementor-element elementor-element-134190b elementor-widget elementor-widget-image\" data-id=\"134190b\" data-element_type=\"widget\" data-e-type=\"widget\" data-widget_type=\"image.default\">\n\t\t\t\t\t\t\t\t\t\t\t\t\t\t\t<img decoding=\"async\" width=\"425\" height=\"285\" src=\"https:\/\/zeichensetzen-online.de\/wp-content\/uploads\/2003\/05\/publikum2_140503.jpg\" class=\"attachment-large size-large wp-image-3029\" alt=\"Geh\u00f6rlose B\u00fcrger in Ostdeutschland \u2013 gestern und heute\" srcset=\"https:\/\/zeichensetzen-online.de\/wp-content\/uploads\/2003\/05\/publikum2_140503.jpg 425w, https:\/\/zeichensetzen-online.de\/wp-content\/uploads\/2003\/05\/publikum2_140503-300x201.jpg 300w, https:\/\/zeichensetzen-online.de\/wp-content\/uploads\/2003\/05\/publikum2_140503-263x175.jpg 263w\" sizes=\"(max-width: 425px) 100vw, 425px\" \/>\t\t\t\t\t\t\t\t\t\t\t\t\t\t\t<\/div>\n\t\t\t\t\t<\/div>\n\t\t<\/div>\n\t\t\t\t\t<\/div>\n\t\t<\/section>\n\t\t\t\t<section class=\"penci-section penci-disSticky penci-structure-10 elementor-section elementor-top-section elementor-element elementor-element-d1ea7d9 elementor-section-boxed elementor-section-height-default elementor-section-height-default\" data-id=\"d1ea7d9\" data-element_type=\"section\" data-e-type=\"section\">\n\t\t\t\t\t\t<div class=\"elementor-container elementor-column-gap-default\">\n\t\t\t\t\t<div class=\"penci-ercol-100 penci-ercol-order-1 penci-sticky-ct    elementor-column elementor-col-100 elementor-top-column elementor-element elementor-element-a4b4f5b\" data-id=\"a4b4f5b\" data-element_type=\"column\" data-e-type=\"column\">\n\t\t\t<div class=\"elementor-widget-wrap elementor-element-populated\">\n\t\t\t\t\t\t<div class=\"elementor-element elementor-element-cc2fe90 elementor-widget elementor-widget-text-editor\" data-id=\"cc2fe90\" data-element_type=\"widget\" data-e-type=\"widget\" data-widget_type=\"text-editor.default\">\n\t\t\t\t\t\t\t\t\t<h5>Wie war das Leben f\u00fcr Geh\u00f6rlose in der DDR ?<\/h5><p>Vor dem Bau der Mauer 1961 sind 2,7 Millionen Menschen in den Westen gegangen, darunter auch viele Geh\u00f6rlose. Mit der DDR-Wirtschaft ging es bergab. Die DDR-Regierung entschloss sich deshalb, das \u201eSchlupfloch\u201c zu stopfen und die Mauer zu bauen. Nun sa\u00dfen alle im riesengro\u00dfen \u201eZoo\u201c fest. Geh\u00f6rlose trafen sich zu Hause oder im engen Freundeskreis und haben dort geb\u00e4rdet und \u00fcber die Regierung gespottet. Sie haben ihre Gemeinschaft behalten. Nur wenige Geh\u00f6rlose wurden Parteimitglieder.<\/p><p><b>Arbeit:<\/b> Geh\u00f6rlose in der DDR hatten Arbeit \u2013 aber es gab versteckte Arbeitslosigkeit. So musste er selbst oft nur zwei Stunden am Tag arbeiten, die \u00fcbrige Zeit hat er heimlich B\u00fccher gelesen. Andere Geh\u00f6rlose haben sinnlose Arbeit gemacht, z.B. einen Stapel Papier abgetragen und wieder aufgestapelt. Es gab typische Berufe f\u00fcr Geh\u00f6rlose: Schneiderin, Tischler, sp\u00e4ter auch Zahntechniker. Aber die Auswahl war nicht gro\u00df.<\/p><p><b>Vereine:<\/b> In den 50er Jahren wurde der Allgemeine Deutsche Geh\u00f6rlosenverband (ADGV) gegr\u00fcndet. Der Staat nahm Einfluss auf die Vorstandswahlen der Verb\u00e4nde. Meistens waren Schwerh\u00f6rige oder H\u00f6rende im Vorstand der H\u00f6rgesch\u00e4digtenvereine. Nur Parteimitglieder durften an Wahlen teilnehmen. Opposition war nicht m\u00f6glich. Die Vereine waren haupts\u00e4chlich Sportvereine. Volkmar Jaeger war einige Jahre parteiloser Vorsitzender der Kommission Kultur und Bildung im ADGV. Man wollte Kultur der H\u00f6renden f\u00fcr Geh\u00f6rlose anbieten \u2013 \u201eGeh\u00f6rlosenkultur\u201c war unbekannt. Diese Kommission wurde sp\u00e4ter aufgel\u00f6st. Sp\u00e4ter, auf internationalen Festivals in Bulgarien trafen sich Deutsche, Spanier, Engl\u00e4nder, Schweden. Die ostdeutschen Teilnehmer haben dar\u00fcber viel Neues \u00fcber Geh\u00f6rlosenkultur erfahren.<\/p><p><b>Kommunikation: <\/b>Lehrer, Eltern und Geschwister waren \u201evermittelnde Dolmetscher\u201c bei Beh\u00f6rden. Es war nicht gern gesehen, wenn Geh\u00f6rlose vor H\u00f6renden geb\u00e4rdeten. Auch auf Veranstaltungen f\u00fcr Geh\u00f6rlose haben geh\u00f6rlose Referenten gesprochen. Ein Dolmetscher \u00fcbersetzte ihren Vortrag in Geb\u00e4rdensprache \u2013 nicht umgekehrt !<\/p>\t\t\t\t\t\t\t\t<\/div>\n\t\t\t\t\t<\/div>\n\t\t<\/div>\n\t\t\t\t\t<\/div>\n\t\t<\/section>\n\t\t\t\t<section class=\"penci-section penci-disSticky penci-structure-10 elementor-section elementor-top-section elementor-element elementor-element-db48e21 elementor-section-boxed elementor-section-height-default elementor-section-height-default\" data-id=\"db48e21\" data-element_type=\"section\" data-e-type=\"section\">\n\t\t\t\t\t\t<div class=\"elementor-container elementor-column-gap-default\">\n\t\t\t\t\t<div class=\"penci-ercol-100 penci-ercol-order-1 penci-sticky-ct    elementor-column elementor-col-100 elementor-top-column elementor-element elementor-element-5bf965b\" data-id=\"5bf965b\" data-element_type=\"column\" data-e-type=\"column\">\n\t\t\t<div class=\"elementor-widget-wrap elementor-element-populated\">\n\t\t\t\t\t\t<div class=\"elementor-element elementor-element-d2481b5 elementor-widget elementor-widget-gallery\" data-id=\"d2481b5\" data-element_type=\"widget\" data-e-type=\"widget\" data-widget_type=\"gallery.default\">\n\t\t\t\t<div class=\"elementor-widget-container\">\n\t\t\t\t\t \t\t\t\t<\/div>\n\t\t\t\t<\/div>\n\t\t\t\t\t<\/div>\n\t\t<\/div>\n\t\t\t\t\t<\/div>\n\t\t<\/section>\n\t\t\t\t<section class=\"penci-section penci-disSticky penci-structure-10 elementor-section elementor-top-section elementor-element elementor-element-3f2e38a elementor-section-boxed elementor-section-height-default elementor-section-height-default\" data-id=\"3f2e38a\" data-element_type=\"section\" data-e-type=\"section\">\n\t\t\t\t\t\t<div class=\"elementor-container elementor-column-gap-default\">\n\t\t\t\t\t<div class=\"penci-ercol-100 penci-ercol-order-1 penci-sticky-ct    elementor-column elementor-col-100 elementor-top-column elementor-element elementor-element-35e6497\" data-id=\"35e6497\" data-element_type=\"column\" data-e-type=\"column\">\n\t\t\t<div class=\"elementor-widget-wrap elementor-element-populated\">\n\t\t\t\t\t\t<div class=\"elementor-element elementor-element-454722e elementor-widget elementor-widget-text-editor\" data-id=\"454722e\" data-element_type=\"widget\" data-e-type=\"widget\" data-widget_type=\"text-editor.default\">\n\t\t\t\t\t\t\t\t\t<h5>Was passierte 1989\/90 in Leipzig ?<\/h5><p>Die Regierung unter Erich Honecker bereitete die gro\u00dfe 40-Jahres-Feier der DDR vor.<br \/>Aber die Menschen waren immer unzufriedener: mit der Wirtschaft ging es bergab, man sah im Westfernsehen das gro\u00dfe Warenangebot, man wollte auch b\u00fcrgerliche Freiheiten und vor allem: frei reisen. Geh\u00f6rlose sahen die Sendung \u201eSehen statt H\u00f6ren\u201c und die Tagesschau mit Untertiteln \u2013 falls man Videotext-Zubeh\u00f6r von Verwandten geschmuggelt bekommen hatte.<br \/>Das Neue Forum in Leipzig wurde gegr\u00fcndet. Volkmar Jaeger war Mitglied. Geh\u00f6rlose trafen sich jeden Montag zu Friedensgebeten in der Nikolaikirche (dort dolmetschte Pfarrer Heinz Weithaas) und zu den Montagsdemonstrationen. Ca 30 Geh\u00f6rlose waren immer dabei. Am 9. Oktober gab es eine gro\u00dfe Demonstration. Viele hatten Angst, denn man bef\u00fcrchtete: Jetzt werden Soldaten eingesetzt \u2013 wie damals am 17. Juni. Aber alle hielten Disziplin und lie\u00dfen sich nicht provozieren. Es war eine gewaltlose Demonstration, die schlie\u00dflich die DDR-Regierung zum R\u00fccktritt zwang.<\/p><p>Am n\u00e4chsten Morgen erfuhr Volkmar Jaeger: die Grenze ist offen.<\/p><p>Nach dem Mauerfall konnte jeder die Stasi-Akten einsehen. Die Geh\u00f6rlosen dachten: es gibt keine Stasi-Akten \u00fcber Geh\u00f6rlose \u2013 die Geb\u00e4rdensprache ist ja lautlos. Volkmar Jaeger erschrak, als er seine 40seitige Stasi-Akte lesen konnte. Man hatte ihn bespitzelt.<\/p><h5><br \/>Im wiedervereinten Deutschland<\/h5><p>Geh\u00f6rlose Demonstranten hatten eine Initiativgruppe gebildet, darunter auch Volkmar Jaeger. Sie wollten den alten Taubstummenverein Leipzig neu gr\u00fcnden. Sie waren nicht gegen Schwerh\u00f6rige, aber sie meinten, dass Geh\u00f6rlose zuerst einen eigenen Verein brauchen, um ein eigenes Selbstbewusstsein zu entwickeln. Dar\u00fcber gab es Uneinigkeit: Geh\u00f6rlose und Schwerh\u00f6rige zusammen in einem Verein wie bisher in der DDR \u2013 oder getrennt und die Mitgliedschaft der Geh\u00f6rlosen im DGB. Die Ex-Funktion\u00e4re hatten immer noch starken Einfluss. Schlie\u00dflich gewannen mit knapper Mehrheit die Bef\u00fcrworter der getrennten Vereine.<\/p><p>Geh\u00f6rlose hatten einen gro\u00dfen Nachholbedarf. Sie wollten nach Westdeutschland und ins Ausland reisen, um Geh\u00f6rlosenvereine zu besuchen und Erfahrungen zu sammeln. Aus dem Westen kamen taube Pers\u00f6nlichkeiten zu Vortr\u00e4gen: z.B. J\u00fcrgen Stachlewitz oder Gertrud Mally. Sie hielt in Leipzig einen Vortrag \u00fcber die Geb\u00e4rdensprache als Fundament zur Selbstverwirklichung. Damit begeisterte sie viele Geh\u00f6rlose. Volkmar Jaeger besuchte 1990 Brighton\/GB. Er war erstaunt, dass Geh\u00f6rlose in der \u00d6ffentlichkeit geb\u00e4rdeten. Er sp\u00fcrte ihre Selbstsicherheit und bemerkte ihr gutes Allgemeinwissen.<\/p><p>Die Wiedervereinigung war auch eine entscheidende Wende f\u00fcr die Geschichte der Geh\u00f6rlosen. Nun gab es auch in Ostdeutschland viele kulturelle Angebote f\u00fcr Geh\u00f6rlose, neue Vereine wurden gegr\u00fcndet, mehr und mehr entstand ein Bewusstsein f\u00fcr Geb\u00e4rdensprache. Der Mauerfall hat den Geh\u00f6rlosen den Weg frei gegeben, sich selbst zu entfalten.<\/p>\t\t\t\t\t\t\t\t<\/div>\n\t\t\t\t\t<\/div>\n\t\t<\/div>\n\t\t\t\t\t<\/div>\n\t\t<\/section>\n\t\t\t\t<section class=\"penci-section penci-disSticky penci-structure-10 elementor-section elementor-top-section elementor-element elementor-element-3331b33 elementor-section-boxed elementor-section-height-default elementor-section-height-default\" data-id=\"3331b33\" data-element_type=\"section\" data-e-type=\"section\">\n\t\t\t\t\t\t<div class=\"elementor-container elementor-column-gap-default\">\n\t\t\t\t\t<div class=\"penci-ercol-100 penci-ercol-order-1 penci-sticky-ct    elementor-column elementor-col-100 elementor-top-column elementor-element elementor-element-c3e76d8\" data-id=\"c3e76d8\" data-element_type=\"column\" data-e-type=\"column\">\n\t\t\t<div class=\"elementor-widget-wrap elementor-element-populated\">\n\t\t\t\t\t\t<div class=\"elementor-element elementor-element-767502b elementor-widget elementor-widget-text-editor\" data-id=\"767502b\" data-element_type=\"widget\" data-e-type=\"widget\" data-widget_type=\"text-editor.default\">\n\t\t\t\t\t\t\t\t\t<p>Weitere Informationen \u00fcber die Geschichte der Geh\u00f6rlosen gibt es auf der Webseite des Vereins<\/p><p>Kultur und Geschichte Geh\u00f6rloser (KuGG):<br \/><a href=\"https:\/\/kugg.de\/\" target=\"_blank\" rel=\"noopener\">www.kugg.de<\/a><\/p><p>Wer Interesse hat, sich \u00fcber Geh\u00f6rlose in Leipzig zu informieren, kann in die Website des Stadtverbandes der H\u00f6rgesch\u00e4digten Leipzig schauen:<br \/><a href=\"https:\/\/www.deafs-leipzig.de\/\" target=\"_blank\" rel=\"noopener\">www.deafs-leipzig.de<\/a><\/p><p><br \/>Bericht nur unter pdf-Format:<br \/>Artikel in der DGZ 8\/2003, mit freundlicher Genehmigung der Redaktion<\/p><p>Bericht: Helga Ulbricht<br \/>Fotos: Helga Ulbricht und Frank Br\u00fcggemann<\/p>\t\t\t\t\t\t\t\t<\/div>\n\t\t\t\t\t<\/div>\n\t\t<\/div>\n\t\t\t\t\t<\/div>\n\t\t<\/section>\n\t\t\t\t<\/div>\n\t\t","protected":false},"excerpt":{"rendered":"<p>Kofo Essen, 14. Mai 2003 Geh\u00f6rlose B\u00fcrger in Ostdeutschland \u2013 gestern und heute Referent: Volkmar Jaeger (geh\u00f6rlos) Am Nachmittag leitete Volkmar Jaeger einen Diskussionskreis mit Sch\u00fclerinnen und Sch\u00fclern des Berufskollegs&hellip;<\/p>\n","protected":false},"author":1,"featured_media":0,"comment_status":"closed","ping_status":"open","sticky":false,"template":"","format":"standard","meta":{"content-type":"","_lmt_disableupdate":"","_lmt_disable":"","_themeisle_gutenberg_block_has_review":false,"footnotes":""},"categories":[5,159],"tags":[],"class_list":["post-361","post","type-post","status-publish","format-standard","hentry","category-jahrgang-2003","category-mai-jahrgang-2003"],"aioseo_notices":[],"_links":{"self":[{"href":"https:\/\/zeichensetzen-online.de\/index.php\/wp-json\/wp\/v2\/posts\/361","targetHints":{"allow":["GET"]}}],"collection":[{"href":"https:\/\/zeichensetzen-online.de\/index.php\/wp-json\/wp\/v2\/posts"}],"about":[{"href":"https:\/\/zeichensetzen-online.de\/index.php\/wp-json\/wp\/v2\/types\/post"}],"author":[{"embeddable":true,"href":"https:\/\/zeichensetzen-online.de\/index.php\/wp-json\/wp\/v2\/users\/1"}],"replies":[{"embeddable":true,"href":"https:\/\/zeichensetzen-online.de\/index.php\/wp-json\/wp\/v2\/comments?post=361"}],"version-history":[{"count":23,"href":"https:\/\/zeichensetzen-online.de\/index.php\/wp-json\/wp\/v2\/posts\/361\/revisions"}],"predecessor-version":[{"id":3981,"href":"https:\/\/zeichensetzen-online.de\/index.php\/wp-json\/wp\/v2\/posts\/361\/revisions\/3981"}],"wp:attachment":[{"href":"https:\/\/zeichensetzen-online.de\/index.php\/wp-json\/wp\/v2\/media?parent=361"}],"wp:term":[{"taxonomy":"category","embeddable":true,"href":"https:\/\/zeichensetzen-online.de\/index.php\/wp-json\/wp\/v2\/categories?post=361"},{"taxonomy":"post_tag","embeddable":true,"href":"https:\/\/zeichensetzen-online.de\/index.php\/wp-json\/wp\/v2\/tags?post=361"}],"curies":[{"name":"wp","href":"https:\/\/api.w.org\/{rel}","templated":true}]}}