{"id":323,"date":"2003-02-12T21:24:34","date_gmt":"2003-02-12T20:24:34","guid":{"rendered":"https:\/\/zeichensetzen-online.de\/?p=323"},"modified":"2023-04-30T22:29:04","modified_gmt":"2023-04-30T20:29:04","slug":"von-der-schule-bis-zur-rentehilfen-im-arbeitsleben-die-arbeit-der-integrationsfachdienste","status":"publish","type":"post","link":"https:\/\/zeichensetzen-online.de\/index.php\/2003\/02\/12\/von-der-schule-bis-zur-rentehilfen-im-arbeitsleben-die-arbeit-der-integrationsfachdienste\/","title":{"rendered":"Von der Schule bis zur Rente:<br>Hilfen im Arbeitsleben \u2013 Die Arbeit der Integrationsfachdienste"},"content":{"rendered":"\t\t<div data-elementor-type=\"wp-post\" data-elementor-id=\"323\" class=\"elementor elementor-323\">\n\t\t\t\t\t\t<section class=\"penci-section penci-disSticky penci-structure-10 elementor-section elementor-top-section elementor-element elementor-element-d4c8d51 elementor-section-boxed elementor-section-height-default elementor-section-height-default\" data-id=\"d4c8d51\" data-element_type=\"section\" data-e-type=\"section\">\n\t\t\t\t\t\t<div class=\"elementor-container elementor-column-gap-default\">\n\t\t\t\t\t<div class=\"penci-ercol-100 penci-ercol-order-1 penci-sticky-ct    elementor-column elementor-col-100 elementor-top-column elementor-element elementor-element-cedb9df\" data-id=\"cedb9df\" data-element_type=\"column\" data-e-type=\"column\">\n\t\t\t<div class=\"elementor-widget-wrap elementor-element-populated\">\n\t\t\t\t\t\t<div class=\"elementor-element elementor-element-965aeb0 elementor-widget elementor-widget-penci-fancy_heading\" data-id=\"965aeb0\" data-element_type=\"widget\" data-e-type=\"widget\" data-widget_type=\"penci-fancy_heading.default\">\n\t\t\t\t<div class=\"elementor-widget-container\">\n\t\t\t\t\t\t\t<div class=\"penci-fancy-heading penci-heading-text-left pc-fctline\">\n\t\t\t<div class=\"penci-fancy-heading-inner\">\n\t\t\t\t<div class=\"penci-heading-subtitle\">Kofo Essen, 12.02.03<\/div><h2 class=\"penci-heading-title\"><span class=\"inner-tit\">Von der Schule bis zur Rente:\nHilfen im Arbeitsleben \u2013\nDie Arbeit der Integrationsfachdienste<\/span><\/h2><div class=\"penci-separator penci-separator- penci-separator-left\"><span class=\"penci-sep_holder penci-sep_holder_l\"><span class=\"penci-sep_line\"><\/span><\/span><span class=\"penci-sep_holder penci-sep_holder_r\"><span class=\"penci-sep_line\"><\/span><\/span><\/div><div class=\"penci-heading-content entry-content\"><p>ReferentInnen: Christian Schausen (IFD Aachen),<br \/>\nSabine Schl\u00fc\u00df (IFD Essen),<br \/>\nDaniela D\u00fcrr (IFD Wuppertal)<\/p>\n<\/div>\t\t\t<\/div>\n\t\t<\/div>\n\t\t\t\t\t\t<\/div>\n\t\t\t\t<\/div>\n\t\t\t\t\t<\/div>\n\t\t<\/div>\n\t\t\t\t\t<\/div>\n\t\t<\/section>\n\t\t\t\t<section class=\"penci-section penci-disSticky penci-structure-10 elementor-section elementor-top-section elementor-element elementor-element-43943b1 elementor-section-boxed elementor-section-height-default elementor-section-height-default\" data-id=\"43943b1\" data-element_type=\"section\" data-e-type=\"section\">\n\t\t\t\t\t\t<div class=\"elementor-container elementor-column-gap-default\">\n\t\t\t\t\t<div class=\"penci-ercol-100 penci-ercol-order-1 penci-sticky-ct    elementor-column elementor-col-100 elementor-top-column elementor-element elementor-element-a08ee63\" data-id=\"a08ee63\" data-element_type=\"column\" data-e-type=\"column\">\n\t\t\t<div class=\"elementor-widget-wrap elementor-element-populated\">\n\t\t\t\t\t\t<div class=\"elementor-element elementor-element-116a99d elementor-widget elementor-widget-text-editor\" data-id=\"116a99d\" data-element_type=\"widget\" data-e-type=\"widget\" data-widget_type=\"text-editor.default\">\n\t\t\t\t\t\t\t\t\t<p>ReferentInnen: Christian Schausen (IFD Aachen), Sabine Schl\u00fc\u00df (IFD Essen), Daniela D\u00fcrr (IFD Wuppertal)<br \/><br \/>\u00dcber 100 G\u00e4ste waren gekommen, um sich \u00fcber die Aufgaben der neuen Integrationsfachdienste zu informieren \u2013 die Mensa des Internats war bis auf den letzten Platz besetzt.<br \/><br \/>Die Moderation an diesem Kofo-Abend teilten sich Ilse Grinz und Winny Stenner. Unsere Geb\u00e4rdensprachdolmetscherinnen waren Bastienne Rehe und Magdalena Meisen-Jelas. Als unerm\u00fcdliche Schreibdolmetscherin war Gisela Kaul im Einsatz.<br \/><br \/>Christian Schausen begann mit einer kurzen <b>Einf\u00fchrung in die Geschichte der IFD<\/b>: Bis zum Herbst 2000 gab es in Deutschland nur den Berufsbegleitenden Dienst f\u00fcr Schwerbehinderte. Er half bei Problemen am Arbeitsplatz. F\u00fcr schwerbehinderte Arbeitslose gab es kein besonderes Beratungsangebot. Auch f\u00fcr die Berufsberatung schwerbehinderter Schulabg\u00e4nger gab es nicht \u00fcberall qualifizierte Berater. Im Oktober 2000 wurde das Schwerbehindertenrecht ge\u00e4ndert und eine neue Einrichtung geschaffen: die Integrationsfachdienste (IFD). Seitdem sind in vielen St\u00e4dten Integrationsfachdienste entstanden.Ihre Organisation und ihre Aufgaben sind aber bundesweit unterschiedlich.<br \/><br \/>Die folgende Organisation gilt f\u00fcr den Landschaftsverband Rheinland.<br \/><br \/>Hier gibt es in 5 St\u00e4dten Integrationsfachdienste f\u00fcr h\u00f6rbehinderte Menschen. Sie sind aufgeteilt in 3 Fachbereiche:<\/p>\t\t\t\t\t\t\t\t<\/div>\n\t\t\t\t\t<\/div>\n\t\t<\/div>\n\t\t\t\t\t<\/div>\n\t\t<\/section>\n\t\t\t\t<section class=\"penci-section penci-disSticky penci-structure-10 elementor-section elementor-top-section elementor-element elementor-element-52b8fac elementor-section-boxed elementor-section-height-default elementor-section-height-default\" data-id=\"52b8fac\" data-element_type=\"section\" data-e-type=\"section\">\n\t\t\t\t\t\t<div class=\"elementor-container elementor-column-gap-default\">\n\t\t\t\t\t<div class=\"penci-ercol-100 penci-ercol-order-1 penci-sticky-ct    elementor-column elementor-col-100 elementor-top-column elementor-element elementor-element-3089153\" data-id=\"3089153\" data-element_type=\"column\" data-e-type=\"column\">\n\t\t\t<div class=\"elementor-widget-wrap elementor-element-populated\">\n\t\t\t\t\t\t<div class=\"elementor-element elementor-element-a7dcde7 elementor-widget elementor-widget-text-editor\" data-id=\"a7dcde7\" data-element_type=\"widget\" data-e-type=\"widget\" data-widget_type=\"text-editor.default\">\n\t\t\t\t\t\t\t\t\t<h5 style=\"text-align: center;\"><br \/>Integrationsfachdienste f\u00fcr Menschen mit H\u00f6rbehinderung<\/h5><p style=\"text-align: center;\"><i>im Bereich des Landschaftsverbandes Rheinland<\/i><\/p><p style=\"text-align: center;\"><i>IFD Aachen &#8211; IFD D\u00fcsseldorf &#8211; IFD Essen &#8211; IFD K\u00f6ln &#8211; IFD Wuppertal<br \/><br \/><\/i><\/p>\t\t\t\t\t\t\t\t<\/div>\n\t\t\t\t\t<\/div>\n\t\t<\/div>\n\t\t\t\t\t<\/div>\n\t\t<\/section>\n\t\t\t\t<section class=\"penci-section penci-disSticky penci-structure-30 elementor-section elementor-top-section elementor-element elementor-element-64372bb elementor-section-boxed elementor-section-height-default elementor-section-height-default\" data-id=\"64372bb\" data-element_type=\"section\" data-e-type=\"section\">\n\t\t\t\t\t\t<div class=\"elementor-container elementor-column-gap-default\">\n\t\t\t\t\t<div class=\"penci-ercol-33 penci-ercol-order-1 penci-sticky-sb penci-sidebarSC   elementor-column elementor-col-33 elementor-top-column elementor-element elementor-element-c3b827d\" data-id=\"c3b827d\" data-element_type=\"column\" data-e-type=\"column\">\n\t\t\t<div class=\"elementor-widget-wrap elementor-element-populated\">\n\t\t\t\t\t\t<div class=\"elementor-element elementor-element-0227b95 elementor-widget elementor-widget-text-editor\" data-id=\"0227b95\" data-element_type=\"widget\" data-e-type=\"widget\" data-widget_type=\"text-editor.default\">\n\t\t\t\t\t\t\t\t\t<p style=\"text-align: center;\"><b>Fachbereich Berufsvorbereitung<\/b><br \/>Auftraggeber: Integrationsamt<\/p>\t\t\t\t\t\t\t\t<\/div>\n\t\t\t\t\t<\/div>\n\t\t<\/div>\n\t\t\t\t<div class=\"penci-ercol-33 penci-ercol-order-2 penci-sticky-sb penci-sidebarSC   elementor-column elementor-col-33 elementor-top-column elementor-element elementor-element-54582b0\" data-id=\"54582b0\" data-element_type=\"column\" data-e-type=\"column\">\n\t\t\t<div class=\"elementor-widget-wrap elementor-element-populated\">\n\t\t\t\t\t\t<div class=\"elementor-element elementor-element-25a75dd elementor-widget elementor-widget-text-editor\" data-id=\"25a75dd\" data-element_type=\"widget\" data-e-type=\"widget\" data-widget_type=\"text-editor.default\">\n\t\t\t\t\t\t\t\t\t<p style=\"text-align: center;\"><strong>Fachbereich <br \/>Vermittlung<\/strong><br \/>Auftraggeber: <br \/>Arbeitsamt<\/p>\t\t\t\t\t\t\t\t<\/div>\n\t\t\t\t\t<\/div>\n\t\t<\/div>\n\t\t\t\t<div class=\"penci-ercol-33 penci-ercol-order-3 penci-sticky-sb penci-sidebarSC   elementor-column elementor-col-33 elementor-top-column elementor-element elementor-element-cfe3ff3\" data-id=\"cfe3ff3\" data-element_type=\"column\" data-e-type=\"column\">\n\t\t\t<div class=\"elementor-widget-wrap elementor-element-populated\">\n\t\t\t\t\t\t<div class=\"elementor-element elementor-element-512eb33 elementor-widget elementor-widget-text-editor\" data-id=\"512eb33\" data-element_type=\"widget\" data-e-type=\"widget\" data-widget_type=\"text-editor.default\">\n\t\t\t\t\t\t\t\t\t<p style=\"text-align: center;\"><strong>Fachbereich Berufsbegleitung<\/strong><br \/>Auftraggeber: Integrationsamt<\/p>\t\t\t\t\t\t\t\t<\/div>\n\t\t\t\t\t<\/div>\n\t\t<\/div>\n\t\t\t\t\t<\/div>\n\t\t<\/section>\n\t\t\t\t<section class=\"penci-section penci-disSticky penci-structure-10 elementor-section elementor-top-section elementor-element elementor-element-0a34319 elementor-section-boxed elementor-section-height-default elementor-section-height-default\" data-id=\"0a34319\" data-element_type=\"section\" data-e-type=\"section\">\n\t\t\t\t\t\t<div class=\"elementor-container elementor-column-gap-default\">\n\t\t\t\t\t<div class=\"penci-ercol-100 penci-ercol-order-1 penci-sticky-ct    elementor-column elementor-col-100 elementor-top-column elementor-element elementor-element-0109588\" data-id=\"0109588\" data-element_type=\"column\" data-e-type=\"column\">\n\t\t\t<div class=\"elementor-widget-wrap elementor-element-populated\">\n\t\t\t\t\t\t<div class=\"elementor-element elementor-element-53f742b elementor-widget elementor-widget-text-editor\" data-id=\"53f742b\" data-element_type=\"widget\" data-e-type=\"widget\" data-widget_type=\"text-editor.default\">\n\t\t\t\t\t\t\t\t\t<p>Anschlie\u00dfend stellten die drei FachberaterInnen ihre Aufgabenbereiche vor. F\u00fcr alle Bereiche gilt: Die Angebote sind freiwillig und kostenlos. Die MitarbeiterInnen haben Schweigepflicht.<\/p><h5>1. Fachbereich Berufsvorbereitung (Sabine Schl\u00fc\u00df)<\/h5><p>Nach der Einf\u00fchrung des SGB IX merkte man schnell, dass Sch\u00fcler, Mitarbeiter von Werkst\u00e4tten f\u00fcr Behinderte und psychisch kranke Menschen nicht durch die neuen IFD beraten werden konnten. Deshalb wurde im Bereich des LVR (Landschaftsverbandes Rheinland) innerhalb der IFD ein eigener Dienst geschaffen: die Berufsvorbereitung. In K\u00f6ln, Aachen und Essen wurde jeweils eine Beraterin f\u00fcr diese Aufgabe eingestellt. Die BeraterInnen sind f\u00fcr das ganze Rheinland zust\u00e4ndig. Sie sollen in Zusammenarbeit mit Schule und Arbeitsamt die Sch\u00fcler bei der Berufswahl beraten und berufsvorbereitende Ma\u00dfnahmen einleiten (Arbeitstraining oder Praktikum).<\/p><p>Weitere Aufgaben der Berufsvorbereitung sind:<\/p><ul><li>Informationen \u00fcber Rechte und Pflichten eines Auszubildenden<\/li><li>Unterst\u00fctzung bei der Beantragung eines Schwerbehindertenausweises<\/li><li>Beratung von H\u00f6rgesch\u00e4digten mit zus\u00e4tzlichen Behinderungen, z.B. Usher-Syndrom<\/li><li>Beratung von h\u00f6rgesch\u00e4digten Mitarbeitern in den Werkst\u00e4tten f\u00fcr Behinderte, wenn sie eine Arbeit auf dem allgemeinen Arbeitsmarkt aufnehmen m\u00f6chten.<\/li><\/ul><p>Die Beraterinnen bieten monatliche Sprechstunden in den Schulen f\u00fcr H\u00f6rgesch\u00e4digte an.<\/p><h5>2. Fachbereich Berufsbegleitung (Daniela D\u00fcrr)<\/h5><p>Dieser Fachbereich entspricht den fr\u00fcheren Berufsbegleitenden Diensten.<br \/>Die Aufgaben sind:<\/p><ul><li>Beratung, Begleitung und Unterst\u00fctzung am Arbeitsplatz f\u00fcr Geh\u00f6rlose, ihre Kollegen und Arbeitgeber<\/li><li>Unterst\u00fctzung bei Kommunikationsschwierigkeiten<\/li><li>Hilfe bei drohender K\u00fcndigung oder bei Abmahnung<\/li><li>L\u00f6sungssuche bei Unterforderung oder \u00dcberforderung am Arbeitsplatz<\/li><li>Weiterbildung und Qualifizierung im Beruf<\/li><\/ul><p>Weitere Aufgaben:<\/p><ul><li>Hilfe beim Ausf\u00fcllen von Formularen und Schreiben von Antr\u00e4gen<\/li><li>Vermittlung von Geb\u00e4rdensprachdolmetscherInnen<\/li><li>Vermittlung bei \u00c4mtern in Zusammenhang mit dem Arbeitsleben<\/li><\/ul>\t\t\t\t\t\t\t\t<\/div>\n\t\t\t\t\t<\/div>\n\t\t<\/div>\n\t\t\t\t\t<\/div>\n\t\t<\/section>\n\t\t\t\t<section class=\"penci-section penci-disSticky penci-structure-10 elementor-section elementor-top-section elementor-element elementor-element-ad6218c elementor-section-boxed elementor-section-height-default elementor-section-height-default\" data-id=\"ad6218c\" data-element_type=\"section\" data-e-type=\"section\">\n\t\t\t\t\t\t<div class=\"elementor-container elementor-column-gap-default\">\n\t\t\t\t\t<div class=\"penci-ercol-100 penci-ercol-order-1 penci-sticky-ct    elementor-column elementor-col-100 elementor-top-column elementor-element elementor-element-e291a54\" data-id=\"e291a54\" data-element_type=\"column\" data-e-type=\"column\">\n\t\t\t<div class=\"elementor-widget-wrap elementor-element-populated\">\n\t\t\t\t\t\t<div class=\"elementor-element elementor-element-da650b6 elementor-widget elementor-widget-gallery\" data-id=\"da650b6\" data-element_type=\"widget\" data-e-type=\"widget\" data-widget_type=\"gallery.default\">\n\t\t\t\t<div class=\"elementor-widget-container\">\n\t\t\t\t\t \t\t\t\t<\/div>\n\t\t\t\t<\/div>\n\t\t\t\t\t<\/div>\n\t\t<\/div>\n\t\t\t\t\t<\/div>\n\t\t<\/section>\n\t\t\t\t<section class=\"penci-section penci-disSticky penci-structure-10 elementor-section elementor-top-section elementor-element elementor-element-50d33e1 elementor-section-boxed elementor-section-height-default elementor-section-height-default\" data-id=\"50d33e1\" data-element_type=\"section\" data-e-type=\"section\">\n\t\t\t\t\t\t<div class=\"elementor-container elementor-column-gap-default\">\n\t\t\t\t\t<div class=\"penci-ercol-100 penci-ercol-order-1 penci-sticky-ct    elementor-column elementor-col-100 elementor-top-column elementor-element elementor-element-bb20002\" data-id=\"bb20002\" data-element_type=\"column\" data-e-type=\"column\">\n\t\t\t<div class=\"elementor-widget-wrap elementor-element-populated\">\n\t\t\t\t\t\t<div class=\"elementor-element elementor-element-e49c586 elementor-widget elementor-widget-text-editor\" data-id=\"e49c586\" data-element_type=\"widget\" data-e-type=\"widget\" data-widget_type=\"text-editor.default\">\n\t\t\t\t\t\t\t\t\t<h5>3. Fachbereich Vermittlung (Christian Schausen)<\/h5><p>Aufgaben dieses Dienstes sind:<\/p><ul><li>Beratung h\u00f6rgesch\u00e4digter Arbeitsloser und von Arbeitslosigkeit Bedrohter<\/li><li>Hilfe bei der Suche nach einem neuen Arbeitsplatz<\/li><li>Akquisition (= Gewinnung) von neuen Arbeitspl\u00e4tzen f\u00fcr H\u00f6rgesch\u00e4digte, Werbung bei Firmen<\/li><li>Beratung bei der Bewerbung<\/li><li>Begleitung zu Vorstellungsgespr\u00e4chen<\/li><\/ul><p>Weitere Aufgaben:<\/p><ul><li>Beratung von Arbeitgebern bei der Einstellung, Vermittlung von Hilfen durch Arbeitsamt und Integrationsamt<\/li><li>Erste Begleitung und Beratung von Arbeitnehmer und Arbeitgeber bei einem neuen Arbeitsplatz.<\/li><\/ul><p>Nach dieser kurzen Vorstellung begann eine lange und interessante <b>Diskussion<\/b>:<br \/><b><br \/>Gibt es schon Zahlen ? <br \/>Wie viele Betroffene haben sich an den Integrationsfachdienst gewandt ?<br \/><\/b>Nein, die Dienste sind zum Teil noch jung. Wir sammeln zur Zeit Daten.<\/p><p><b>Wie sehen die Erfahrungen aus ?<br \/><\/b>Be<i>rufsbegleitung: <\/i>Diesen Dienst gibt es im Rheinland seit 15 Jahren. Er wird gut akzeptiert. Er ist f\u00fcr Geh\u00f6rlose zust\u00e4ndig, es kommen aber auch Schwerh\u00f6rige. Vermittlung: Dieser Dienst wird immer wichtiger, weil die Arbeitslosigkeit steigt.<\/p><p><i>Vorbereitung:<\/i> Diese Stelle gibt es erst seit anderthalb Jahren. Die Zusammenarbeit mit den Schulen hat gerade erst angefangen. Die Mitarbeiter beraten auch gemeinsam mit den Arbeits\u00e4mtern und k\u00f6nnen den Arbeitgebern Hilfestellungen geben.<\/p><p><b>Es gibt schon Einrichtungen, die im Bereich der Vorbereitung arbeiten, z.B. das Bildungszentrum in Essen und die Organisation \u201e\u00dcberblick\u201c. \u00dcberschneiden sich die Aufgabenbereiche und gibt es Konkurrenz ?<br \/><\/b>Nein, es gibt keine Konkurrenz. Wir haben mit den bestehenden Organisationen Kontakt aufgenommen, bieten erg\u00e4nzende Hilfen an und \u00fcbernehmen in Absprache bestimmte Aufgaben.<\/p><p><b>Ich habe mit dem Chef Probleme, ich habe Angst, er feuert mich bald. Was kann ich tun ?<br \/><\/b>Sie k\u00f6nnen zu uns kommen, wir haben Schweigepflicht. Vielleicht ist diese Beratung schon ausreichend. Wenn Sie es w\u00fcnschen, bitten wir in der Firma um ein Gespr\u00e4ch. Meistens ist der Arbeitgeber einverstanden. Wir kommen mit Geb\u00e4rdensprachdolmet-scher. Bei Kommunikationsproblemen k\u00f6nnen wir Hilfen anbieten, z.B. Kollegenseminare oder den Einsatz von Dolmetschern f\u00fcr eine bestimmte Zeit.<\/p><p><b>Setzen Sie bei Schwerh\u00f6rigen oder Ertaubten auch Schriftdolmetscher ein ?<br \/><\/b>Nein, noch nicht. Aber wir beraten im kleinen Kreis oder in Einzelgespr\u00e4chen. Wir k\u00f6nnen Geh\u00f6rlosen, Schwerh\u00f6rigen und Ertaubten anbieten, Teambesprechungen anhand von Protokollen nach zu besprechen.<\/p><p><b>Jemand arbeitet 20 Jahre in der Firma und ertaubt zwischen 40 und 50. Sein Arbeitsplatz ist dadurch bedroht. Wie kann der IFD helfen ?<br \/><\/b>Wir vermitteln Absehkurse, Geb\u00e4rdensprachkurse oder eine Reha-Ma\u00dfnahme in Rendsburg. Wir bieten auch psychologische Beratung f\u00fcr den Betroffenen an und k\u00f6nnen die Kollegen \u00fcber eine angepasste Kommunikation informieren.<\/p><p><b>Wie lange braucht der IFD, um einen Arbeitsplatz zu vermitteln ? Wie hoch ist die Erfolgsrate ?<br \/><\/b>Das Arbeitsamt weist uns die arbeitssuchenden H\u00f6rgesch\u00e4digten zu. Diese Zuweisung gilt f\u00fcr 6 Monate. In dieser Zeit kann der Vermittler in Zusammenarbeit mit dem Arbeitslosen einen Arbeitsplatz suchen. Eine Verl\u00e4ngerung auf weitere 6 Monate ist m\u00f6glich, wenn gute Aussichten auf Vermittlung bestehen. Er kann Trainingsma\u00dfnahmen und Probearbeitsma\u00dfnahmen vermitteln. 70 \u2013 80 Prozent der Arbeitslosen erhalten dadurch einen Arbeitsplatz.<\/p><p><b>Was kann man bei einer K\u00fcndigung machen ?<br \/><\/b>Auch Schwerbehinderte k\u00f6nnen in den ersten 6 Monaten ohne Gr\u00fcnde gek\u00fcndigt werden. Danach muss der Arbeitgeber einen Antrag beim Integrationsamt stellen und die K\u00fcndigungsgr\u00fcnde nennen. Das Integrationsamt pr\u00fcft, ob Hilfen bei der Kommunikation, Umr\u00fcstung von Maschinen oder Weiterqualifizierung des Arbeitnehmers erforderlich sind. Bei schlechter Auftragslage oder pers\u00f6nlichem Fehlverhalten kann das Integrationsamt einer K\u00fcndigung zustimmen. Besser ist es, vor einer K\u00fcndigung den Integrationsfachdienst einzuschalten.<\/p><p><b>Ich bin seit Februar arbeitslos und stelle es mir schwierig vor, mit dem IFD auf Arbeitssuche zu gehen. Ich m\u00f6chte nicht \u201emit Betreuer\u201c kommen und hilflos erscheinen.<br \/><\/b>Jeder Arbeitslose kann selbst entscheiden, ob ein Berater mitkommen soll. Die Leistung ist freiwillig. Der IFD-Berater kommt nicht nur f\u00fcr den Arbeitnehmer, sondern auch f\u00fcr den Arbeitgeber und informiert ihn \u00fcber m\u00f6gliche Leistungen (z.B. Lohnkostenzusch\u00fcsse).<\/p><p><b>Kann der IFD auch Arbeitsassistenz vermitteln ?<br \/><\/b>Arbeitsassistenz ist eine \u201enachrangige Leistung\u201c \u2013 zuerst muss man pr\u00fcfen, was mit technischen Hilfsmitteln und Dolmetschern m\u00f6glich ist. Es gibt eine finanzielle Obergrenze. Arbeitsassistenz ist gedacht f\u00fcr einfache Hilfst\u00e4tigkeiten. Der Einsatz von Geb\u00e4rdensprachdolmetschern im Rahmen von Arbeitsassisstenz ist auch schwierig, weil die finanzielle Unterst\u00fctzung durch das Integrationsamt an Arbeitsstunden gebunden ist. Der Stundenlohn entspricht nicht den L\u00f6hnen der Dolmetscher. Bisher wurden aber vereinzelt Stellen f\u00fcr Telefondolmetscher geschaffen. Die Gelder vom Integrationsamt f\u00fcr Arbeitsassistenz m\u00fcssen selbst verwaltet und auch abgerechnet werden.<\/p><p><b>AnsprechpartnerInnen:<\/b><\/p><p>I<b>FD Essen<\/b><br \/>Sabine Schl\u00fc\u00df, Gudrun Kunick, Sibylle Mihm-van der Voort, Monika Linden, Andrea Knipping<br \/>Simsonstr. 29, 45147 Essen<br \/>Fax zentral: 0201\/702660 , Mail zentral: ifd.lvgl@t-online.de<\/p><p><b>IFD Aachen<\/b><br \/>Christian Schausen, Monika Johann, Norbert Hesselmann<br \/>Krefelder Str. 147, 52070 Aachen<br \/>Fax zentral: 0241\/911634 ; Mail: ifd.schausen@hgz-aachen.de; ifd.hesselmann@hgz-aachen.de ; ifd.johann@hgz-aachen.de<\/p><p>I<b>FD K\u00f6ln<\/b><br \/>Tatjana Mundhenk, Volker Wilfert, Daniela Wyink, Aline Porten, Peter Lubenow, J\u00fcrgen Reichelt, Ralf Obert, Sabine Stange, Herr Heinrichs (Gesch\u00e4ftsf\u00fchrer)<br \/>Lupusstr. 22, 50670 K\u00f6ln<br \/>Fax zentral: 0221\/2943-500, Mail zentral: h.heinrichs@ifd-koeln.de<\/p><p>I<b>FD Wuppertal<\/b><br \/>Daniela D\u00fcrr<br \/>Wesendonkstr. 7, 42103 Wuppertal<br \/>Fax: 0202\/25516-18, Mail: bbd-fuer-gehoerlose-wuppertal@gmx.de<\/p><p><b>IFD D\u00fcsseldorf<\/b><br \/>Jutta Mones, Heike Felder<br \/>Klosterstr. 47, 40211 D\u00fcsseldorf<br \/>Fax: 0211\/3860-624, Mail: mones.ifd-gl@gmx.de ; felder.ifd-gl@gmx.de<\/p><p>Text: Helga Ulbricht<br \/>Bilder: Frank Br\u00fcggemann<\/p>\t\t\t\t\t\t\t\t<\/div>\n\t\t\t\t\t<\/div>\n\t\t<\/div>\n\t\t\t\t\t<\/div>\n\t\t<\/section>\n\t\t\t\t<\/div>\n\t\t","protected":false},"excerpt":{"rendered":"<p>Kofo Essen, 12.02.03 Von der Schule bis zur Rente: Hilfen im Arbeitsleben \u2013 Die Arbeit der Integrationsfachdienste ReferentInnen: Christian Schausen (IFD Aachen), Sabine Schl\u00fc\u00df (IFD Essen), Daniela D\u00fcrr (IFD Wuppertal)&hellip;<\/p>\n","protected":false},"author":1,"featured_media":0,"comment_status":"closed","ping_status":"open","sticky":false,"template":"","format":"standard","meta":{"content-type":"","_lmt_disableupdate":"","_lmt_disable":"","_themeisle_gutenberg_block_has_review":false,"footnotes":""},"categories":[5,156],"tags":[],"class_list":["post-323","post","type-post","status-publish","format-standard","hentry","category-jahrgang-2003","category-februar-jahrgang-2003"],"aioseo_notices":[],"_links":{"self":[{"href":"https:\/\/zeichensetzen-online.de\/index.php\/wp-json\/wp\/v2\/posts\/323","targetHints":{"allow":["GET"]}}],"collection":[{"href":"https:\/\/zeichensetzen-online.de\/index.php\/wp-json\/wp\/v2\/posts"}],"about":[{"href":"https:\/\/zeichensetzen-online.de\/index.php\/wp-json\/wp\/v2\/types\/post"}],"author":[{"embeddable":true,"href":"https:\/\/zeichensetzen-online.de\/index.php\/wp-json\/wp\/v2\/users\/1"}],"replies":[{"embeddable":true,"href":"https:\/\/zeichensetzen-online.de\/index.php\/wp-json\/wp\/v2\/comments?post=323"}],"version-history":[{"count":23,"href":"https:\/\/zeichensetzen-online.de\/index.php\/wp-json\/wp\/v2\/posts\/323\/revisions"}],"predecessor-version":[{"id":3984,"href":"https:\/\/zeichensetzen-online.de\/index.php\/wp-json\/wp\/v2\/posts\/323\/revisions\/3984"}],"wp:attachment":[{"href":"https:\/\/zeichensetzen-online.de\/index.php\/wp-json\/wp\/v2\/media?parent=323"}],"wp:term":[{"taxonomy":"category","embeddable":true,"href":"https:\/\/zeichensetzen-online.de\/index.php\/wp-json\/wp\/v2\/categories?post=323"},{"taxonomy":"post_tag","embeddable":true,"href":"https:\/\/zeichensetzen-online.de\/index.php\/wp-json\/wp\/v2\/tags?post=323"}],"curies":[{"name":"wp","href":"https:\/\/api.w.org\/{rel}","templated":true}]}}