{"id":309,"date":"2002-12-11T20:39:05","date_gmt":"2002-12-11T19:39:05","guid":{"rendered":"https:\/\/zeichensetzen-online.de\/?p=309"},"modified":"2023-04-30T22:29:26","modified_gmt":"2023-04-30T20:29:26","slug":"kommunikationstraining","status":"publish","type":"post","link":"https:\/\/zeichensetzen-online.de\/index.php\/2002\/12\/11\/kommunikationstraining\/","title":{"rendered":"Kommunikationstraining"},"content":{"rendered":"\t\t<div data-elementor-type=\"wp-post\" data-elementor-id=\"309\" class=\"elementor elementor-309\">\n\t\t\t\t\t\t<section class=\"penci-section penci-disSticky penci-structure-10 elementor-section elementor-top-section elementor-element elementor-element-5268401 elementor-section-boxed elementor-section-height-default elementor-section-height-default\" data-id=\"5268401\" data-element_type=\"section\" data-e-type=\"section\">\n\t\t\t\t\t\t<div class=\"elementor-container elementor-column-gap-default\">\n\t\t\t\t\t<div class=\"penci-ercol-100 penci-ercol-order-1 penci-sticky-ct    elementor-column elementor-col-100 elementor-top-column elementor-element elementor-element-b355d40\" data-id=\"b355d40\" data-element_type=\"column\" data-e-type=\"column\">\n\t\t\t<div class=\"elementor-widget-wrap elementor-element-populated\">\n\t\t\t\t\t\t<div class=\"elementor-element elementor-element-94bcbe3 elementor-widget elementor-widget-penci-fancy_heading\" data-id=\"94bcbe3\" data-element_type=\"widget\" data-e-type=\"widget\" data-widget_type=\"penci-fancy_heading.default\">\n\t\t\t\t<div class=\"elementor-widget-container\">\n\t\t\t\t\t\t\t<div class=\"penci-fancy-heading penci-heading-text-left pc-fctline\">\n\t\t\t<div class=\"penci-fancy-heading-inner\">\n\t\t\t\t<div class=\"penci-heading-subtitle\">Kofo am 11. Dezember 2002<\/div><h2 class=\"penci-heading-title\"><span class=\"inner-tit\">\"Kommunikationstraining\"\nf\u00fcr Schwerh\u00f6rige, Ertaubte und CI-Tr\u00e4gerInnen<\/span><\/h2><div class=\"penci-separator penci-separator- penci-separator-left\"><span class=\"penci-sep_holder penci-sep_holder_l\"><span class=\"penci-sep_line\"><\/span><\/span><span class=\"penci-sep_holder penci-sep_holder_r\"><span class=\"penci-sep_line\"><\/span><\/span><\/div><div class=\"penci-heading-content entry-content\"><p>Referent: Christian Schausen (Audiotherapeut)<\/p>\n<\/div>\t\t\t<\/div>\n\t\t<\/div>\n\t\t\t\t\t\t<\/div>\n\t\t\t\t<\/div>\n\t\t\t\t\t<\/div>\n\t\t<\/div>\n\t\t\t\t\t<\/div>\n\t\t<\/section>\n\t\t\t\t<section class=\"penci-section penci-disSticky penci-structure-20 elementor-section elementor-top-section elementor-element elementor-element-3571193 elementor-section-boxed elementor-section-height-default elementor-section-height-default\" data-id=\"3571193\" data-element_type=\"section\" data-e-type=\"section\">\n\t\t\t\t\t\t<div class=\"elementor-container elementor-column-gap-default\">\n\t\t\t\t\t<div class=\"penci-ercol-50 penci-ercol-order-1 penci-sticky-ct    elementor-column elementor-col-50 elementor-top-column elementor-element elementor-element-57c4e55\" data-id=\"57c4e55\" data-element_type=\"column\" data-e-type=\"column\">\n\t\t\t<div class=\"elementor-widget-wrap elementor-element-populated\">\n\t\t\t\t\t\t<div class=\"elementor-element elementor-element-35c2445 elementor-widget elementor-widget-text-editor\" data-id=\"35c2445\" data-element_type=\"widget\" data-e-type=\"widget\" data-widget_type=\"text-editor.default\">\n\t\t\t\t\t\t\t\t\t<h5>Eine neue Moderatorin im Kofo<\/h5><p>Ilse Grinz \u00fcbernahm die Moderation f\u00fcr dieses Kofo. Sie ist Vorsitzende im DSB-Ortsverein Essen und kennt die Problematik gut aus ihrer Beratungsarbeit. Sie begr\u00fcndet das heutige Thema:<\/p><p>Wenn ein guth\u00f6render Mensch sein Geh\u00f6r verliert, dann ist das ein gro\u00dfer Einschnitt. Gute Technik kann das H\u00f6ren nicht ersetzen. Die Betroffenen m\u00f6chten aber in der h\u00f6renden Welt bleiben. Deshalb ist das Kommunikationstraining notwendig.<\/p>\t\t\t\t\t\t\t\t<\/div>\n\t\t\t\t\t<\/div>\n\t\t<\/div>\n\t\t\t\t<div class=\"penci-ercol-50 penci-ercol-order-2 penci-sticky-ct    elementor-column elementor-col-50 elementor-top-column elementor-element elementor-element-23f09be\" data-id=\"23f09be\" data-element_type=\"column\" data-e-type=\"column\">\n\t\t\t<div class=\"elementor-widget-wrap elementor-element-populated\">\n\t\t\t\t\t\t<div class=\"elementor-element elementor-element-79cf095 elementor-widget elementor-widget-image\" data-id=\"79cf095\" data-element_type=\"widget\" data-e-type=\"widget\" data-widget_type=\"image.default\">\n\t\t\t\t\t\t\t\t\t\t\t\t\t\t\t<img fetchpriority=\"high\" decoding=\"async\" width=\"640\" height=\"480\" src=\"https:\/\/zeichensetzen-online.de\/wp-content\/uploads\/2002\/12\/bild2_111202.jpg\" class=\"attachment-large size-large wp-image-3138\" alt=\"Kommunikationstraining\" srcset=\"https:\/\/zeichensetzen-online.de\/wp-content\/uploads\/2002\/12\/bild2_111202.jpg 640w, https:\/\/zeichensetzen-online.de\/wp-content\/uploads\/2002\/12\/bild2_111202-300x225.jpg 300w, https:\/\/zeichensetzen-online.de\/wp-content\/uploads\/2002\/12\/bild2_111202-585x439.jpg 585w\" sizes=\"(max-width: 640px) 100vw, 640px\" \/>\t\t\t\t\t\t\t\t\t\t\t\t\t\t\t<\/div>\n\t\t\t\t\t<\/div>\n\t\t<\/div>\n\t\t\t\t\t<\/div>\n\t\t<\/section>\n\t\t\t\t<section class=\"penci-section penci-disSticky penci-structure-20 elementor-section elementor-top-section elementor-element elementor-element-6a60840 elementor-section-boxed elementor-section-height-default elementor-section-height-default\" data-id=\"6a60840\" data-element_type=\"section\" data-e-type=\"section\">\n\t\t\t\t\t\t<div class=\"elementor-container elementor-column-gap-default\">\n\t\t\t\t\t<div class=\"penci-ercol-50 penci-ercol-order-1 penci-sticky-ct    elementor-column elementor-col-50 elementor-top-column elementor-element elementor-element-82009b8\" data-id=\"82009b8\" data-element_type=\"column\" data-e-type=\"column\">\n\t\t\t<div class=\"elementor-widget-wrap elementor-element-populated\">\n\t\t\t\t\t\t<div class=\"elementor-element elementor-element-3b7b00b elementor-widget elementor-widget-image\" data-id=\"3b7b00b\" data-element_type=\"widget\" data-e-type=\"widget\" data-widget_type=\"image.default\">\n\t\t\t\t\t\t\t\t\t\t\t\t\t\t\t<img decoding=\"async\" width=\"640\" height=\"480\" src=\"https:\/\/zeichensetzen-online.de\/wp-content\/uploads\/2002\/12\/bild3_111202.jpg\" class=\"attachment-large size-large wp-image-3139\" alt=\"Kommunikationstraining\" srcset=\"https:\/\/zeichensetzen-online.de\/wp-content\/uploads\/2002\/12\/bild3_111202.jpg 640w, https:\/\/zeichensetzen-online.de\/wp-content\/uploads\/2002\/12\/bild3_111202-300x225.jpg 300w, https:\/\/zeichensetzen-online.de\/wp-content\/uploads\/2002\/12\/bild3_111202-585x439.jpg 585w\" sizes=\"(max-width: 640px) 100vw, 640px\" \/>\t\t\t\t\t\t\t\t\t\t\t\t\t\t\t<\/div>\n\t\t\t\t\t<\/div>\n\t\t<\/div>\n\t\t\t\t<div class=\"penci-ercol-50 penci-ercol-order-2 penci-sticky-ct    elementor-column elementor-col-50 elementor-top-column elementor-element elementor-element-52fe405\" data-id=\"52fe405\" data-element_type=\"column\" data-e-type=\"column\">\n\t\t\t<div class=\"elementor-widget-wrap elementor-element-populated\">\n\t\t\t\t\t\t<div class=\"elementor-element elementor-element-c9fbf21 elementor-widget elementor-widget-text-editor\" data-id=\"c9fbf21\" data-element_type=\"widget\" data-e-type=\"widget\" data-widget_type=\"text-editor.default\">\n\t\t\t\t\t\t\t\t\t<h5>Der Referent<\/h5><p>Christian Schausen ist Diplom-Sozialp\u00e4dagoge und Audiotherapeut. Zur Zeit arbeitet er in Aachen im Integrationsfachdienst.<br \/>Er ist von Geburt an hochgradig schwerh\u00f6rig und wei\u00df aus eigener Erfahrung: Es ist sehr schwer, sich mit den eigenen Kommunikationsgrenzen auseinander zu setzen. Viele Schwerh\u00f6rige leben lange Zeit angepasst und verstecken ihre Behinderung.<\/p>\t\t\t\t\t\t\t\t<\/div>\n\t\t\t\t\t<\/div>\n\t\t<\/div>\n\t\t\t\t\t<\/div>\n\t\t<\/section>\n\t\t\t\t<section class=\"penci-section penci-disSticky penci-structure-10 elementor-section elementor-top-section elementor-element elementor-element-b74d25b elementor-section-boxed elementor-section-height-default elementor-section-height-default\" data-id=\"b74d25b\" data-element_type=\"section\" data-e-type=\"section\">\n\t\t\t\t\t\t<div class=\"elementor-container elementor-column-gap-default\">\n\t\t\t\t\t<div class=\"penci-ercol-100 penci-ercol-order-1 penci-sticky-ct    elementor-column elementor-col-100 elementor-top-column elementor-element elementor-element-e54cf0c\" data-id=\"e54cf0c\" data-element_type=\"column\" data-e-type=\"column\">\n\t\t\t<div class=\"elementor-widget-wrap elementor-element-populated\">\n\t\t\t\t\t\t<div class=\"elementor-element elementor-element-ec8301a elementor-widget elementor-widget-text-editor\" data-id=\"ec8301a\" data-element_type=\"widget\" data-e-type=\"widget\" data-widget_type=\"text-editor.default\">\n\t\t\t\t\t\t\t\t\t<p>W\u00e4hrend seiner Berufst\u00e4tigkeit lernte er Schwerh\u00f6rige kennen, die erst sp\u00e4ter, im Jugend- oder Erwachsenenalter, ihr H\u00f6rverm\u00f6gen verloren haben. Er erfuhr viel von ihren \u00c4ngsten, ihrer Trauer und Einsamkeit.<\/p><h5>Welche Folgen hat eine H\u00f6rsch\u00e4digung ?<\/h5><p>Eine H\u00f6rsch\u00e4digung bedeutet nicht nur \u201eleiser h\u00f6ren\u201c. Man kann sie nicht korrigieren wie eine Sehbehinderung. Das H\u00f6rger\u00e4t funktioniert nicht wie eine Brille. Viele Menschen wissen das aber nicht. Sie sind von der Technik entt\u00e4uscht und legen das H\u00f6rger\u00e4t in die Schublade. Es gibt auch kaum Beratung und Hilfe. Oft hei\u00dft es nur: \u201eStell\u2019 dich nicht so an !\u201c<br \/>Die Betroffenen schweigen und leiden an ihrer Einsamkeit. Sie verdr\u00e4ngen und verstecken ihre Behinderung. Die Folge sind Krankheiten.<br \/>\u00a0<br \/>Kommunikation bedeutet: Stress. Ein H\u00f6rgesch\u00e4digter beschreibt es so:<br \/>\u00a0<br \/><i>\u201eEs ist Schwerstarbeit, wissen Sie, als H\u00f6rgesch\u00e4digter mit jemandem zu reden. Ich versuche dauernd zu h\u00f6ren, was Sie sagen; man kann sich mit jemand einfach nicht entspannt unterhalten, wenn man auf der Stuhlkante sitzt, lauert, horcht und dauernd denkt: Habe ich alles richtig verstanden ?&#8230;\u201c<\/i><br \/>Hinzu kommen Probleme am Arbeitsplatz und in der Familie.<br \/><br \/><\/p><h5>Wie viele H\u00f6rgesch\u00e4digte gibt es in Deutschland ?<\/h5><p>In Deutschland gibt es 13 Millionen H\u00f6rgesch\u00e4digte \u00fcber 14 Jahren \u2013 das sind 19 % der Bev\u00f6lkerung. Wenn man diese Zahlen auf die St\u00e4dte Essen und K\u00f6ln \u00fcbertr\u00e4gt, dann leben in K\u00f6ln 157.000 und in Essen knapp 100.000 h\u00f6rgesch\u00e4digte Menschen.<br \/>F\u00fcr diese Menschen gibt es nur drei Rehabilitationszentren: Bad Berleburg, Bad Gr\u00f6nenbach und Rendsburg.<\/p><h5>Das neue Berufsbild: AudiotherapeutIn<\/h5><p>Eine Hilfe vor Ort ist also dringend notwendig.<br \/>Deshalb hat der Deutsche Schwerh\u00f6rigenbund einen neuen Ausbildungsgang geschaffen: die Weiterbildung zum\/zur \u201eAudiotherapeutIn\u201c. Die erste Pr\u00fcfung im Oktober 2000 haben 16 TeilnehmerInnen bestanden. In diesem Jahr sind weitere 22 AudiotherapeutInnen dazugekommen. 25 dieser AbsolventInnen sind selbst h\u00f6rgesch\u00e4digt.<\/p><h5>Was ist das Ziel von Audiotherapie ? Wie sieht die Therapie aus ?<\/h5><p>Audiotherapie soll h\u00f6rgesch\u00e4digten Menschen mit und ohne H\u00f6rger\u00e4t oder CI helfen, genau zu h\u00f6ren und zu verstehen. Das ist bei jedem Menschen anders. Deshalb wird zuerst ermittelt: Wo liegt das Problem ? Was braucht der Betroffene ?<br \/>Dann wird ein Therapieplan erstellt.<br \/>Am Anfang wird Grundwissen \u00fcber Kommunikation vermittelt. Besonders wichtig sind diese Fragen: Welchen Zusammenhang gibt es zwischen H\u00f6rverlust und Sprachverstehen ? Was kann ich \u00e4ndern, um besser zu verstehen ?<br \/>Wie wirkt sich der st\u00e4ndige H\u00f6rstress auf meine Stimmung, Leistung, zwischenmenschliche Beziehungen aus ?<br \/>Danach beginnt das Kommunikationstraining: richtiges H\u00f6ren und Zuh\u00f6ren, Absehen vom Mund, Kombinieren und Schl\u00fcsse-Ziehen, Deuten von Gestik, Mimik, K\u00f6rpersprache, Lernen von LBG, Kommunikationstaktik, Umgang mit Misserfolgen, Entspannungstechniken.<br \/>Zur Audiotherapie geh\u00f6rt auch eine ausf\u00fchrliche Beratung \u00fcber verschiedene technische Hilfsmittel f\u00fcr zu Hause, unterwegs und am Arbeitsplatz.<br \/>Das alles wird auch in Gruppenarbeit vermittelt. Der Kontakt zu Gleichbetroffenen ist sehr wichtig.<br \/>Alle Lebensbereiche der Betroffenen m\u00fcssen ber\u00fccksichtigt werden. Deshalb ist eine gute Zusammenarbeit mit den Reha-Tr\u00e4gern, mit HNO-\u00c4rzten, H\u00f6rger\u00e4teakustikern und Beratungsstellen wichtig.<\/p><h5>Wer bezahlt die Audiotherapie ?<\/h5><p>Audiotherapie ist ein ganz neues Angebot. Deshalb muss man f\u00fcr die Anerkennung noch k\u00e4mpfen. Einige Krankenkassen \u00fcbernehmen die Kosten ganz oder teilweise.<br \/>Mit dem Sozialgesetzbuch IX gibt es bessere M\u00f6glichkeiten, die Kosten\u00fcbernahme durchzusetzen.<\/p><h5>Ein neuer Berufsverband wurde gegr\u00fcndet<\/h5><p>Im letzten Jahr wurde in Berlin der \u201eBerufsverband der deutschsprachigen AudiotherapeutInnen e.V.\u201c gegr\u00fcndet, um die Arbeit der Audiotherapeuten \u00f6ffentlich zu vertreten. Ziel ist u.a.: Audiotherapie soll in den Hilfsmittelkatalog aufgenommen werden.<br \/><br \/>Wer Fragen hat, kann sich an den Berufsverband wenden:<br \/>B<b>erufsverband der deutschsprachigen AudiotherapeutInnen e.V.<br \/>Frau Birgit Seidler-Fallb\u00f6hmer (Vorsitzende)<br \/>Stummstr. 1<br \/>66538 Neunkirchen\/Saar<\/b><\/p>\t\t\t\t\t\t\t\t<\/div>\n\t\t\t\t\t<\/div>\n\t\t<\/div>\n\t\t\t\t\t<\/div>\n\t\t<\/section>\n\t\t\t\t<section class=\"penci-section penci-disSticky penci-structure-20 elementor-section elementor-top-section elementor-element elementor-element-e8faf7d elementor-section-boxed elementor-section-height-default elementor-section-height-default\" data-id=\"e8faf7d\" data-element_type=\"section\" data-e-type=\"section\">\n\t\t\t\t\t\t<div class=\"elementor-container elementor-column-gap-default\">\n\t\t\t\t\t<div class=\"penci-ercol-50 penci-ercol-order-1 penci-sticky-ct    elementor-column elementor-col-50 elementor-top-column elementor-element elementor-element-b5509e8\" data-id=\"b5509e8\" data-element_type=\"column\" data-e-type=\"column\">\n\t\t\t<div class=\"elementor-widget-wrap elementor-element-populated\">\n\t\t\t\t\t\t<div class=\"elementor-element elementor-element-729dd9e elementor-widget elementor-widget-image\" data-id=\"729dd9e\" data-element_type=\"widget\" data-e-type=\"widget\" data-widget_type=\"image.default\">\n\t\t\t\t\t\t\t\t\t\t\t\t\t\t\t<img decoding=\"async\" width=\"640\" height=\"480\" src=\"https:\/\/zeichensetzen-online.de\/wp-content\/uploads\/2002\/12\/bild5_111202.jpg\" class=\"attachment-large size-large wp-image-3141\" alt=\"Kommunikationstraining\" srcset=\"https:\/\/zeichensetzen-online.de\/wp-content\/uploads\/2002\/12\/bild5_111202.jpg 640w, https:\/\/zeichensetzen-online.de\/wp-content\/uploads\/2002\/12\/bild5_111202-300x225.jpg 300w, https:\/\/zeichensetzen-online.de\/wp-content\/uploads\/2002\/12\/bild5_111202-585x439.jpg 585w\" sizes=\"(max-width: 640px) 100vw, 640px\" \/>\t\t\t\t\t\t\t\t\t\t\t\t\t\t\t<\/div>\n\t\t\t\t\t<\/div>\n\t\t<\/div>\n\t\t\t\t<div class=\"penci-ercol-50 penci-ercol-order-2 penci-sticky-ct    elementor-column elementor-col-50 elementor-top-column elementor-element elementor-element-4af4587\" data-id=\"4af4587\" data-element_type=\"column\" data-e-type=\"column\">\n\t\t\t<div class=\"elementor-widget-wrap elementor-element-populated\">\n\t\t\t\t\t\t<div class=\"elementor-element elementor-element-19c3c05 elementor-widget elementor-widget-image\" data-id=\"19c3c05\" data-element_type=\"widget\" data-e-type=\"widget\" data-widget_type=\"image.default\">\n\t\t\t\t\t\t\t\t\t\t\t\t\t\t\t<img loading=\"lazy\" decoding=\"async\" width=\"640\" height=\"480\" src=\"https:\/\/zeichensetzen-online.de\/wp-content\/uploads\/2002\/12\/bild4_111202.jpg\" class=\"attachment-large size-large wp-image-3140\" alt=\"Kommunikationstraining\" srcset=\"https:\/\/zeichensetzen-online.de\/wp-content\/uploads\/2002\/12\/bild4_111202.jpg 640w, https:\/\/zeichensetzen-online.de\/wp-content\/uploads\/2002\/12\/bild4_111202-300x225.jpg 300w, https:\/\/zeichensetzen-online.de\/wp-content\/uploads\/2002\/12\/bild4_111202-585x439.jpg 585w\" sizes=\"(max-width: 640px) 100vw, 640px\" \/>\t\t\t\t\t\t\t\t\t\t\t\t\t\t\t<\/div>\n\t\t\t\t\t<\/div>\n\t\t<\/div>\n\t\t\t\t\t<\/div>\n\t\t<\/section>\n\t\t\t\t<section class=\"penci-section penci-disSticky penci-structure-10 elementor-section elementor-top-section elementor-element elementor-element-a97d49f elementor-section-boxed elementor-section-height-default elementor-section-height-default\" data-id=\"a97d49f\" data-element_type=\"section\" data-e-type=\"section\">\n\t\t\t\t\t\t<div class=\"elementor-container elementor-column-gap-default\">\n\t\t\t\t\t<div class=\"penci-ercol-100 penci-ercol-order-1 penci-sticky-ct    elementor-column elementor-col-100 elementor-top-column elementor-element elementor-element-664fb60\" data-id=\"664fb60\" data-element_type=\"column\" data-e-type=\"column\">\n\t\t\t<div class=\"elementor-widget-wrap elementor-element-populated\">\n\t\t\t\t\t\t<div class=\"elementor-element elementor-element-e5d1ab1 elementor-widget elementor-widget-text-editor\" data-id=\"e5d1ab1\" data-element_type=\"widget\" data-e-type=\"widget\" data-widget_type=\"text-editor.default\">\n\t\t\t\t\t\t\t\t\t<h5>Die Diskussion<\/h5><p>Nach diesem interessanten und gut verst\u00e4ndlichen Vortrag begann die Diskussion. Die Fragen und Antworten sind hier zusammengefasst:<\/p><p><b>&#8211; Wie entsteht der Kontakt zu einem Audiotherapeuten ? Wer \u00fcbernimmt die Kosten ?<\/b><\/p><p>Der Berufsverband und die einzelnen AudiotherapeutInnen vor Ort, ggfs. die lokale Beratungsstelle k\u00f6nnen Betroffene informieren und bei Antr\u00e4gen auf Kosten\u00fcbernahme unterst\u00fctzen. Berufst\u00e4tige sollten es \u00fcber \u201eHilfen im Arbeitsleben\u201c (Integrationsamt) versuchen, andere sollten bei der Krankenkasse probie<\/p><p>&#8211;<b> Warum haben viele Schwerh\u00f6rige Probleme, ihre H\u00f6rsch\u00e4digung zu akzeptieren ? Warum werden H\u00f6rgesch\u00e4digte im h\u00f6renden Umfeld nicht verstanden ?<\/b><\/p><p>H\u00f6rsch\u00e4digung ist eine \u201eunsichtbare\u201c Behinderung. H\u00f6rende verstehen deshalb die Schwierigkeiten nicht. H\u00f6rgesch\u00e4digte haben Angst, f\u00fcr dumm gehalten zu werden. Sie \u00fcberspielen ihre Behinderung.<\/p><p>&#8211;<b> Immer mehr h\u00f6rgesch\u00e4digte Sch\u00fcler werden in Regelschulen unterrichtet. Sie haben wenig Kontakt zu Gleichbetroffenen. Die Lehrer dort haben keine oder wenig Erfahrung mit H\u00f6rsch\u00e4digung. Ist das auch ein Einsatzbereich f\u00fcr Audiotherapeuten ? Wer tr\u00e4gt die Kosten ?<\/b><\/p><p>Das Therapie-Konzept ist f\u00fcr \u00e4ltere H\u00f6rgesch\u00e4digte erstellt, aber man kann sie auf j\u00fcngere \u00fcbertragen. Christian Schausen hat selbst an einem solchen Konzept gearbeitet. Wenn Audiotherapie f\u00fcr die Vorbereitung auf das Berufsleben wichtig ist, dann muss man versuchen, ob evtl. das Arbeitsamt oder das Integrationsamt die Kosten \u00fcbernimmt.<\/p><p>&#8211;<b> Wie sieht es mit der Familie \/ mit den h\u00f6renden Partnern h\u00f6rgesch\u00e4digter Menschen aus ? Die Scheidungsrate ist sehr hoch, weil beide Partner mit der schwierigen Situation nicht klarkommen. Soll der Partner als Helfer auftreten, wo sind die Grenzen ?<\/b><\/p><p>Alle Lebensbereiche werden einbezogen. Die Familienangeh\u00f6ren k\u00f6nnen teilnehmen, wenn alle einverstanden sind. Die Partner m\u00fcssen lernen: wie gehen wir miteinander um ? Manche h\u00f6renden Partner sind sich nicht bewusst, dass sie dem h\u00f6rgesch\u00e4digten Partner die Selbst\u00e4ndigkeit rauben.<\/p>\t\t\t\t\t\t\t\t<\/div>\n\t\t\t\t\t<\/div>\n\t\t<\/div>\n\t\t\t\t\t<\/div>\n\t\t<\/section>\n\t\t\t\t<section class=\"penci-section penci-disSticky penci-structure-20 elementor-section elementor-top-section elementor-element elementor-element-c29b169 elementor-section-boxed elementor-section-height-default elementor-section-height-default\" data-id=\"c29b169\" data-element_type=\"section\" data-e-type=\"section\">\n\t\t\t\t\t\t<div class=\"elementor-container elementor-column-gap-default\">\n\t\t\t\t\t<div class=\"penci-ercol-50 penci-ercol-order-1 penci-sticky-ct    elementor-column elementor-col-50 elementor-top-column elementor-element elementor-element-528f07a\" data-id=\"528f07a\" data-element_type=\"column\" data-e-type=\"column\">\n\t\t\t<div class=\"elementor-widget-wrap elementor-element-populated\">\n\t\t\t\t\t\t<div class=\"elementor-element elementor-element-bcd0cc5 elementor-widget elementor-widget-text-editor\" data-id=\"bcd0cc5\" data-element_type=\"widget\" data-e-type=\"widget\" data-widget_type=\"text-editor.default\">\n\t\t\t\t\t\t\t\t\t<p>&#8211; <b>Wie ist die Ausbildung zum Audiotherapeuten ? Wie sind die Berufsaussichten ?<\/b><\/p><p>Es ist eine berufsbegleitende Weiterbildung. Voraussetzung ist ein Beruf im Bereich Akustik, Medizin, P\u00e4dagogik , Psychologie oder langj\u00e4hrige Beratungserfahrung. Die Ausbildung dauert 1 Jahr. Es ist eine interessante und empfehlenswerte Ausbildung. Die Pr\u00fcfung nehmen Professoren aus verschiedenen Hochschulen ab.<\/p>\t\t\t\t\t\t\t\t<\/div>\n\t\t\t\t\t<\/div>\n\t\t<\/div>\n\t\t\t\t<div class=\"penci-ercol-50 penci-ercol-order-2 penci-sticky-ct    elementor-column elementor-col-50 elementor-top-column elementor-element elementor-element-3cd1058\" data-id=\"3cd1058\" data-element_type=\"column\" data-e-type=\"column\">\n\t\t\t<div class=\"elementor-widget-wrap elementor-element-populated\">\n\t\t\t\t\t\t<div class=\"elementor-element elementor-element-2f04027 elementor-widget elementor-widget-image\" data-id=\"2f04027\" data-element_type=\"widget\" data-e-type=\"widget\" data-widget_type=\"image.default\">\n\t\t\t\t\t\t\t\t\t\t\t\t\t\t\t<img loading=\"lazy\" decoding=\"async\" width=\"640\" height=\"480\" src=\"https:\/\/zeichensetzen-online.de\/wp-content\/uploads\/2002\/12\/bild6_111202.jpg\" class=\"attachment-large size-large wp-image-3142\" alt=\"Kommunikationstraining\" srcset=\"https:\/\/zeichensetzen-online.de\/wp-content\/uploads\/2002\/12\/bild6_111202.jpg 640w, https:\/\/zeichensetzen-online.de\/wp-content\/uploads\/2002\/12\/bild6_111202-300x225.jpg 300w, https:\/\/zeichensetzen-online.de\/wp-content\/uploads\/2002\/12\/bild6_111202-585x439.jpg 585w\" sizes=\"(max-width: 640px) 100vw, 640px\" \/>\t\t\t\t\t\t\t\t\t\t\t\t\t\t\t<\/div>\n\t\t\t\t\t<\/div>\n\t\t<\/div>\n\t\t\t\t\t<\/div>\n\t\t<\/section>\n\t\t\t\t<section class=\"penci-section penci-disSticky penci-structure-10 elementor-section elementor-top-section elementor-element elementor-element-0110125 elementor-section-boxed elementor-section-height-default elementor-section-height-default\" data-id=\"0110125\" data-element_type=\"section\" data-e-type=\"section\">\n\t\t\t\t\t\t<div class=\"elementor-container elementor-column-gap-default\">\n\t\t\t\t\t<div class=\"penci-ercol-100 penci-ercol-order-1 penci-sticky-ct    elementor-column elementor-col-100 elementor-top-column elementor-element elementor-element-1115f20\" data-id=\"1115f20\" data-element_type=\"column\" data-e-type=\"column\">\n\t\t\t<div class=\"elementor-widget-wrap elementor-element-populated\">\n\t\t\t\t\t\t<div class=\"elementor-element elementor-element-d53879e elementor-widget elementor-widget-text-editor\" data-id=\"d53879e\" data-element_type=\"widget\" data-e-type=\"widget\" data-widget_type=\"text-editor.default\">\n\t\t\t\t\t\t\t\t\t<p>Zu den Berufsaussichten kann man noch wenig sagen. Der Bedarf ist da, aber f\u00fcr die Kosten\u00fcbernahme stehen wir noch am Anfang. Der DSB und der Berufsverband setzen sich daf\u00fcr ein.<\/p>\n<p>&#8211;<b> Ist diese neue Ausbildung Konkurrenz f\u00fcr die H\u00f6rger\u00e4te-Akustiker ?<\/b><br>Ja, die Innung der Akustiker empfindet uns als starke Konkurrenz.<\/p>\n<p><b>&#8211; Die meisten Absolventen sind selbst h\u00f6rgesch\u00e4digt. K\u00f6nnen H\u00f6rgesch\u00e4digte diese&nbsp; Ausbildung genauso wie H\u00f6rende machen ? <\/b><br><b>Haben Betroffene einen Vorteil ?<\/b><br>In der Ausbildung benutzen wir technische Hilfen, z.B. Konferenzanlagen. In der beruflichen Praxis haben h\u00f6rgesch\u00e4digte Therapeuten Vorteile: Sie wissen, wovon sie reden. Das schafft Vertrauen.<\/p>\n<p>Text: Helga Ulbricht<br>Fotos: Frank Br\u00fcggemann<\/p>\t\t\t\t\t\t\t\t<\/div>\n\t\t\t\t\t<\/div>\n\t\t<\/div>\n\t\t\t\t\t<\/div>\n\t\t<\/section>\n\t\t\t\t<\/div>\n\t\t","protected":false},"excerpt":{"rendered":"<p>Kofo am 11. Dezember 2002 &#8220;Kommunikationstraining&#8221; f\u00fcr Schwerh\u00f6rige, Ertaubte und CI-Tr\u00e4gerInnen Referent: Christian Schausen (Audiotherapeut) Eine neue Moderatorin im Kofo Ilse Grinz \u00fcbernahm die Moderation f\u00fcr dieses Kofo. Sie ist&hellip;<\/p>\n","protected":false},"author":1,"featured_media":0,"comment_status":"closed","ping_status":"open","sticky":false,"template":"","format":"standard","meta":{"content-type":"","_lmt_disableupdate":"","_lmt_disable":"","_themeisle_gutenberg_block_has_review":false,"footnotes":""},"categories":[4,170],"tags":[],"class_list":["post-309","post","type-post","status-publish","format-standard","hentry","category-jahrgang-2002","category-dezember-jahrgang-2002"],"aioseo_notices":[],"_links":{"self":[{"href":"https:\/\/zeichensetzen-online.de\/index.php\/wp-json\/wp\/v2\/posts\/309","targetHints":{"allow":["GET"]}}],"collection":[{"href":"https:\/\/zeichensetzen-online.de\/index.php\/wp-json\/wp\/v2\/posts"}],"about":[{"href":"https:\/\/zeichensetzen-online.de\/index.php\/wp-json\/wp\/v2\/types\/post"}],"author":[{"embeddable":true,"href":"https:\/\/zeichensetzen-online.de\/index.php\/wp-json\/wp\/v2\/users\/1"}],"replies":[{"embeddable":true,"href":"https:\/\/zeichensetzen-online.de\/index.php\/wp-json\/wp\/v2\/comments?post=309"}],"version-history":[{"count":18,"href":"https:\/\/zeichensetzen-online.de\/index.php\/wp-json\/wp\/v2\/posts\/309\/revisions"}],"predecessor-version":[{"id":3986,"href":"https:\/\/zeichensetzen-online.de\/index.php\/wp-json\/wp\/v2\/posts\/309\/revisions\/3986"}],"wp:attachment":[{"href":"https:\/\/zeichensetzen-online.de\/index.php\/wp-json\/wp\/v2\/media?parent=309"}],"wp:term":[{"taxonomy":"category","embeddable":true,"href":"https:\/\/zeichensetzen-online.de\/index.php\/wp-json\/wp\/v2\/categories?post=309"},{"taxonomy":"post_tag","embeddable":true,"href":"https:\/\/zeichensetzen-online.de\/index.php\/wp-json\/wp\/v2\/tags?post=309"}],"curies":[{"name":"wp","href":"https:\/\/api.w.org\/{rel}","templated":true}]}}