{"id":288,"date":"2002-11-13T20:20:19","date_gmt":"2002-11-13T19:20:19","guid":{"rendered":"https:\/\/zeichensetzen-online.de\/?p=288"},"modified":"2023-04-30T22:29:36","modified_gmt":"2023-04-30T20:29:36","slug":"kirche-nicht-fuer-mich","status":"publish","type":"post","link":"https:\/\/zeichensetzen-online.de\/index.php\/2002\/11\/13\/kirche-nicht-fuer-mich\/","title":{"rendered":"Kirche \u2013\u00a0nicht f\u00fcr mich ?!"},"content":{"rendered":"\t\t<div data-elementor-type=\"wp-post\" data-elementor-id=\"288\" class=\"elementor elementor-288\">\n\t\t\t\t\t\t<section class=\"penci-section penci-disSticky penci-structure-10 elementor-section elementor-top-section elementor-element elementor-element-d71ea92 elementor-section-boxed elementor-section-height-default elementor-section-height-default\" data-id=\"d71ea92\" data-element_type=\"section\" data-e-type=\"section\">\n\t\t\t\t\t\t<div class=\"elementor-container elementor-column-gap-default\">\n\t\t\t\t\t<div class=\"penci-ercol-100 penci-ercol-order-1 penci-sticky-ct    elementor-column elementor-col-100 elementor-top-column elementor-element elementor-element-39a1f29\" data-id=\"39a1f29\" data-element_type=\"column\" data-e-type=\"column\">\n\t\t\t<div class=\"elementor-widget-wrap elementor-element-populated\">\n\t\t\t\t\t\t<div class=\"elementor-element elementor-element-19e00e8 elementor-widget elementor-widget-penci-fancy_heading\" data-id=\"19e00e8\" data-element_type=\"widget\" data-e-type=\"widget\" data-widget_type=\"penci-fancy_heading.default\">\n\t\t\t\t<div class=\"elementor-widget-container\">\n\t\t\t\t\t\t\t<div class=\"penci-fancy-heading penci-heading-text-left pc-fctline\">\n\t\t\t<div class=\"penci-fancy-heading-inner\">\n\t\t\t\t<div class=\"penci-heading-subtitle\">Kofo Essen, 13.11.02<\/div><h2 class=\"penci-heading-title\"><span class=\"inner-tit\">Kirche \u2013 nicht f\u00fcr mich ?!<\/span><\/h2><div class=\"penci-separator penci-separator- penci-separator-left\"><span class=\"penci-sep_holder penci-sep_holder_l\"><span class=\"penci-sep_line\"><\/span><\/span><span class=\"penci-sep_holder penci-sep_holder_r\"><span class=\"penci-sep_line\"><\/span><\/span><\/div><div class=\"penci-heading-content entry-content\"><p>ReferentInnen: Ingrid K\u00f6nig, Ulrich Schmidt, Volker Emler, Monika Greier-Morck<br \/>\nAlle vier ReferentInnen sind MitarbeiterInnen der Evangelischen Kirche Rheinland<\/p>\n<\/div>\t\t\t<\/div>\n\t\t<\/div>\n\t\t\t\t\t\t<\/div>\n\t\t\t\t<\/div>\n\t\t\t\t\t<\/div>\n\t\t<\/div>\n\t\t\t\t\t<\/div>\n\t\t<\/section>\n\t\t\t\t<section class=\"penci-section penci-disSticky penci-structure-10 elementor-section elementor-top-section elementor-element elementor-element-d3340e1 elementor-section-boxed elementor-section-height-default elementor-section-height-default\" data-id=\"d3340e1\" data-element_type=\"section\" data-e-type=\"section\">\n\t\t\t\t\t\t<div class=\"elementor-container elementor-column-gap-default\">\n\t\t\t\t\t<div class=\"penci-ercol-100 penci-ercol-order-1 penci-sticky-ct    elementor-column elementor-col-100 elementor-top-column elementor-element elementor-element-bbcd51e\" data-id=\"bbcd51e\" data-element_type=\"column\" data-e-type=\"column\">\n\t\t\t<div class=\"elementor-widget-wrap elementor-element-populated\">\n\t\t\t\t\t\t<div class=\"elementor-element elementor-element-9c08e8b elementor-widget elementor-widget-text-editor\" data-id=\"9c08e8b\" data-element_type=\"widget\" data-e-type=\"widget\" data-widget_type=\"text-editor.default\">\n\t\t\t\t\t\t\t\t\t<h5>1. Zuerst berichtet Monika Greier-Morck<br \/>(h\u00f6rend, Pfarrerin in Moers) \u00fcber die Entwicklung in der Geh\u00f6rlosenseelsorge:<\/h5><p>Vor 1770 hat niemand die Geh\u00f6rlosen besonders beachtet. Man dachte: sie sind nicht bildungsf\u00e4hig. Zuerst hat ein Priester \u2013 Abb\u00e9 de l\u2019\u00c9pee \u2013 in Paris Geb\u00e4rden und Fingeralphabet entwickelt. Auch sp\u00e4ter haben Pfarrer Geb\u00e4rden im Gottesdienst und im Religionsunterricht eingesetzt. Die Geb\u00e4rden waren noch nicht gut, weil es keinen Unterricht zum Geb\u00e4rdenlernen gab. Aber die Kirche war ein guter Treffpunkt und die Pfarrer haben sich bem\u00fcht, den Geh\u00f6rlosen zu helfen und haben die Notwendigkeit der Kommunikationsform Geb\u00e4rdensprache anerkannt.<br \/>Aber es war klar: der Pfarrer k\u00fcmmert sich wie ein guter Vater um die Geh\u00f6rlosen. Manche sagen: der Pfarrer hat die Geh\u00f6rlosen bevormundet. Das war aber damals bei den H\u00f6renden genauso.<br \/>In der Nazi-Zeit haben sich die Geh\u00f6rlosenpfarrer falsch verhalten: Viele Geh\u00f6rlose wurden zwangssterilisiert. Die Pastoren haben die Geh\u00f6rlosen nicht gesch\u00fctzt. Das ist eine schlimme Schuld, die evangelische Kirche hat das zugegeben. Viele alte Geh\u00f6rlose haben sich lange gesch\u00e4mt und nichts gesagt. Heute gibt es alte Geh\u00f6rlose, die sehr traurig sind, weil sie keine Kinder haben, die ihnen jetzt im Alter helfen.<\/p>\t\t\t\t\t\t\t\t<\/div>\n\t\t\t\t\t<\/div>\n\t\t<\/div>\n\t\t\t\t\t<\/div>\n\t\t<\/section>\n\t\t\t\t<section class=\"penci-section penci-disSticky penci-structure-20 elementor-section elementor-top-section elementor-element elementor-element-6f27630 elementor-section-boxed elementor-section-height-default elementor-section-height-default\" data-id=\"6f27630\" data-element_type=\"section\" data-e-type=\"section\">\n\t\t\t\t\t\t<div class=\"elementor-container elementor-column-gap-default\">\n\t\t\t\t\t<div class=\"penci-ercol-50 penci-ercol-order-1 penci-sticky-ct    elementor-column elementor-col-50 elementor-top-column elementor-element elementor-element-751ba79\" data-id=\"751ba79\" data-element_type=\"column\" data-e-type=\"column\">\n\t\t\t<div class=\"elementor-widget-wrap elementor-element-populated\">\n\t\t\t\t\t\t<div class=\"elementor-element elementor-element-93390ee elementor-widget elementor-widget-image\" data-id=\"93390ee\" data-element_type=\"widget\" data-e-type=\"widget\" data-widget_type=\"image.default\">\n\t\t\t\t\t\t\t\t\t\t\t\t\t\t\t<img fetchpriority=\"high\" decoding=\"async\" width=\"896\" height=\"672\" src=\"https:\/\/zeichensetzen-online.de\/wp-content\/uploads\/2002\/11\/KOFO_027_131102.jpg\" class=\"attachment-large size-large wp-image-3147\" alt=\"Kirche \u2013 nicht f\u00fcr mich ?!\" srcset=\"https:\/\/zeichensetzen-online.de\/wp-content\/uploads\/2002\/11\/KOFO_027_131102.jpg 896w, https:\/\/zeichensetzen-online.de\/wp-content\/uploads\/2002\/11\/KOFO_027_131102-300x225.jpg 300w, https:\/\/zeichensetzen-online.de\/wp-content\/uploads\/2002\/11\/KOFO_027_131102-768x576.jpg 768w, https:\/\/zeichensetzen-online.de\/wp-content\/uploads\/2002\/11\/KOFO_027_131102-585x439.jpg 585w\" sizes=\"(max-width: 896px) 100vw, 896px\" \/>\t\t\t\t\t\t\t\t\t\t\t\t\t\t\t<\/div>\n\t\t\t\t\t<\/div>\n\t\t<\/div>\n\t\t\t\t<div class=\"penci-ercol-50 penci-ercol-order-2 penci-sticky-ct    elementor-column elementor-col-50 elementor-top-column elementor-element elementor-element-2697b0c\" data-id=\"2697b0c\" data-element_type=\"column\" data-e-type=\"column\">\n\t\t\t<div class=\"elementor-widget-wrap elementor-element-populated\">\n\t\t\t\t\t\t<div class=\"elementor-element elementor-element-55a6777 elementor-widget elementor-widget-image\" data-id=\"55a6777\" data-element_type=\"widget\" data-e-type=\"widget\" data-widget_type=\"image.default\">\n\t\t\t\t\t\t\t\t\t\t\t\t\t\t\t<img decoding=\"async\" width=\"896\" height=\"672\" src=\"https:\/\/zeichensetzen-online.de\/wp-content\/uploads\/2002\/11\/KOFO_036_131102.jpg\" class=\"attachment-large size-large wp-image-3149\" alt=\"Kirche \u2013 nicht f\u00fcr mich ?!\" srcset=\"https:\/\/zeichensetzen-online.de\/wp-content\/uploads\/2002\/11\/KOFO_036_131102.jpg 896w, https:\/\/zeichensetzen-online.de\/wp-content\/uploads\/2002\/11\/KOFO_036_131102-300x225.jpg 300w, https:\/\/zeichensetzen-online.de\/wp-content\/uploads\/2002\/11\/KOFO_036_131102-768x576.jpg 768w, https:\/\/zeichensetzen-online.de\/wp-content\/uploads\/2002\/11\/KOFO_036_131102-585x439.jpg 585w\" sizes=\"(max-width: 896px) 100vw, 896px\" \/>\t\t\t\t\t\t\t\t\t\t\t\t\t\t\t<\/div>\n\t\t\t\t\t<\/div>\n\t\t<\/div>\n\t\t\t\t\t<\/div>\n\t\t<\/section>\n\t\t\t\t<section class=\"penci-section penci-disSticky penci-structure-10 elementor-section elementor-top-section elementor-element elementor-element-0d08f92 elementor-section-boxed elementor-section-height-default elementor-section-height-default\" data-id=\"0d08f92\" data-element_type=\"section\" data-e-type=\"section\">\n\t\t\t\t\t\t<div class=\"elementor-container elementor-column-gap-default\">\n\t\t\t\t\t<div class=\"penci-ercol-100 penci-ercol-order-1 penci-sticky-ct    elementor-column elementor-col-100 elementor-top-column elementor-element elementor-element-f9f0153\" data-id=\"f9f0153\" data-element_type=\"column\" data-e-type=\"column\">\n\t\t\t<div class=\"elementor-widget-wrap elementor-element-populated\">\n\t\t\t\t\t\t<div class=\"elementor-element elementor-element-c469564 elementor-widget elementor-widget-text-editor\" data-id=\"c469564\" data-element_type=\"widget\" data-e-type=\"widget\" data-widget_type=\"text-editor.default\">\n\t\t\t\t\t\t\t\t\t<p>Heute hat sich in der Gemeindearbeit vieles ge\u00e4ndert:<\/p><ul><li>Alle Pfarrer f\u00fcr Geh\u00f6rlose m\u00fcssen gut Geb\u00e4rden lernen<\/li><li>Die Geh\u00f6rlosen sind selbstbewusst geworden. Sie m\u00f6chten auch aktiv mitarbeiten in der Kirche. Es gibt Geh\u00f6rlose, die selber predigen. Es gibt auch den Gottesdiensthelfertag. Dort treffen sich geh\u00f6rlose Gottesdiensthelfer und entwickeln z.B. neue Geb\u00e4rdenlieder.<\/li><li>Es gibt heute Bibelvideos in Geb\u00e4rdensprache und CD-ROMs.<\/li><li>Heute entscheidet der Pfarrer nicht allein. Er bespricht alles mit dem Vorstand der Geh\u00f6rlosen-Gemeinden.<\/li><\/ul><p>Es gibt in ganz Deutschland nur 100 Geh\u00f6rlosenpfarrer. In Essen ist die Situation gut, aber in vielen kleinen St\u00e4dten m\u00fcssen die Geh\u00f6rlosen weit fahren.<\/p>\t\t\t\t\t\t\t\t<\/div>\n\t\t\t\t\t<\/div>\n\t\t<\/div>\n\t\t\t\t\t<\/div>\n\t\t<\/section>\n\t\t\t\t<section class=\"penci-section penci-disSticky penci-structure-20 elementor-section elementor-top-section elementor-element elementor-element-7a5f888 elementor-section-boxed elementor-section-height-default elementor-section-height-default\" data-id=\"7a5f888\" data-element_type=\"section\" data-e-type=\"section\">\n\t\t\t\t\t\t<div class=\"elementor-container elementor-column-gap-default\">\n\t\t\t\t\t<div class=\"penci-ercol-50 penci-ercol-order-1 penci-sticky-ct    elementor-column elementor-col-50 elementor-top-column elementor-element elementor-element-a091825\" data-id=\"a091825\" data-element_type=\"column\" data-e-type=\"column\">\n\t\t\t<div class=\"elementor-widget-wrap elementor-element-populated\">\n\t\t\t\t\t\t<div class=\"elementor-element elementor-element-da5c46a elementor-widget elementor-widget-image\" data-id=\"da5c46a\" data-element_type=\"widget\" data-e-type=\"widget\" data-widget_type=\"image.default\">\n\t\t\t\t\t\t\t\t\t\t\t\t\t\t\t<img decoding=\"async\" width=\"896\" height=\"672\" src=\"https:\/\/zeichensetzen-online.de\/wp-content\/uploads\/2002\/11\/KOFO_033_131102.jpg\" class=\"attachment-large size-large wp-image-3148\" alt=\"Kirche \u2013 nicht f\u00fcr mich ?!\" srcset=\"https:\/\/zeichensetzen-online.de\/wp-content\/uploads\/2002\/11\/KOFO_033_131102.jpg 896w, https:\/\/zeichensetzen-online.de\/wp-content\/uploads\/2002\/11\/KOFO_033_131102-300x225.jpg 300w, https:\/\/zeichensetzen-online.de\/wp-content\/uploads\/2002\/11\/KOFO_033_131102-768x576.jpg 768w, https:\/\/zeichensetzen-online.de\/wp-content\/uploads\/2002\/11\/KOFO_033_131102-585x439.jpg 585w\" sizes=\"(max-width: 896px) 100vw, 896px\" \/>\t\t\t\t\t\t\t\t\t\t\t\t\t\t\t<\/div>\n\t\t\t\t\t<\/div>\n\t\t<\/div>\n\t\t\t\t<div class=\"penci-ercol-50 penci-ercol-order-2 penci-sticky-ct    elementor-column elementor-col-50 elementor-top-column elementor-element elementor-element-4bdd952\" data-id=\"4bdd952\" data-element_type=\"column\" data-e-type=\"column\">\n\t\t\t<div class=\"elementor-widget-wrap elementor-element-populated\">\n\t\t\t\t\t\t<div class=\"elementor-element elementor-element-eda80ca elementor-widget elementor-widget-text-editor\" data-id=\"eda80ca\" data-element_type=\"widget\" data-e-type=\"widget\" data-widget_type=\"text-editor.default\">\n\t\t\t\t\t\t\t\t\t<h5>2. Volker Emler (h\u00f6rend, Pfarrer in Essen)<br \/>erkl\u00e4rt anschlie\u00dfend seine Angebote f\u00fcr Geh\u00f6rlose und Schwerh\u00f6rige in Essen und Umgebung:<\/h5><p>Vor sieben Jahren hat Herr Emler diese Pfarrstelle \u00fcbernommen. F\u00fcr seine Arbeit hat er eine Ausbildung in Geb\u00e4rdensprache und in Grundlagen der Geh\u00f6rlosenp\u00e4dagogik und \u2013soziologie bekommen. Mit der Gemeindearbeit f\u00fcr H\u00f6rgesch\u00e4digte m\u00f6chte er alle Altersgruppen erreichen.<br \/>Zuerst stellt er die Angebote f\u00fcr Geh\u00f6rlose vor:<\/p>\t\t\t\t\t\t\t\t<\/div>\n\t\t\t\t\t<\/div>\n\t\t<\/div>\n\t\t\t\t\t<\/div>\n\t\t<\/section>\n\t\t\t\t<section class=\"penci-section penci-disSticky penci-structure-10 elementor-section elementor-top-section elementor-element elementor-element-57fc1d9 elementor-section-boxed elementor-section-height-default elementor-section-height-default\" data-id=\"57fc1d9\" data-element_type=\"section\" data-e-type=\"section\">\n\t\t\t\t\t\t<div class=\"elementor-container elementor-column-gap-default\">\n\t\t\t\t\t<div class=\"penci-ercol-100 penci-ercol-order-1 penci-sticky-ct    elementor-column elementor-col-100 elementor-top-column elementor-element elementor-element-daff00c\" data-id=\"daff00c\" data-element_type=\"column\" data-e-type=\"column\">\n\t\t\t<div class=\"elementor-widget-wrap elementor-element-populated\">\n\t\t\t\t\t\t<div class=\"elementor-element elementor-element-2f25113 elementor-widget elementor-widget-text-editor\" data-id=\"2f25113\" data-element_type=\"widget\" data-e-type=\"widget\" data-widget_type=\"text-editor.default\">\n\t\t\t\t\t\t\t\t\t<ul><li>Seit 4 Jahren gibt es eine <b>Eltern-Kind-Gruppe<\/b>. Geh\u00f6rlose Eltern treffen sich mit ihren h\u00f6rgesch\u00e4digten oder h\u00f6renden Kindern zweimal im Monat im Gemeindehaus. Sie basteln und spielen zusammen. Zweimal im Halbjahr gibt es Elternabende zu wichtigen Themen, z.B. Kinderkrankheiten oder Erziehungsprobleme. Fachleute referieren mit Geb\u00e4rdensprachdolmetscher.<\/li><li>In Zusammenarbeit mit P\u00e4dagogInnen des Kindergartens und der Fr\u00fchf\u00f6rderung findet einmal \/ Jahr ein Eltern-Kind-Wochenende statt. Wichtig ist der Austausch der Eltern untereinander und das gemeinsame Spielen.<\/li><li>Herr Emler unterrichtet <b>Religionsunterricht<\/b> der Klassen 6-8 an der H\u00f6rgesch\u00e4digtenschule zur Vorbereitung auf die Konfirmation. Auch Sch\u00fcler aus dem weiteren Einzugsbereich der Schule (z.B. linker Niederrhein) haben die M\u00f6glichkeit, zusammen mit ihren Eltern in Essen ihre Konfirmation zu feiern.<\/li><li>#Aus dem Religionsunterricht ist ein <b>Jugendtreff<\/b> f\u00fcr geh\u00f6rlose und schwerh\u00f6rige Jugendliche (13 \u2013 17 Jahre) entstanden. 5 schwerh\u00f6rige und geh\u00f6rlose junge Erwachsene leiten diese Gruppe. Sie treffen sich zweimal im Monat im Jugendheim, spielen Billiard, Kicker, Tischtennis oder unterhalten sich zu bestimmten Themen. 4-5mal \/ Jahr findet eine Disco statt.<\/li><li>F\u00fcr erwachsene Geh\u00f6rlose findet der \u201e<b>Treffpunkt<\/b>\u201c im Gemeindehaus statt: jeden Dienstag gibt es einen Vortrag im Rahmen der Erwachsenenbildung (praktische Fragen des Lebens: wie nehme ich mit Polizei\/Feuerwehr Kontakt auf, wie schreibe ich ein Testament oder eine Patientenverf\u00fcgung usw.)<\/li><\/ul><p>Ehrenamtliche geh\u00f6rlose MitarbeiterInnen bereiten mit vor und sorgen f\u00fcr Essen und Getr\u00e4nke.<\/p><ul><li>Zweimal monatlich bietet Herr Emler einen <b>Bibelgespr\u00e4chskreis<\/b> f\u00fcr interessierte Geh\u00f6rlose an. Sie lesen und diskutieren \u00fcber Personen aus der Bibel und die Auswirkung auf unsere heutige Zeit.<\/li><li><b>Gottesdienste f\u00fcr Geh\u00f6rlose<\/b> gibt es jeden Monat in Essen, Oberhausen und Duisburg. Geh\u00f6rlose Gottesdiensthelfer gestalten den Gottesdienst durch Geb\u00e4rden mit.<\/li><li>Seit 11 Jahren gibt es in einem <b>Altenheim<\/b> in Essen-Steele eine Station f\u00fcr Geh\u00f6rlose mit z.Zt. 20 Pl\u00e4tzen. Dort arbeiten zwei geh\u00f6rlose Mitarbeiterinnen im Rahmen der Sozialtherapie. Schwestern und Pfleger sind in Geb\u00e4rdensprache geschult. Geh\u00f6rlose Sch\u00fcler k\u00f6nnen dort ein Praktikum machen, und ab Herbst ist das Altenheim auch Praktikumsplatz f\u00fcr die AltenpflegerInnen-Ausbildung in Rendsburg.<\/li><\/ul><p>Herr Emler macht im Altenheim regelm\u00e4\u00dfig Gespr\u00e4chsangebote f\u00fcr die Bewohner und f\u00fcr geh\u00f6rlose Besucher.<\/p><p>Die andere Seite seiner Arbeit sind die schwerh\u00f6rigen und ertaubten Menschen:<\/p><ul><li><b>Gottesdienste<\/b> f\u00fcr Schwerh\u00f6rige und Ertaubte mit Induktionsschleife, der Gottesdienstablauf wird auf Folien gezeigt und mit LBG gesprochen<\/li><li>Schwerh\u00f6rige und Ertaubte sind am Gottesdienst beteiligt durch Lesungen von Texten mit Geb\u00e4rden.<\/li><li>Der <b>Jugendtreff<\/b> f\u00fcr geh\u00f6rlose und schwerh\u00f6rige Jugendliche wurde schon oben beschrieben.<\/li><li>Die <b>Zusammenarbeit mit dem DSB-Ortsverein Essen<\/b> ist eng. Viele Veranstaltungen des Vereins finden im Gemeindehaus statt.<\/li><li>Seit 11 Jahren gibt es einen <b>Ehepaarkreis<\/b> (Partner sind h\u00f6rend und schwerh\u00f6rig) trifft sich regelm\u00e4\u00dfig und bespricht Kommunikationsprobleme und Missverst\u00e4ndnisse.<\/li><li>Einmal im Jahr wird eine <b>Studienfahrt<\/b> f\u00fcr geh\u00f6rlose und schwerh\u00f6rige Personen angeboten.<\/li><li>In Zusammenarbeit mit dem DSB-Ortsverein findet ein <b>Seniorentreffpunkt<\/b> f\u00fcr Schwerh\u00f6rige und Ertaubte zweimal monatlich im Gemeindehaus statt.<\/li><\/ul><p>Es gibt also in Essen viele Angebote f\u00fcr alle Altersgruppen. Aber ohne ehrenamtliche geh\u00f6rlose und schwerh\u00f6rige Mitarbeiter sind diese Angebote nicht m\u00f6glich.<\/p>\t\t\t\t\t\t\t\t<\/div>\n\t\t\t\t\t<\/div>\n\t\t<\/div>\n\t\t\t\t\t<\/div>\n\t\t<\/section>\n\t\t\t\t<section class=\"penci-section penci-disSticky penci-structure-20 elementor-section elementor-top-section elementor-element elementor-element-3fd32e5 elementor-section-boxed elementor-section-height-default elementor-section-height-default\" data-id=\"3fd32e5\" data-element_type=\"section\" data-e-type=\"section\">\n\t\t\t\t\t\t<div class=\"elementor-container elementor-column-gap-default\">\n\t\t\t\t\t<div class=\"penci-ercol-50 penci-ercol-order-1 penci-sticky-ct    elementor-column elementor-col-50 elementor-top-column elementor-element elementor-element-bee7bc0\" data-id=\"bee7bc0\" data-element_type=\"column\" data-e-type=\"column\">\n\t\t\t<div class=\"elementor-widget-wrap elementor-element-populated\">\n\t\t\t\t\t\t<div class=\"elementor-element elementor-element-dac1085 elementor-widget elementor-widget-text-editor\" data-id=\"dac1085\" data-element_type=\"widget\" data-e-type=\"widget\" data-widget_type=\"text-editor.default\">\n\t\t\t\t\t\t\t\t\t<h5>3. Ingrid K\u00f6nig (geh\u00f6rlos, Sozialp\u00e4dagogin)<br \/>ist hauptamtliche Mitarbeiterin der Evangelischen Kirche f\u00fcr den Bereich Kinder- und Jugendarbeit.<\/h5><p>Im Bereich der Evgl. Kirche Deutschland ist ihre Stelle zur Zeit die einzige. Fr\u00fcher gab es in N\u00fcrnberg noch den \u201eKinderpark\u201c. Es fehlen Stellen f\u00fcr Geh\u00f6rlose im Bereich der Kinder- und Jugendarbeit.<\/p>\t\t\t\t\t\t\t\t<\/div>\n\t\t\t\t\t<\/div>\n\t\t<\/div>\n\t\t\t\t<div class=\"penci-ercol-50 penci-ercol-order-2 penci-sticky-ct    elementor-column elementor-col-50 elementor-top-column elementor-element elementor-element-edd6b78\" data-id=\"edd6b78\" data-element_type=\"column\" data-e-type=\"column\">\n\t\t\t<div class=\"elementor-widget-wrap elementor-element-populated\">\n\t\t\t\t\t\t<div class=\"elementor-element elementor-element-93a43c9 elementor-widget elementor-widget-image\" data-id=\"93a43c9\" data-element_type=\"widget\" data-e-type=\"widget\" data-widget_type=\"image.default\">\n\t\t\t\t\t\t\t\t\t\t\t\t\t\t\t<img loading=\"lazy\" decoding=\"async\" width=\"896\" height=\"672\" src=\"https:\/\/zeichensetzen-online.de\/wp-content\/uploads\/2002\/11\/KOFO_047_131102.jpg\" class=\"attachment-large size-large wp-image-3150\" alt=\"Kirche \u2013 nicht f\u00fcr mich ?!\" srcset=\"https:\/\/zeichensetzen-online.de\/wp-content\/uploads\/2002\/11\/KOFO_047_131102.jpg 896w, https:\/\/zeichensetzen-online.de\/wp-content\/uploads\/2002\/11\/KOFO_047_131102-300x225.jpg 300w, https:\/\/zeichensetzen-online.de\/wp-content\/uploads\/2002\/11\/KOFO_047_131102-768x576.jpg 768w, https:\/\/zeichensetzen-online.de\/wp-content\/uploads\/2002\/11\/KOFO_047_131102-585x439.jpg 585w\" sizes=\"(max-width: 896px) 100vw, 896px\" \/>\t\t\t\t\t\t\t\t\t\t\t\t\t\t\t<\/div>\n\t\t\t\t\t<\/div>\n\t\t<\/div>\n\t\t\t\t\t<\/div>\n\t\t<\/section>\n\t\t\t\t<section class=\"penci-section penci-disSticky penci-structure-21 elementor-section elementor-top-section elementor-element elementor-element-cc695f7 elementor-section-boxed elementor-section-height-default elementor-section-height-default\" data-id=\"cc695f7\" data-element_type=\"section\" data-e-type=\"section\">\n\t\t\t\t\t\t<div class=\"elementor-container elementor-column-gap-default\">\n\t\t\t\t\t<div class=\"penci-ercol-33 penci-ercol-order-1 penci-sticky-sb penci-sidebarSC   elementor-column elementor-col-33 elementor-top-column elementor-element elementor-element-9e8033d\" data-id=\"9e8033d\" data-element_type=\"column\" data-e-type=\"column\">\n\t\t\t<div class=\"elementor-widget-wrap elementor-element-populated\">\n\t\t\t\t\t\t<div class=\"elementor-element elementor-element-a175df4 elementor-widget elementor-widget-image\" data-id=\"a175df4\" data-element_type=\"widget\" data-e-type=\"widget\" data-widget_type=\"image.default\">\n\t\t\t\t\t\t\t\t\t\t\t\t\t\t\t<img loading=\"lazy\" decoding=\"async\" width=\"672\" height=\"896\" src=\"https:\/\/zeichensetzen-online.de\/wp-content\/uploads\/2002\/11\/KOFO_049_131102.jpg\" class=\"attachment-large size-large wp-image-3151\" alt=\"Kirche \u2013 nicht f\u00fcr mich ?!\" srcset=\"https:\/\/zeichensetzen-online.de\/wp-content\/uploads\/2002\/11\/KOFO_049_131102.jpg 672w, https:\/\/zeichensetzen-online.de\/wp-content\/uploads\/2002\/11\/KOFO_049_131102-225x300.jpg 225w, https:\/\/zeichensetzen-online.de\/wp-content\/uploads\/2002\/11\/KOFO_049_131102-585x780.jpg 585w\" sizes=\"(max-width: 672px) 100vw, 672px\" \/>\t\t\t\t\t\t\t\t\t\t\t\t\t\t\t<\/div>\n\t\t\t\t\t<\/div>\n\t\t<\/div>\n\t\t\t\t<div class=\"penci-ercol-66 penci-ercol-order-2 penci-sticky-ct    elementor-column elementor-col-66 elementor-top-column elementor-element elementor-element-eb8036c\" data-id=\"eb8036c\" data-element_type=\"column\" data-e-type=\"column\">\n\t\t\t<div class=\"elementor-widget-wrap elementor-element-populated\">\n\t\t\t\t\t\t<div class=\"elementor-element elementor-element-3231c98 elementor-widget elementor-widget-text-editor\" data-id=\"3231c98\" data-element_type=\"widget\" data-e-type=\"widget\" data-widget_type=\"text-editor.default\">\n\t\t\t\t\t\t\t\t\t<p>Vor fast 5 Jahren hat sie in K\u00f6ln angefangen. Damals gab es nur einen Mutter-Kind-Kreis, ein paar Gesellschaftsspiele und Bastelmaterial. Jetzt hat sich viel ge\u00e4ndert:<br \/>Es gibt verschiedene Gruppen, die sich regelm\u00e4\u00dfig treffen, es gibt Freizeiten, Sonderveranstaltungen und \u00f6konomische Veranstaltungen mit den katholischen Geh\u00f6rlosengemeinden K\u00f6ln\/Bonn.<\/p><p>Ganz wichtig ist die Vermittlung von christlichen Werten wie Toleranz, Akzeptanz, Respekt, N\u00e4chstenliebe, Vers\u00f6hnung etc.<br \/>Ingrid K\u00f6nig erkl\u00e4rt es am Beispiel mit einem wahrnehmungsgest\u00f6rten Jungen. Er verhielt sich anders und wurde schnell zum Opfer. Im Gespr\u00e4ch lernten die Kinder, sein Verhalten zu akzeptieren, aber ihm auch Grenzen zu zeigen. Ohne MitarbeiterInnen ist diese Arbeit nicht m\u00f6glich.<\/p>\t\t\t\t\t\t\t\t<\/div>\n\t\t\t\t\t<\/div>\n\t\t<\/div>\n\t\t\t\t\t<\/div>\n\t\t<\/section>\n\t\t\t\t<section class=\"penci-section penci-disSticky penci-structure-10 elementor-section elementor-top-section elementor-element elementor-element-fdec370 elementor-section-boxed elementor-section-height-default elementor-section-height-default\" data-id=\"fdec370\" data-element_type=\"section\" data-e-type=\"section\">\n\t\t\t\t\t\t<div class=\"elementor-container elementor-column-gap-default\">\n\t\t\t\t\t<div class=\"penci-ercol-100 penci-ercol-order-1 penci-sticky-ct    elementor-column elementor-col-100 elementor-top-column elementor-element elementor-element-e8e0a68\" data-id=\"e8e0a68\" data-element_type=\"column\" data-e-type=\"column\">\n\t\t\t<div class=\"elementor-widget-wrap elementor-element-populated\">\n\t\t\t\t\t\t<div class=\"elementor-element elementor-element-85e6cd8 elementor-widget elementor-widget-text-editor\" data-id=\"85e6cd8\" data-element_type=\"widget\" data-e-type=\"widget\" data-widget_type=\"text-editor.default\">\n\t\t\t\t\t\t\t\t\t<p>Anna-Maria ist seit drei Jahren dabei. Sie hat eine weitere \u201eMitarbeiterin\u201c im Arm: eine Handpuppe. Kinder lieben sie und wenn sie etwas sagt, dann wird das gerne akzeptiert.<\/p><p>Auch Ingrid K\u00f6nig betonte: ohne ehrenamtliche MitarbeiterInnen l\u00e4uft nichts. Viele Menschen denken: Warum soll ich meine Freizeit und Ideen ohne Geld hergeben ? \u2013 Nein danke. Die Mitarbeit ist ohne Geld, aber nicht umsonst. Man bekommt etwas zur\u00fcck: fr\u00f6hliche Kinderaugen sind auch ein sch\u00f6nes Geschenk; man kann viel eigene Erfahrung weitergeben, man kann viele Kompetenzen erwerben. Das ist bei einer Bewerbung vorteilhaft. Wenn man in der Kinder- und Jugendarbeit t\u00e4tig ist, dann wei\u00df der Chef: man hat Verantwortungsgef\u00fchl, eigene Ideen und Organisationstalent.<br \/>Ehrenamtliche MitarbeiterInnen k\u00f6nnen kostenlos an Weiterbildungsseminaren teilnehmen (Spielp\u00e4dagogische Seminare, Jugendleitercard etc.).<br \/>Wer Interesse an Mitarbeit als Ehrenamtlicher hat, kann sich bei Ingrid K\u00f6nig melden oder bei seiner eigenen Geh\u00f6rlosengemeinde. Man kann auch mal reinschnuppern.<\/p>\t\t\t\t\t\t\t\t<\/div>\n\t\t\t\t\t<\/div>\n\t\t<\/div>\n\t\t\t\t\t<\/div>\n\t\t<\/section>\n\t\t\t\t<section class=\"penci-section penci-disSticky penci-structure-20 elementor-section elementor-top-section elementor-element elementor-element-52f158a elementor-section-boxed elementor-section-height-default elementor-section-height-default\" data-id=\"52f158a\" data-element_type=\"section\" data-e-type=\"section\">\n\t\t\t\t\t\t<div class=\"elementor-container elementor-column-gap-default\">\n\t\t\t\t\t<div class=\"penci-ercol-50 penci-ercol-order-1 penci-sticky-ct    elementor-column elementor-col-50 elementor-top-column elementor-element elementor-element-8558da1\" data-id=\"8558da1\" data-element_type=\"column\" data-e-type=\"column\">\n\t\t\t<div class=\"elementor-widget-wrap elementor-element-populated\">\n\t\t\t\t\t\t<div class=\"elementor-element elementor-element-03900ec elementor-widget elementor-widget-text-editor\" data-id=\"03900ec\" data-element_type=\"widget\" data-e-type=\"widget\" data-widget_type=\"text-editor.default\">\n\t\t\t\t\t\t\t\t\t<h5>4. Zum Schluss referierte <br \/>Ulrich Schmidt (geh\u00f6rlos,<br \/>Vorsitzender des kirchlichen Selbsthilfeverbandes)<br \/>\u00fcber ehrenamtliche Arbeit und die Aufgaben des Verbandes:<\/h5><p>Ulrich Schmidt ist langj\u00e4hriger Vorsitzender des Evangelischen Geh\u00f6rlosenvereins Wuppertal-Barmen und seit 2 Jahren 1. Vorsitzender im Verband Ev. Geh\u00f6rloser im Bereich Rheinland. Warum macht er ehrenamtliche Arbeit ?<br \/>Ehrenamtliche Arbeit bedeutet: viel Freizeit opfern, Vereine und Gemeinden besuchen. Aber man bekommt auch viel zur\u00fcck: Anerkennung und Erfahrung. Er sp\u00fcrt, dass er anderen Menschen helfen kann.<\/p>\t\t\t\t\t\t\t\t<\/div>\n\t\t\t\t\t<\/div>\n\t\t<\/div>\n\t\t\t\t<div class=\"penci-ercol-50 penci-ercol-order-2 penci-sticky-ct    elementor-column elementor-col-50 elementor-top-column elementor-element elementor-element-92af570\" data-id=\"92af570\" data-element_type=\"column\" data-e-type=\"column\">\n\t\t\t<div class=\"elementor-widget-wrap elementor-element-populated\">\n\t\t\t\t\t\t<div class=\"elementor-element elementor-element-9cd793d elementor-widget elementor-widget-image\" data-id=\"9cd793d\" data-element_type=\"widget\" data-e-type=\"widget\" data-widget_type=\"image.default\">\n\t\t\t\t\t\t\t\t\t\t\t\t\t\t\t<img loading=\"lazy\" decoding=\"async\" width=\"896\" height=\"672\" src=\"https:\/\/zeichensetzen-online.de\/wp-content\/uploads\/2002\/11\/KOFO_052_131102.jpg\" class=\"attachment-large size-large wp-image-3152\" alt=\"Kirche \u2013 nicht f\u00fcr mich ?!\" srcset=\"https:\/\/zeichensetzen-online.de\/wp-content\/uploads\/2002\/11\/KOFO_052_131102.jpg 896w, https:\/\/zeichensetzen-online.de\/wp-content\/uploads\/2002\/11\/KOFO_052_131102-300x225.jpg 300w, https:\/\/zeichensetzen-online.de\/wp-content\/uploads\/2002\/11\/KOFO_052_131102-768x576.jpg 768w, https:\/\/zeichensetzen-online.de\/wp-content\/uploads\/2002\/11\/KOFO_052_131102-585x439.jpg 585w\" sizes=\"(max-width: 896px) 100vw, 896px\" \/>\t\t\t\t\t\t\t\t\t\t\t\t\t\t\t<\/div>\n\t\t\t\t\t<\/div>\n\t\t<\/div>\n\t\t\t\t\t<\/div>\n\t\t<\/section>\n\t\t\t\t<section class=\"penci-section penci-disSticky penci-structure-10 elementor-section elementor-top-section elementor-element elementor-element-a883580 elementor-section-boxed elementor-section-height-default elementor-section-height-default\" data-id=\"a883580\" data-element_type=\"section\" data-e-type=\"section\">\n\t\t\t\t\t\t<div class=\"elementor-container elementor-column-gap-default\">\n\t\t\t\t\t<div class=\"penci-ercol-100 penci-ercol-order-1 penci-sticky-ct    elementor-column elementor-col-100 elementor-top-column elementor-element elementor-element-fb66fd9\" data-id=\"fb66fd9\" data-element_type=\"column\" data-e-type=\"column\">\n\t\t\t<div class=\"elementor-widget-wrap elementor-element-populated\">\n\t\t\t\t\t\t<div class=\"elementor-element elementor-element-b3d7cee elementor-widget elementor-widget-text-editor\" data-id=\"b3d7cee\" data-element_type=\"widget\" data-e-type=\"widget\" data-widget_type=\"text-editor.default\">\n\t\t\t\t\t\t\t\t\t<p>Im Selbsthilfeverband sind zur Zeit 24 Geh\u00f6rlosengemeinden und \u2013vereine mit ca.1100 Mitgliedern angeschlossen. Der Verband vertritt ihre Interessen gegen\u00fcber der Landeskirche Rheinland. Zweimal im Jahr gibt es Mitarbeitertagungen f\u00fcr GottesdiensthelferInnen. Die Geh\u00f6rlosen unterst\u00fctzen den Pfarrer im Gottesdienst z.B. durch Geb\u00e4rdenlieder. Der Verband bietet auch Geb\u00e4rden-Schulungen f\u00fcr junge PfarrerInnen an. Es ist wichtig, dass die Geh\u00f6rlosenseelsorger ohne Dolmetscher mit den Geh\u00f6rlosen direkt in LBG oder DGS kommunizieren k\u00f6nnen. Bei jungen Geh\u00f6rlosen ist DGS beliebt, aber auch die LBG ist wichtig, weil viele \u00e4ltere Geh\u00f6rlose am Gottesdienst teilnehmen.<\/p><p>Der Verband bem\u00fcht sich auch, dass freie Stellen durch ausgebildete GL-Seelsorger besetzt werden.<\/p><p>Er h\u00e4lt Kontakt zum landeskirchlichen Ausschuss, zur DAFEG und zum Pastorenkolleg, das alle 2 Jahre in Rengsdorf stattfindet. Zu diesen einw\u00f6chigen Seminaren treffen sich geh\u00f6rlose Fachp\u00e4dagogen, Geh\u00f6rlosenseelsorger und ehrenamtliche Mitarbeiter.<\/p><p>Die Landeskirche Rheinland ist in sechs Regionen aufgeteilt: Rhein-Ruhr\/ D\u00fcsseldorf und Bergisches Land \/ K\u00f6ln \/ Bonn-Aachen \/ Rhein-Lahn-Mosel \/ Saar.<br \/>Die Arbeit ist vielf\u00e4ltig, von den H\u00f6rgesch\u00e4digtenschulen in den Regionen bis zu den Altenheimen in Solingen, Essen-Steele und K\u00f6ln.<\/p><p>In der anschlie\u00dfenden <b>Diskussion<\/b> wurden viele Punkte vertieft. Die beiden geh\u00f6rlosen MitarbeiterInnen im Altenheim Essen-Steele waren anwesend und konnten \u00fcber ihre Arbeit berichten. Im Anschluss an die Diskussion\u00a0 wurde eine Bildschirmpr\u00e4sentation gezeigt \u00fcber die Aktivit\u00e4ten der verschiedenen Geh\u00f6rlosengemeinden. Jeder Besucher erhielt zum Abschied einen kleinen Topf mit Senfk\u00f6rner-Samen.<\/p>\t\t\t\t\t\t\t\t<\/div>\n\t\t\t\t\t<\/div>\n\t\t<\/div>\n\t\t\t\t\t<\/div>\n\t\t<\/section>\n\t\t\t\t<section class=\"penci-section penci-disSticky penci-structure-20 elementor-section elementor-top-section elementor-element elementor-element-5c5788c elementor-section-boxed elementor-section-height-default elementor-section-height-default\" data-id=\"5c5788c\" data-element_type=\"section\" data-e-type=\"section\">\n\t\t\t\t\t\t<div class=\"elementor-container elementor-column-gap-default\">\n\t\t\t\t\t<div class=\"penci-ercol-50 penci-ercol-order-1 penci-sticky-ct    elementor-column elementor-col-50 elementor-top-column elementor-element elementor-element-2f183e4\" data-id=\"2f183e4\" data-element_type=\"column\" data-e-type=\"column\">\n\t\t\t<div class=\"elementor-widget-wrap elementor-element-populated\">\n\t\t\t\t\t\t<div class=\"elementor-element elementor-element-85dcae0 elementor-widget elementor-widget-image\" data-id=\"85dcae0\" data-element_type=\"widget\" data-e-type=\"widget\" data-widget_type=\"image.default\">\n\t\t\t\t\t\t\t\t\t\t\t\t\t\t\t<img loading=\"lazy\" decoding=\"async\" width=\"896\" height=\"672\" src=\"https:\/\/zeichensetzen-online.de\/wp-content\/uploads\/2002\/11\/KOFO_060_131102.jpg\" class=\"attachment-large size-large wp-image-3154\" alt=\"Kirche \u2013 nicht f\u00fcr mich ?!\" srcset=\"https:\/\/zeichensetzen-online.de\/wp-content\/uploads\/2002\/11\/KOFO_060_131102.jpg 896w, https:\/\/zeichensetzen-online.de\/wp-content\/uploads\/2002\/11\/KOFO_060_131102-300x225.jpg 300w, https:\/\/zeichensetzen-online.de\/wp-content\/uploads\/2002\/11\/KOFO_060_131102-768x576.jpg 768w, https:\/\/zeichensetzen-online.de\/wp-content\/uploads\/2002\/11\/KOFO_060_131102-585x439.jpg 585w\" sizes=\"(max-width: 896px) 100vw, 896px\" \/>\t\t\t\t\t\t\t\t\t\t\t\t\t\t\t<\/div>\n\t\t\t\t\t<\/div>\n\t\t<\/div>\n\t\t\t\t<div class=\"penci-ercol-50 penci-ercol-order-2 penci-sticky-ct    elementor-column elementor-col-50 elementor-top-column elementor-element elementor-element-181d2c8\" data-id=\"181d2c8\" data-element_type=\"column\" data-e-type=\"column\">\n\t\t\t<div class=\"elementor-widget-wrap elementor-element-populated\">\n\t\t\t\t\t\t<div class=\"elementor-element elementor-element-dd3a9ae elementor-widget elementor-widget-image\" data-id=\"dd3a9ae\" data-element_type=\"widget\" data-e-type=\"widget\" data-widget_type=\"image.default\">\n\t\t\t\t\t\t\t\t\t\t\t\t\t\t\t<img loading=\"lazy\" decoding=\"async\" width=\"896\" height=\"672\" src=\"https:\/\/zeichensetzen-online.de\/wp-content\/uploads\/2002\/11\/KOFO_062_131102.jpg\" class=\"attachment-large size-large wp-image-3155\" alt=\"Kirche \u2013 nicht f\u00fcr mich ?!\" srcset=\"https:\/\/zeichensetzen-online.de\/wp-content\/uploads\/2002\/11\/KOFO_062_131102.jpg 896w, https:\/\/zeichensetzen-online.de\/wp-content\/uploads\/2002\/11\/KOFO_062_131102-300x225.jpg 300w, https:\/\/zeichensetzen-online.de\/wp-content\/uploads\/2002\/11\/KOFO_062_131102-768x576.jpg 768w, https:\/\/zeichensetzen-online.de\/wp-content\/uploads\/2002\/11\/KOFO_062_131102-585x439.jpg 585w\" sizes=\"(max-width: 896px) 100vw, 896px\" \/>\t\t\t\t\t\t\t\t\t\t\t\t\t\t\t<\/div>\n\t\t\t\t\t<\/div>\n\t\t<\/div>\n\t\t\t\t\t<\/div>\n\t\t<\/section>\n\t\t\t\t<section class=\"penci-section penci-disSticky penci-structure-20 elementor-section elementor-top-section elementor-element elementor-element-bb3cb09 elementor-section-boxed elementor-section-height-default elementor-section-height-default\" data-id=\"bb3cb09\" data-element_type=\"section\" data-e-type=\"section\">\n\t\t\t\t\t\t<div class=\"elementor-container elementor-column-gap-default\">\n\t\t\t\t\t<div class=\"penci-ercol-50 penci-ercol-order-1 penci-sticky-ct    elementor-column elementor-col-50 elementor-top-column elementor-element elementor-element-d9461a5\" data-id=\"d9461a5\" data-element_type=\"column\" data-e-type=\"column\">\n\t\t\t<div class=\"elementor-widget-wrap elementor-element-populated\">\n\t\t\t\t\t\t<div class=\"elementor-element elementor-element-121b360 elementor-widget elementor-widget-text-editor\" data-id=\"121b360\" data-element_type=\"widget\" data-e-type=\"widget\" data-widget_type=\"text-editor.default\">\n\t\t\t\t\t\t\t\t\t<p>Es war ein interessanter Abend, der von den ReferentInnen sehr gut vorbereitet war.<br \/>Nat\u00fcrlich ist es nicht m\u00f6glich, in 2 Stunden alle Fragen in Zusammenhang mit Kirche zu diskutieren. Aber alle TeilnehmerInnen haben einen guten Einblick in Kirchenarbeit heute bekommen.<\/p><p>Text: Helga Ulbricht<br \/>Fotos: Frank Br\u00fcggemann<\/p>\t\t\t\t\t\t\t\t<\/div>\n\t\t\t\t\t<\/div>\n\t\t<\/div>\n\t\t\t\t<div class=\"penci-ercol-50 penci-ercol-order-2 penci-sticky-ct    elementor-column elementor-col-50 elementor-top-column elementor-element elementor-element-9bc18c3\" data-id=\"9bc18c3\" data-element_type=\"column\" data-e-type=\"column\">\n\t\t\t<div class=\"elementor-widget-wrap elementor-element-populated\">\n\t\t\t\t\t\t<div class=\"elementor-element elementor-element-e333be3 elementor-widget elementor-widget-image\" data-id=\"e333be3\" data-element_type=\"widget\" data-e-type=\"widget\" data-widget_type=\"image.default\">\n\t\t\t\t\t\t\t\t\t\t\t\t\t\t\t<img loading=\"lazy\" decoding=\"async\" width=\"896\" height=\"672\" src=\"https:\/\/zeichensetzen-online.de\/wp-content\/uploads\/2002\/11\/KOFO_057_131102.jpg\" class=\"attachment-large size-large wp-image-3153\" alt=\"Kirche \u2013 nicht f\u00fcr mich ?!\" srcset=\"https:\/\/zeichensetzen-online.de\/wp-content\/uploads\/2002\/11\/KOFO_057_131102.jpg 896w, https:\/\/zeichensetzen-online.de\/wp-content\/uploads\/2002\/11\/KOFO_057_131102-300x225.jpg 300w, https:\/\/zeichensetzen-online.de\/wp-content\/uploads\/2002\/11\/KOFO_057_131102-768x576.jpg 768w, https:\/\/zeichensetzen-online.de\/wp-content\/uploads\/2002\/11\/KOFO_057_131102-585x439.jpg 585w\" sizes=\"(max-width: 896px) 100vw, 896px\" \/>\t\t\t\t\t\t\t\t\t\t\t\t\t\t\t<\/div>\n\t\t\t\t\t<\/div>\n\t\t<\/div>\n\t\t\t\t\t<\/div>\n\t\t<\/section>\n\t\t\t\t<\/div>\n\t\t","protected":false},"excerpt":{"rendered":"<p>Kofo Essen, 13.11.02 Kirche \u2013 nicht f\u00fcr mich ?! ReferentInnen: Ingrid K\u00f6nig, Ulrich Schmidt, Volker Emler, Monika Greier-Morck Alle vier ReferentInnen sind MitarbeiterInnen der Evangelischen Kirche Rheinland 1. Zuerst berichtet&hellip;<\/p>\n","protected":false},"author":1,"featured_media":0,"comment_status":"closed","ping_status":"open","sticky":false,"template":"","format":"standard","meta":{"content-type":"","_lmt_disableupdate":"","_lmt_disable":"","_themeisle_gutenberg_block_has_review":false,"footnotes":""},"categories":[4,169],"tags":[],"class_list":["post-288","post","type-post","status-publish","format-standard","hentry","category-jahrgang-2002","category-november-jahrgang-2002"],"aioseo_notices":[],"_links":{"self":[{"href":"https:\/\/zeichensetzen-online.de\/index.php\/wp-json\/wp\/v2\/posts\/288","targetHints":{"allow":["GET"]}}],"collection":[{"href":"https:\/\/zeichensetzen-online.de\/index.php\/wp-json\/wp\/v2\/posts"}],"about":[{"href":"https:\/\/zeichensetzen-online.de\/index.php\/wp-json\/wp\/v2\/types\/post"}],"author":[{"embeddable":true,"href":"https:\/\/zeichensetzen-online.de\/index.php\/wp-json\/wp\/v2\/users\/1"}],"replies":[{"embeddable":true,"href":"https:\/\/zeichensetzen-online.de\/index.php\/wp-json\/wp\/v2\/comments?post=288"}],"version-history":[{"count":29,"href":"https:\/\/zeichensetzen-online.de\/index.php\/wp-json\/wp\/v2\/posts\/288\/revisions"}],"predecessor-version":[{"id":3987,"href":"https:\/\/zeichensetzen-online.de\/index.php\/wp-json\/wp\/v2\/posts\/288\/revisions\/3987"}],"wp:attachment":[{"href":"https:\/\/zeichensetzen-online.de\/index.php\/wp-json\/wp\/v2\/media?parent=288"}],"wp:term":[{"taxonomy":"category","embeddable":true,"href":"https:\/\/zeichensetzen-online.de\/index.php\/wp-json\/wp\/v2\/categories?post=288"},{"taxonomy":"post_tag","embeddable":true,"href":"https:\/\/zeichensetzen-online.de\/index.php\/wp-json\/wp\/v2\/tags?post=288"}],"curies":[{"name":"wp","href":"https:\/\/api.w.org\/{rel}","templated":true}]}}