{"id":278,"date":"2002-09-11T19:48:08","date_gmt":"2002-09-11T17:48:08","guid":{"rendered":"https:\/\/zeichensetzen-online.de\/?p=278"},"modified":"2023-04-30T22:30:00","modified_gmt":"2023-04-30T20:30:00","slug":"podiumsdiskussion-zur-bundestagswahl","status":"publish","type":"post","link":"https:\/\/zeichensetzen-online.de\/index.php\/2002\/09\/11\/podiumsdiskussion-zur-bundestagswahl\/","title":{"rendered":"Podiumsdiskussion zur Bundestagswahl"},"content":{"rendered":"\t\t<div data-elementor-type=\"wp-post\" data-elementor-id=\"278\" class=\"elementor elementor-278\">\n\t\t\t\t\t\t<section class=\"penci-section penci-disSticky penci-structure-10 elementor-section elementor-top-section elementor-element elementor-element-4c02c3f elementor-section-boxed elementor-section-height-default elementor-section-height-default\" data-id=\"4c02c3f\" data-element_type=\"section\" data-e-type=\"section\">\n\t\t\t\t\t\t<div class=\"elementor-container elementor-column-gap-default\">\n\t\t\t\t\t<div class=\"penci-ercol-100 penci-ercol-order-1 penci-sticky-ct    elementor-column elementor-col-100 elementor-top-column elementor-element elementor-element-f279253\" data-id=\"f279253\" data-element_type=\"column\" data-e-type=\"column\">\n\t\t\t<div class=\"elementor-widget-wrap elementor-element-populated\">\n\t\t\t\t\t\t<div class=\"elementor-element elementor-element-9a1a8a3 elementor-widget elementor-widget-penci-fancy_heading\" data-id=\"9a1a8a3\" data-element_type=\"widget\" data-e-type=\"widget\" data-widget_type=\"penci-fancy_heading.default\">\n\t\t\t\t<div class=\"elementor-widget-container\">\n\t\t\t\t\t\t\t<div class=\"penci-fancy-heading penci-heading-text-left pc-fctline\">\n\t\t\t<div class=\"penci-fancy-heading-inner\">\n\t\t\t\t<div class=\"penci-heading-subtitle\">Kofo Essen, 11.09.2002<\/div><h2 class=\"penci-heading-title\"><span class=\"inner-tit\">Podiumsdiskussion zur Bundestagswahl<\/span><\/h2><div class=\"penci-separator penci-separator- penci-separator-left\"><span class=\"penci-sep_holder penci-sep_holder_l\"><span class=\"penci-sep_line\"><\/span><\/span><span class=\"penci-sep_holder penci-sep_holder_r\"><span class=\"penci-sep_line\"><\/span><\/span><\/div>\t\t\t<\/div>\n\t\t<\/div>\n\t\t\t\t\t\t<\/div>\n\t\t\t\t<\/div>\n\t\t\t\t\t<\/div>\n\t\t<\/div>\n\t\t\t\t\t<\/div>\n\t\t<\/section>\n\t\t\t\t<section class=\"penci-section penci-disSticky penci-structure-20 elementor-section elementor-top-section elementor-element elementor-element-8057cd2 elementor-section-boxed elementor-section-height-default elementor-section-height-default\" data-id=\"8057cd2\" data-element_type=\"section\" data-e-type=\"section\">\n\t\t\t\t\t\t<div class=\"elementor-container elementor-column-gap-default\">\n\t\t\t\t\t<div class=\"penci-ercol-50 penci-ercol-order-1 penci-sticky-ct    elementor-column elementor-col-50 elementor-top-column elementor-element elementor-element-e7425e0\" data-id=\"e7425e0\" data-element_type=\"column\" data-e-type=\"column\">\n\t\t\t<div class=\"elementor-widget-wrap elementor-element-populated\">\n\t\t\t\t\t\t<div class=\"elementor-element elementor-element-623b290 elementor-widget elementor-widget-text-editor\" data-id=\"623b290\" data-element_type=\"widget\" data-e-type=\"widget\" data-widget_type=\"text-editor.default\">\n\t\t\t\t\t\t\t\t\t<h5>Die Vorbereitung<\/h5><p>Podiumsdiskussionen vor Bundestagswahlen sind Tradition f\u00fcr das Essener Kofo. Auch 1990 und 1998 wurden Politiker geladen, die mehr oder (meistens) weniger erfolgreich versuchten, unsere Fragen zu beantworten.<\/p>\t\t\t\t\t\t\t\t<\/div>\n\t\t\t\t\t<\/div>\n\t\t<\/div>\n\t\t\t\t<div class=\"penci-ercol-50 penci-ercol-order-2 penci-sticky-ct    elementor-column elementor-col-50 elementor-top-column elementor-element elementor-element-1479d2d\" data-id=\"1479d2d\" data-element_type=\"column\" data-e-type=\"column\">\n\t\t\t<div class=\"elementor-widget-wrap elementor-element-populated\">\n\t\t\t\t\t\t<div class=\"elementor-element elementor-element-8402d7c elementor-widget elementor-widget-image\" data-id=\"8402d7c\" data-element_type=\"widget\" data-e-type=\"widget\" data-widget_type=\"image.default\">\n\t\t\t\t\t\t\t\t\t\t\t\t\t\t\t<img fetchpriority=\"high\" decoding=\"async\" width=\"400\" height=\"300\" src=\"https:\/\/zeichensetzen-online.de\/wp-content\/uploads\/2002\/09\/DSCN1661.jpg\" class=\"attachment-large size-large wp-image-3173\" alt=\"Podiumsdiskussion zur Bundestagswahl\" srcset=\"https:\/\/zeichensetzen-online.de\/wp-content\/uploads\/2002\/09\/DSCN1661.jpg 400w, https:\/\/zeichensetzen-online.de\/wp-content\/uploads\/2002\/09\/DSCN1661-300x225.jpg 300w\" sizes=\"(max-width: 400px) 100vw, 400px\" \/>\t\t\t\t\t\t\t\t\t\t\t\t\t\t\t<\/div>\n\t\t\t\t\t<\/div>\n\t\t<\/div>\n\t\t\t\t\t<\/div>\n\t\t<\/section>\n\t\t\t\t<section class=\"penci-section penci-disSticky penci-structure-10 elementor-section elementor-top-section elementor-element elementor-element-07b7e0b elementor-section-boxed elementor-section-height-default elementor-section-height-default\" data-id=\"07b7e0b\" data-element_type=\"section\" data-e-type=\"section\">\n\t\t\t\t\t\t<div class=\"elementor-container elementor-column-gap-default\">\n\t\t\t\t\t<div class=\"penci-ercol-100 penci-ercol-order-1 penci-sticky-ct    elementor-column elementor-col-100 elementor-top-column elementor-element elementor-element-8b302cc\" data-id=\"8b302cc\" data-element_type=\"column\" data-e-type=\"column\">\n\t\t\t<div class=\"elementor-widget-wrap elementor-element-populated\">\n\t\t\t\t\t\t<div class=\"elementor-element elementor-element-79c6b6e elementor-widget elementor-widget-text-editor\" data-id=\"79c6b6e\" data-element_type=\"widget\" data-e-type=\"widget\" data-widget_type=\"text-editor.default\">\n\t\t\t\t\t\t\t\t\tMittlerweile hat sich das Kofo-Mitarbeiterteam erweitert: Wir sind froh, dass nun auch der Ortsverein des DSB und die Schwerh\u00f6rigenjugend mitarbeiten. Ebenso das Berufskolleg, das Bildungszentrum und die Evangelische Seelsorge f\u00fcr Geh\u00f6rlose und Schwerh\u00f6rige. Auch unser Kommunikationsziel haben wir h\u00f6her gesteckt: Wir wollen auf den Kofo-Veranstaltungen eine barrierefreie Kommunikation f\u00fcr alle erreichen und haben deshalb neben Geb\u00e4rdensprachdolmetscherInnen auch SchreibdolmetscherInnen im Einsatz. F\u00fcr eine Podiumsdiskussion bedeutet das eine intensive Vorbereitung. Das Internat f\u00fcr H\u00f6rgesch\u00e4digte hatte die Koordination \u00fcbernommen und vorbildliche Arbeit geleistet. Schon lange vor den Sommerferien haben sich 3 Arbeitsgruppen gebildet, die jeweils einen Themenbereich vorbereiteten. Ganz wichtig war auch die aktive Mitarbeit von h\u00f6rgesch\u00e4digten Sch\u00fclerInnen und Auszubildenden.\n<p><strong>1. Thema: \u201eVerbesserung der Ausbildungssituation von Geh\u00f6rlosen und Schwerh\u00f6rigen\u201c<\/strong><br>Eine Gruppe mit Azubis, Mitarbeitern aus Bildungszentrum, Integrationsfachdienst und Internat begann ihre Arbeit mit einer Umfrage unter h\u00f6rgesch\u00e4digten Azubis. Sie erstellten detaillierte Fragen zur Schaffung von Ausbildungspl\u00e4tzen, zur Vorbereitung der Arbeitsaufnahme, zur Verbesserung der schulischen Ausbildung, zur Fort- und Weiterbildung. Auch die Situation hg Studenten wurde aufgegriffen.<\/p>\n<p><b>2. Thema: \u201eBehindertengleichstellungsgesetz 2002 und die Folgen\u201c<\/b><br>Sch\u00fcler der gymnasialen Oberstufe bereiteten dieses Thema mit Unterst\u00fctzung der Lehrer vor. Sie erarbeiteten ein Statement und Fragen zu diesem Themenbereich. Das Behindertengleichstellungsgesetz wird begr\u00fc\u00dft, aber die Umsetzung hinterfragt. Wie sieht es mit der Barrierefreiheit f\u00fcr H\u00f6rgesch\u00e4digte aus ? Warum ist das Anti-Diskriminierungsgesetz noch nicht verabschiedet ?<\/p>\n<p><b>3. Thema: \u201eForderungen von Geh\u00f6rlosen, Schwerh\u00f6rigen und Ertaubten an die Politik\u201c<\/b><br>Diesen Themenbereich \u00fcbernahm der DSB Ortsverein Essen. Die Wahlpr\u00fcfsteine des DSB zur Bundestagswahl enthalten Forderungen zur H\u00f6rger\u00e4teversorgung, zur Untertitelung, zur Umsetzung der Barrierefreiheit, zur ehrenamtlichen Arbeit und Selbsthilfef\u00f6rderung und zur Gesundheitspolitik.<\/p>\n<h5>Die Podiumsdiskussion<\/h5>\n<p>Bereits ab 18 Uhr kamen die ersten Besucher. Um 19 Uhr war die Mensa des Internats mit 200 G\u00e4sten rappelvoll. Zus\u00e4tzliche St\u00fchle mussten aufgestellt werden. Wir konnten auch prominente Besucher begr\u00fc\u00dfen: Jochen Muhs (gl, im Vorstand des Vereins Kultur und Geschichte Geh\u00f6rloser) und Marcel Karth\u00e4user (sh, Bundesgesch\u00e4ftsf\u00fchrer des DSB) waren beide aus Berlin angereist. Moderator Wolfgang Klein\u00f6der gab nach einer kurzen Begr\u00fc\u00dfung das Mikrofon an den Internatsleiter Klaus D\u00f6ring. Dieser erinnerte an die noch immer unfassbaren Terroranschl\u00e4ge vor einem Jahr in New York. In seiner kurzen Ansprache betonte er, dass nur durch gegenseitiges Verst\u00e4ndnis und Miteinander ein solcher Hass vermieden werden kann. Anschlie\u00dfend bat er, in einer Schweigeminute der Opfer zu gedenken.<\/p>\t\t\t\t\t\t\t\t<\/div>\n\t\t\t\t\t<\/div>\n\t\t<\/div>\n\t\t\t\t\t<\/div>\n\t\t<\/section>\n\t\t\t\t<section class=\"penci-section penci-disSticky penci-structure-20 elementor-section elementor-top-section elementor-element elementor-element-75a22c7 elementor-section-boxed elementor-section-height-default elementor-section-height-default\" data-id=\"75a22c7\" data-element_type=\"section\" data-e-type=\"section\">\n\t\t\t\t\t\t<div class=\"elementor-container elementor-column-gap-default\">\n\t\t\t\t\t<div class=\"penci-ercol-50 penci-ercol-order-1 penci-sticky-ct    elementor-column elementor-col-50 elementor-top-column elementor-element elementor-element-8948554\" data-id=\"8948554\" data-element_type=\"column\" data-e-type=\"column\">\n\t\t\t<div class=\"elementor-widget-wrap elementor-element-populated\">\n\t\t\t\t\t\t<div class=\"elementor-element elementor-element-45f08c7 elementor-widget elementor-widget-image\" data-id=\"45f08c7\" data-element_type=\"widget\" data-e-type=\"widget\" data-widget_type=\"image.default\">\n\t\t\t\t\t\t\t\t\t\t\t\t\t\t\t<img decoding=\"async\" width=\"400\" height=\"295\" src=\"https:\/\/zeichensetzen-online.de\/wp-content\/uploads\/2002\/09\/6Publikum2.jpg\" class=\"attachment-large size-large wp-image-3184\" alt=\"\" srcset=\"https:\/\/zeichensetzen-online.de\/wp-content\/uploads\/2002\/09\/6Publikum2.jpg 400w, https:\/\/zeichensetzen-online.de\/wp-content\/uploads\/2002\/09\/6Publikum2-300x221.jpg 300w\" sizes=\"(max-width: 400px) 100vw, 400px\" \/>\t\t\t\t\t\t\t\t\t\t\t\t\t\t\t<\/div>\n\t\t\t\t\t<\/div>\n\t\t<\/div>\n\t\t\t\t<div class=\"penci-ercol-50 penci-ercol-order-2 penci-sticky-ct    elementor-column elementor-col-50 elementor-top-column elementor-element elementor-element-0d9c694\" data-id=\"0d9c694\" data-element_type=\"column\" data-e-type=\"column\">\n\t\t\t<div class=\"elementor-widget-wrap elementor-element-populated\">\n\t\t\t\t\t\t<div class=\"elementor-element elementor-element-e38ede8 elementor-widget elementor-widget-image\" data-id=\"e38ede8\" data-element_type=\"widget\" data-e-type=\"widget\" data-widget_type=\"image.default\">\n\t\t\t\t\t\t\t\t\t\t\t\t\t\t\t<img decoding=\"async\" width=\"400\" height=\"295\" src=\"https:\/\/zeichensetzen-online.de\/wp-content\/uploads\/2002\/09\/4Gedenken.jpg\" class=\"attachment-large size-large wp-image-3170\" alt=\"\" srcset=\"https:\/\/zeichensetzen-online.de\/wp-content\/uploads\/2002\/09\/4Gedenken.jpg 400w, https:\/\/zeichensetzen-online.de\/wp-content\/uploads\/2002\/09\/4Gedenken-300x221.jpg 300w\" sizes=\"(max-width: 400px) 100vw, 400px\" \/>\t\t\t\t\t\t\t\t\t\t\t\t\t\t\t<\/div>\n\t\t\t\t\t<\/div>\n\t\t<\/div>\n\t\t\t\t\t<\/div>\n\t\t<\/section>\n\t\t\t\t<section class=\"penci-section penci-disSticky penci-structure-10 elementor-section elementor-top-section elementor-element elementor-element-a147b39 elementor-section-boxed elementor-section-height-default elementor-section-height-default\" data-id=\"a147b39\" data-element_type=\"section\" data-e-type=\"section\">\n\t\t\t\t\t\t<div class=\"elementor-container elementor-column-gap-default\">\n\t\t\t\t\t<div class=\"penci-ercol-100 penci-ercol-order-1 penci-sticky-ct    elementor-column elementor-col-100 elementor-top-column elementor-element elementor-element-cf13baf\" data-id=\"cf13baf\" data-element_type=\"column\" data-e-type=\"column\">\n\t\t\t<div class=\"elementor-widget-wrap elementor-element-populated\">\n\t\t\t\t\t\t<div class=\"elementor-element elementor-element-d68ce33 elementor-widget elementor-widget-image\" data-id=\"d68ce33\" data-element_type=\"widget\" data-e-type=\"widget\" data-widget_type=\"image.default\">\n\t\t\t\t\t\t\t\t\t\t\t\t\t\t\t<img loading=\"lazy\" decoding=\"async\" width=\"900\" height=\"380\" src=\"https:\/\/zeichensetzen-online.de\/wp-content\/uploads\/2002\/09\/kofo_a2.jpg\" class=\"attachment-large size-large wp-image-3181\" alt=\"Podiumsdiskussion zur Bundestagswahl\" srcset=\"https:\/\/zeichensetzen-online.de\/wp-content\/uploads\/2002\/09\/kofo_a2.jpg 900w, https:\/\/zeichensetzen-online.de\/wp-content\/uploads\/2002\/09\/kofo_a2-300x127.jpg 300w, https:\/\/zeichensetzen-online.de\/wp-content\/uploads\/2002\/09\/kofo_a2-768x324.jpg 768w, https:\/\/zeichensetzen-online.de\/wp-content\/uploads\/2002\/09\/kofo_a2-585x247.jpg 585w\" sizes=\"(max-width: 900px) 100vw, 900px\" \/>\t\t\t\t\t\t\t\t\t\t\t\t\t\t\t<\/div>\n\t\t\t\t\t<\/div>\n\t\t<\/div>\n\t\t\t\t\t<\/div>\n\t\t<\/section>\n\t\t\t\t<section class=\"penci-section penci-disSticky penci-structure-10 elementor-section elementor-top-section elementor-element elementor-element-b557e2a elementor-section-boxed elementor-section-height-default elementor-section-height-default\" data-id=\"b557e2a\" data-element_type=\"section\" data-e-type=\"section\">\n\t\t\t\t\t\t<div class=\"elementor-container elementor-column-gap-default\">\n\t\t\t\t\t<div class=\"penci-ercol-100 penci-ercol-order-1 penci-sticky-ct    elementor-column elementor-col-100 elementor-top-column elementor-element elementor-element-ef62015\" data-id=\"ef62015\" data-element_type=\"column\" data-e-type=\"column\">\n\t\t\t<div class=\"elementor-widget-wrap elementor-element-populated\">\n\t\t\t\t\t\t<div class=\"elementor-element elementor-element-5a3d296 elementor-widget elementor-widget-text-editor\" data-id=\"5a3d296\" data-element_type=\"widget\" data-e-type=\"widget\" data-widget_type=\"text-editor.default\">\n\t\t\t\t\t\t\t\t\t<p>Die Podiumsdiskussion begann mit einer Vorstellungsrunde der Politiker:<\/p><p><b>Vera Etterich (B\u00fcndnis 90\/die Gr\u00fcnen)<\/b> musste \u00fcberraschend f\u00fcr Thomas Rommelspacher einspringen und war deshalb auf das Thema schlecht vorbereitet.<\/p><p>Auch f\u00fcr <b>Thomas Kufen (CDU)<\/b> ist das Thema Neuland.<\/p><p><b>Dirk Overhoff (PDS)<\/b> kennt behinderte und geh\u00f6rlose Personen in seinem Bekanntenkreis, Parteipolitiker ist er erst seit einem Jahr.<\/p><p><b>Christian M\u00fcller (FDP)<\/b> ist auch kein Fachmann f\u00fcr Behindertenpolitik, m\u00f6chte in dieser Veranstaltung selbst etwas lernen.<\/p><p><b>Britta Altenkamp (SPD)<\/b> ist im Landtag zust\u00e4ndig f\u00fcr Migrationsangelegenheiten (Probleme der Einwanderer), Behindertenpolitik ist f\u00fcr sie ebenfalls Neuland.<\/p><p>Nach dieser kurzen Vorstellung war schon klar, wo die \u201eExperten\u201c zu finden sind: auf der Seite der Fragesteller.<\/p><p>Das zeigte sich besonders krass in der <b>Diskussionsrunde zum 1. Thema<\/b>. Auf dem Podium sa\u00dfen Sabine Schl\u00fcss (Integrationsfachdienst),<br \/>Thomas Notthoff (Azubi, gl), Felix Blomendahl (Soz.p\u00e4d. im Anerkennungsjahr, sh)<\/p>\t\t\t\t\t\t\t\t<\/div>\n\t\t\t\t\t<\/div>\n\t\t<\/div>\n\t\t\t\t\t<\/div>\n\t\t<\/section>\n\t\t\t\t<section class=\"penci-section penci-disSticky penci-structure-20 elementor-section elementor-top-section elementor-element elementor-element-3b7e252 elementor-section-boxed elementor-section-height-default elementor-section-height-default\" data-id=\"3b7e252\" data-element_type=\"section\" data-e-type=\"section\">\n\t\t\t\t\t\t<div class=\"elementor-container elementor-column-gap-default\">\n\t\t\t\t\t<div class=\"penci-ercol-50 penci-ercol-order-1 penci-sticky-ct    elementor-column elementor-col-50 elementor-top-column elementor-element elementor-element-a93fb21\" data-id=\"a93fb21\" data-element_type=\"column\" data-e-type=\"column\">\n\t\t\t<div class=\"elementor-widget-wrap elementor-element-populated\">\n\t\t\t\t\t\t<div class=\"elementor-element elementor-element-0c40d3d elementor-widget elementor-widget-image\" data-id=\"0c40d3d\" data-element_type=\"widget\" data-e-type=\"widget\" data-widget_type=\"image.default\">\n\t\t\t\t\t\t\t\t\t\t\t\t<figure class=\"wp-caption\">\n\t\t\t\t\t\t\t\t\t\t<img loading=\"lazy\" decoding=\"async\" width=\"400\" height=\"300\" src=\"https:\/\/zeichensetzen-online.de\/wp-content\/uploads\/2002\/09\/kofo_a3.jpg\" class=\"attachment-large size-large wp-image-3182\" alt=\"Podiumsdiskussion zur Bundestagswahl\" srcset=\"https:\/\/zeichensetzen-online.de\/wp-content\/uploads\/2002\/09\/kofo_a3.jpg 400w, https:\/\/zeichensetzen-online.de\/wp-content\/uploads\/2002\/09\/kofo_a3-300x225.jpg 300w\" sizes=\"(max-width: 400px) 100vw, 400px\" \/>\t\t\t\t\t\t\t\t\t\t\t<figcaption class=\"widget-image-caption wp-caption-text\">von links nach rechts: Felix Blomendahl, Thomas Notthoff, Sabine Schl\u00fcss, Moderator Wolfgang Klein\u00f6der<\/figcaption>\n\t\t\t\t\t\t\t\t\t\t<\/figure>\n\t\t\t\t\t\t\t\t\t<\/div>\n\t\t\t\t\t<\/div>\n\t\t<\/div>\n\t\t\t\t<div class=\"penci-ercol-50 penci-ercol-order-2 penci-sticky-ct    elementor-column elementor-col-50 elementor-top-column elementor-element elementor-element-4e3eb7f\" data-id=\"4e3eb7f\" data-element_type=\"column\" data-e-type=\"column\">\n\t\t\t<div class=\"elementor-widget-wrap elementor-element-populated\">\n\t\t\t\t\t\t<div class=\"elementor-element elementor-element-6481c99 elementor-widget elementor-widget-image\" data-id=\"6481c99\" data-element_type=\"widget\" data-e-type=\"widget\" data-widget_type=\"image.default\">\n\t\t\t\t\t\t\t\t\t\t\t\t<figure class=\"wp-caption\">\n\t\t\t\t\t\t\t\t\t\t<img loading=\"lazy\" decoding=\"async\" width=\"400\" height=\"300\" src=\"https:\/\/zeichensetzen-online.de\/wp-content\/uploads\/2002\/09\/DSCN1691.jpg\" class=\"attachment-large size-large wp-image-3174\" alt=\"Podiumsdiskussion zur Bundestagswahl\" srcset=\"https:\/\/zeichensetzen-online.de\/wp-content\/uploads\/2002\/09\/DSCN1691.jpg 400w, https:\/\/zeichensetzen-online.de\/wp-content\/uploads\/2002\/09\/DSCN1691-300x225.jpg 300w\" sizes=\"(max-width: 400px) 100vw, 400px\" \/>\t\t\t\t\t\t\t\t\t\t\t<figcaption class=\"widget-image-caption wp-caption-text\">1. Geb\u00e4rdensprachpoesie von Rafael Grombelka<\/figcaption>\n\t\t\t\t\t\t\t\t\t\t<\/figure>\n\t\t\t\t\t\t\t\t\t<\/div>\n\t\t\t\t\t<\/div>\n\t\t<\/div>\n\t\t\t\t\t<\/div>\n\t\t<\/section>\n\t\t\t\t<section class=\"penci-section penci-disSticky penci-structure-10 elementor-section elementor-top-section elementor-element elementor-element-4cdfd9c elementor-section-boxed elementor-section-height-default elementor-section-height-default\" data-id=\"4cdfd9c\" data-element_type=\"section\" data-e-type=\"section\">\n\t\t\t\t\t\t<div class=\"elementor-container elementor-column-gap-default\">\n\t\t\t\t\t<div class=\"penci-ercol-100 penci-ercol-order-1 penci-sticky-ct    elementor-column elementor-col-100 elementor-top-column elementor-element elementor-element-7a527ee\" data-id=\"7a527ee\" data-element_type=\"column\" data-e-type=\"column\">\n\t\t\t<div class=\"elementor-widget-wrap elementor-element-populated\">\n\t\t\t\t\t\t<div class=\"elementor-element elementor-element-5022cfb elementor-widget elementor-widget-text-editor\" data-id=\"5022cfb\" data-element_type=\"widget\" data-e-type=\"widget\" data-widget_type=\"text-editor.default\">\n\t\t\t\t\t\t\t\t\t<p>Konkrete Vorschl\u00e4ge zur Verbesserung der Ausbildungssituation konnte kein Politiker machen. Zur Entschuldigung meinte Thomas Kufen (CDU): Jeden Tag bekommt er viele Papiere von Interessensgruppen, aber kaum von H\u00f6rgesch\u00e4digten. Diese Gruppe ist zu \u201eleise\u201c.<br \/>Dirk Overhoff (PDS) forderte: W\u00e4hrend Ausbildung und Studium m\u00fcssen H\u00f6rhilfen und Dolmetscher kostenfrei sein, der Staat muss Ausbildung besser f\u00f6rdern, das Antidiskriminierungsgesetz muss durch.<br \/>Christian M\u00fcller (FDP) wollte das Sozialsystem umgestalten (wer mehr verdient, soll mehr zahlen).<br \/>Vera Etterich (Gr\u00fcne) bat um Nachsicht: Das Gleichstellungsgesetz ist noch neu, es muss erst mal bei allen ankommen.<br \/>Britta Altenkamp (SPD) meinte: Es gibt in NRW schon relativ viele F\u00f6rderm\u00f6glichkeiten.<br \/>Fachwissen konnten die Politiker zu diesem Thema kaum vortragen, obwohl sie rechtzeitig mit Thesenpapieren versorgt waren. Niemand erwartet von Politikern, dass sie sich auf allen Gebieten gut auskennen. Aber sie h\u00e4tten sich etwas besser informieren k\u00f6nnen.<br \/>Eine willkommene Abwechslung bot der<b> erste Kulturbeitrag<\/b>: die Geb\u00e4rdensprachpoesie von Rafael Grombelka, einem Sch\u00fcler des Berufskollegs.<\/p>\t\t\t\t\t\t\t\t<\/div>\n\t\t\t\t\t<\/div>\n\t\t<\/div>\n\t\t\t\t\t<\/div>\n\t\t<\/section>\n\t\t\t\t<section class=\"penci-section penci-disSticky penci-structure-20 elementor-section elementor-top-section elementor-element elementor-element-c47a40c elementor-section-boxed elementor-section-height-default elementor-section-height-default\" data-id=\"c47a40c\" data-element_type=\"section\" data-e-type=\"section\">\n\t\t\t\t\t\t<div class=\"elementor-container elementor-column-gap-default\">\n\t\t\t\t\t<div class=\"penci-ercol-50 penci-ercol-order-1 penci-sticky-ct    elementor-column elementor-col-50 elementor-top-column elementor-element elementor-element-0e5737f\" data-id=\"0e5737f\" data-element_type=\"column\" data-e-type=\"column\">\n\t\t\t<div class=\"elementor-widget-wrap elementor-element-populated\">\n\t\t\t\t\t\t<div class=\"elementor-element elementor-element-022c995 elementor-widget elementor-widget-image\" data-id=\"022c995\" data-element_type=\"widget\" data-e-type=\"widget\" data-widget_type=\"image.default\">\n\t\t\t\t\t\t\t\t\t\t\t\t<figure class=\"wp-caption\">\n\t\t\t\t\t\t\t\t\t\t<img loading=\"lazy\" decoding=\"async\" width=\"400\" height=\"300\" src=\"https:\/\/zeichensetzen-online.de\/wp-content\/uploads\/2002\/09\/DSCN1693.jpg\" class=\"attachment-large size-large wp-image-3175\" alt=\"Podiumsdiskussion zur Bundestagswahl\" srcset=\"https:\/\/zeichensetzen-online.de\/wp-content\/uploads\/2002\/09\/DSCN1693.jpg 400w, https:\/\/zeichensetzen-online.de\/wp-content\/uploads\/2002\/09\/DSCN1693-300x225.jpg 300w\" sizes=\"(max-width: 400px) 100vw, 400px\" \/>\t\t\t\t\t\t\t\t\t\t\t<figcaption class=\"widget-image-caption wp-caption-text\">von links nach rechts: Gert Hommel, Stephan Hambach, Marcus Tonat, Moderator Wolfgang Klein\u00f6der<\/figcaption>\n\t\t\t\t\t\t\t\t\t\t<\/figure>\n\t\t\t\t\t\t\t\t\t<\/div>\n\t\t\t\t\t<\/div>\n\t\t<\/div>\n\t\t\t\t<div class=\"penci-ercol-50 penci-ercol-order-2 penci-sticky-ct    elementor-column elementor-col-50 elementor-top-column elementor-element elementor-element-dc63952\" data-id=\"dc63952\" data-element_type=\"column\" data-e-type=\"column\">\n\t\t\t<div class=\"elementor-widget-wrap elementor-element-populated\">\n\t\t\t\t\t\t<div class=\"elementor-element elementor-element-c95f4b5 elementor-widget elementor-widget-image\" data-id=\"c95f4b5\" data-element_type=\"widget\" data-e-type=\"widget\" data-widget_type=\"image.default\">\n\t\t\t\t\t\t\t\t\t\t\t\t<figure class=\"wp-caption\">\n\t\t\t\t\t\t\t\t\t\t<img loading=\"lazy\" decoding=\"async\" width=\"400\" height=\"300\" src=\"https:\/\/zeichensetzen-online.de\/wp-content\/uploads\/2002\/09\/DSCN1705.jpg\" class=\"attachment-large size-large wp-image-3177\" alt=\"Podiumsdiskussion zur Bundestagswahl\" srcset=\"https:\/\/zeichensetzen-online.de\/wp-content\/uploads\/2002\/09\/DSCN1705.jpg 400w, https:\/\/zeichensetzen-online.de\/wp-content\/uploads\/2002\/09\/DSCN1705-300x225.jpg 300w\" sizes=\"(max-width: 400px) 100vw, 400px\" \/>\t\t\t\t\t\t\t\t\t\t\t<figcaption class=\"widget-image-caption wp-caption-text\">Die Br\u00fcder Lars und Rafael Grombelka haben eine tolle Geb\u00e4rdensprachpoesie gezeigt.<\/figcaption>\n\t\t\t\t\t\t\t\t\t\t<\/figure>\n\t\t\t\t\t\t\t\t\t<\/div>\n\t\t\t\t\t<\/div>\n\t\t<\/div>\n\t\t\t\t\t<\/div>\n\t\t<\/section>\n\t\t\t\t<section class=\"penci-section penci-disSticky penci-structure-10 elementor-section elementor-top-section elementor-element elementor-element-9b8c5b4 elementor-section-boxed elementor-section-height-default elementor-section-height-default\" data-id=\"9b8c5b4\" data-element_type=\"section\" data-e-type=\"section\">\n\t\t\t\t\t\t<div class=\"elementor-container elementor-column-gap-default\">\n\t\t\t\t\t<div class=\"penci-ercol-100 penci-ercol-order-1 penci-sticky-ct    elementor-column elementor-col-100 elementor-top-column elementor-element elementor-element-3a2d69a\" data-id=\"3a2d69a\" data-element_type=\"column\" data-e-type=\"column\">\n\t\t\t<div class=\"elementor-widget-wrap elementor-element-populated\">\n\t\t\t\t\t\t<div class=\"elementor-element elementor-element-0599e1d elementor-widget elementor-widget-text-editor\" data-id=\"0599e1d\" data-element_type=\"widget\" data-e-type=\"widget\" data-widget_type=\"text-editor.default\">\n\t\t\t\t\t\t\t\t\t<p>In der zweiten Diskussionsrunde sa\u00dfen Stephan Hambach, Marcus Tonat (beide Sch\u00fcler der gymnasialen Oberstufe, gl) und Gert Hommel (Lehrer am Berufskolleg, gl) auf dem Podium.<\/p>\t\t\t\t\t\t\t\t<\/div>\n\t\t\t\t\t<\/div>\n\t\t<\/div>\n\t\t\t\t\t<\/div>\n\t\t<\/section>\n\t\t\t\t<section class=\"penci-section penci-disSticky penci-structure-20 elementor-section elementor-top-section elementor-element elementor-element-31061aa elementor-section-boxed elementor-section-height-default elementor-section-height-default\" data-id=\"31061aa\" data-element_type=\"section\" data-e-type=\"section\">\n\t\t\t\t\t\t<div class=\"elementor-container elementor-column-gap-default\">\n\t\t\t\t\t<div class=\"penci-ercol-50 penci-ercol-order-1 penci-sticky-ct    elementor-column elementor-col-50 elementor-top-column elementor-element elementor-element-b9981da\" data-id=\"b9981da\" data-element_type=\"column\" data-e-type=\"column\">\n\t\t\t<div class=\"elementor-widget-wrap elementor-element-populated\">\n\t\t\t\t\t\t<div class=\"elementor-element elementor-element-62de39b elementor-widget elementor-widget-image\" data-id=\"62de39b\" data-element_type=\"widget\" data-e-type=\"widget\" data-widget_type=\"image.default\">\n\t\t\t\t\t\t\t\t\t\t\t\t<figure class=\"wp-caption\">\n\t\t\t\t\t\t\t\t\t\t<img loading=\"lazy\" decoding=\"async\" width=\"400\" height=\"300\" src=\"https:\/\/zeichensetzen-online.de\/wp-content\/uploads\/2002\/09\/DSCN1700.jpg\" class=\"attachment-large size-large wp-image-3176\" alt=\"Podiumsdiskussion zur Bundestagswahl\" srcset=\"https:\/\/zeichensetzen-online.de\/wp-content\/uploads\/2002\/09\/DSCN1700.jpg 400w, https:\/\/zeichensetzen-online.de\/wp-content\/uploads\/2002\/09\/DSCN1700-300x225.jpg 300w\" sizes=\"(max-width: 400px) 100vw, 400px\" \/>\t\t\t\t\t\t\t\t\t\t\t<figcaption class=\"widget-image-caption wp-caption-text\">2. Geb\u00e4rdensprachpoesie von Lars Grombelka<\/figcaption>\n\t\t\t\t\t\t\t\t\t\t<\/figure>\n\t\t\t\t\t\t\t\t\t<\/div>\n\t\t\t\t\t<\/div>\n\t\t<\/div>\n\t\t\t\t<div class=\"penci-ercol-50 penci-ercol-order-2 penci-sticky-ct    elementor-column elementor-col-50 elementor-top-column elementor-element elementor-element-b9d0328\" data-id=\"b9d0328\" data-element_type=\"column\" data-e-type=\"column\">\n\t\t\t<div class=\"elementor-widget-wrap elementor-element-populated\">\n\t\t\t\t\t\t<div class=\"elementor-element elementor-element-06dc24c elementor-widget elementor-widget-image\" data-id=\"06dc24c\" data-element_type=\"widget\" data-e-type=\"widget\" data-widget_type=\"image.default\">\n\t\t\t\t\t\t\t\t\t\t\t\t<figure class=\"wp-caption\">\n\t\t\t\t\t\t\t\t\t\t<img loading=\"lazy\" decoding=\"async\" width=\"400\" height=\"300\" src=\"https:\/\/zeichensetzen-online.de\/wp-content\/uploads\/2002\/09\/14Publikum_Applaus.jpg\" class=\"attachment-large size-large wp-image-3172\" alt=\"\" srcset=\"https:\/\/zeichensetzen-online.de\/wp-content\/uploads\/2002\/09\/14Publikum_Applaus.jpg 400w, https:\/\/zeichensetzen-online.de\/wp-content\/uploads\/2002\/09\/14Publikum_Applaus-300x225.jpg 300w\" sizes=\"(max-width: 400px) 100vw, 400px\" \/>\t\t\t\t\t\t\t\t\t\t\t<figcaption class=\"widget-image-caption wp-caption-text\">Langer Beifall f\u00fcr Lars<\/figcaption>\n\t\t\t\t\t\t\t\t\t\t<\/figure>\n\t\t\t\t\t\t\t\t\t<\/div>\n\t\t\t\t\t<\/div>\n\t\t<\/div>\n\t\t\t\t\t<\/div>\n\t\t<\/section>\n\t\t\t\t<section class=\"penci-section penci-disSticky penci-structure-10 elementor-section elementor-top-section elementor-element elementor-element-2c730fc elementor-section-boxed elementor-section-height-default elementor-section-height-default\" data-id=\"2c730fc\" data-element_type=\"section\" data-e-type=\"section\">\n\t\t\t\t\t\t<div class=\"elementor-container elementor-column-gap-default\">\n\t\t\t\t\t<div class=\"penci-ercol-100 penci-ercol-order-1 penci-sticky-ct    elementor-column elementor-col-100 elementor-top-column elementor-element elementor-element-dd0a54e\" data-id=\"dd0a54e\" data-element_type=\"column\" data-e-type=\"column\">\n\t\t\t<div class=\"elementor-widget-wrap elementor-element-populated\">\n\t\t\t\t\t\t<div class=\"elementor-element elementor-element-c9f99ca elementor-widget elementor-widget-text-editor\" data-id=\"c9f99ca\" data-element_type=\"widget\" data-e-type=\"widget\" data-widget_type=\"text-editor.default\">\n\t\t\t\t\t\t\t\t\t<p>Das Behindertengleichstellungsgesetz wurde erst im Mai verabschiedet und so war es auch den anwesenden Politikern bekannt.<br \/>Aber auch hier gab es wenig fachkundigen Antworten auf die konkreten Fragen der Arbeitsgruppe. Teilweise wurden Behauptungen aufgestellt, die schlicht und einfach falsch waren (z.B. dass das Anti-Diskriminierungsgesetz zur\u00fcckgezogen wurde, weil nachrangige Beh\u00f6rden mit der Umsetzung nicht klarkommen) oder sie zeigten das Nichtwissen \u00fcber die Situation H\u00f6rgesch\u00e4digter: Geh\u00f6rlose wurden aufgefordert, doch einfach mal in Parteiversammlungen zu kommen und ihren Dolmetscher mitzubringen.<br \/>Es gab aber auch richtige Hinweise. So wies Thomas Kufen darauf hin, dass die Zielvereinbarungen im Behindertengleichstellungsgesetz wichtig sind. Jeder Verein kann jetzt mit privaten Firmen oder kommunalen Einrichtungen Vereinbarungen treffen. Man darf also nicht nur auf Gesetzes\u00e4nderungen warten, sondern muss selbst aktiv werden.<br \/>Vera Etterich stellte richtig, dass das Antidiskriminierungsgesetz am Einspruch der Kirchen gescheitert ist.<br \/>Dirk Overhoff nennt das Gleichstellungsgesetz eine \u201enette Absichtserkl\u00e4rung\u201c. Ohne Antidiskrimierungsgesetz habe man keine einklagbaren Rechte.<br \/>Der <b>zweite Kulturbeitrag<\/b> war ebenfalls eine Geb\u00e4rdensprachpoesie, diesmal vorgetragen von dem 8-j\u00e4hrigen Lars Grombelka.<\/p><p>Sein Beitrag wurde von den Zuschauern mit langem Beifall bedacht.<\/p>\t\t\t\t\t\t\t\t<\/div>\n\t\t\t\t\t<\/div>\n\t\t<\/div>\n\t\t\t\t\t<\/div>\n\t\t<\/section>\n\t\t\t\t<section class=\"penci-section penci-disSticky penci-structure-20 elementor-section elementor-top-section elementor-element elementor-element-0efced6 elementor-section-boxed elementor-section-height-default elementor-section-height-default\" data-id=\"0efced6\" data-element_type=\"section\" data-e-type=\"section\">\n\t\t\t\t\t\t<div class=\"elementor-container elementor-column-gap-default\">\n\t\t\t\t\t<div class=\"penci-ercol-50 penci-ercol-order-1 penci-sticky-ct    elementor-column elementor-col-50 elementor-top-column elementor-element elementor-element-4a44bc1\" data-id=\"4a44bc1\" data-element_type=\"column\" data-e-type=\"column\">\n\t\t\t<div class=\"elementor-widget-wrap elementor-element-populated\">\n\t\t\t\t\t\t<div class=\"elementor-element elementor-element-41b5fe4 elementor-widget elementor-widget-text-editor\" data-id=\"41b5fe4\" data-element_type=\"widget\" data-e-type=\"widget\" data-widget_type=\"text-editor.default\">\n\t\t\t\t\t\t\t\t\t<p>Nach der Pause begann die <b>dritte Diskussionsrunde<\/b>.<br \/>Auf dem Podium nahmen Platz: Ilse Grinz (1. Vorsitzende des DSB-Ortsverein Essen, sh) und Renate Welter (DSB, Referat \u00d6ffentlichkeitsarbeit, ertaubt). Ilse Grinz stellte detaillierten Fragen zum freiwilligen sozialen Engagement (Ehrenamt) und zur Selbsthilfef\u00f6rderung, Renate Welter zur H\u00f6rger\u00e4teversorgung und zur Gesundheitsreform.<\/p>\t\t\t\t\t\t\t\t<\/div>\n\t\t\t\t\t<\/div>\n\t\t<\/div>\n\t\t\t\t<div class=\"penci-ercol-50 penci-ercol-order-2 penci-sticky-ct    elementor-column elementor-col-50 elementor-top-column elementor-element elementor-element-ca9941b\" data-id=\"ca9941b\" data-element_type=\"column\" data-e-type=\"column\">\n\t\t\t<div class=\"elementor-widget-wrap elementor-element-populated\">\n\t\t\t\t\t\t<div class=\"elementor-element elementor-element-58bb59a elementor-widget elementor-widget-image\" data-id=\"58bb59a\" data-element_type=\"widget\" data-e-type=\"widget\" data-widget_type=\"image.default\">\n\t\t\t\t\t\t\t\t\t\t\t\t<figure class=\"wp-caption\">\n\t\t\t\t\t\t\t\t\t\t<img loading=\"lazy\" decoding=\"async\" width=\"400\" height=\"300\" src=\"https:\/\/zeichensetzen-online.de\/wp-content\/uploads\/2002\/09\/kofo_a4.jpg\" class=\"attachment-large size-large wp-image-3183\" alt=\"Podiumsdiskussion zur Bundestagswahl\" srcset=\"https:\/\/zeichensetzen-online.de\/wp-content\/uploads\/2002\/09\/kofo_a4.jpg 400w, https:\/\/zeichensetzen-online.de\/wp-content\/uploads\/2002\/09\/kofo_a4-300x225.jpg 300w\" sizes=\"(max-width: 400px) 100vw, 400px\" \/>\t\t\t\t\t\t\t\t\t\t\t<figcaption class=\"widget-image-caption wp-caption-text\">von links nach rechts:  Ilse Grinz, Renate Welter, Moderator Wolfgang Klein\u00f6der<\/figcaption>\n\t\t\t\t\t\t\t\t\t\t<\/figure>\n\t\t\t\t\t\t\t\t\t<\/div>\n\t\t\t\t\t<\/div>\n\t\t<\/div>\n\t\t\t\t\t<\/div>\n\t\t<\/section>\n\t\t\t\t<section class=\"penci-section penci-disSticky penci-structure-10 elementor-section elementor-top-section elementor-element elementor-element-3f630c3 elementor-section-boxed elementor-section-height-default elementor-section-height-default\" data-id=\"3f630c3\" data-element_type=\"section\" data-e-type=\"section\">\n\t\t\t\t\t\t<div class=\"elementor-container elementor-column-gap-default\">\n\t\t\t\t\t<div class=\"penci-ercol-100 penci-ercol-order-1 penci-sticky-ct    elementor-column elementor-col-100 elementor-top-column elementor-element elementor-element-1bae8c1\" data-id=\"1bae8c1\" data-element_type=\"column\" data-e-type=\"column\">\n\t\t\t<div class=\"elementor-widget-wrap elementor-element-populated\">\n\t\t\t\t\t\t<div class=\"elementor-element elementor-element-b6cdec4 elementor-widget__width-initial elementor-widget elementor-widget-text-editor\" data-id=\"b6cdec4\" data-element_type=\"widget\" data-e-type=\"widget\" data-widget_type=\"text-editor.default\">\n\t\t\t\t\t\t\t\t\t<p>Alle Politiker wollen die ehrenamtliche Arbeit unterst\u00fctzen, aber die Vorstellungen \u00fcber das Ausma\u00df der staatlichen Unterst\u00fctzung\u00a0 sind unterschiedlich. Thomas Kufen nannte: \u00dcbernahme von Portokosten, Einrichtungskosten, Haftung, Kosten f\u00fcr Fortbildung.<br \/>Britta Altenkamp m\u00f6chte das Expertentum der Selbsthilfegruppen besser nutzen. Gegen zu viel Finanzierung spricht: Ein Ehrenamt solle \u201evon Herzen\u201c kommen.<br \/>Christian M\u00fcller meint, dass sich ein Ehrenamt gerade dadurch auszeichnet, dass es nicht staatlich reglementiert ist.<br \/>Zur H\u00f6rger\u00e4teversorgung und zur Zuzahlung bei H\u00f6rger\u00e4ten hatten die Politiker wenig konkrete Vorschl\u00e4ge.<br \/>Alle bedauerten, dass die Gesundheitspolitik so undurchsichtig ist.<br \/>Britta Altenkamp: An der Gesundheitspolitik scheitern viele. Es gibt hier sehr starke Lobby-Interessen, die Schw\u00e4chsten sind die Patienten. Aber durch das neue Mittel der Verbandsklage gibt es vielleicht neue Wege.<br \/>Christian M\u00fcller meint, dass alle Parteien hier nur den Mangel verwalten k\u00f6nnen. Die H\u00f6rgesch\u00e4digten sind leider im Verteilungskampf des Gesundheitswesens zu kurz gekommen.<br \/>Dirk Overhoff sieht, dass Nachkorrekturen dringend notwendig sind.<br \/>Vera Etterich nennt als L\u00f6sung des Finanzierungsproblems eine \u201eB\u00fcrgerversicherung\u201c, in die wirklich alle B\u00fcrger einzahlen. Sonst kann man die explodierenden Kosten nicht in den Griff bekommen.<\/p><p>Nach dieser dritten Diskussionsrunde wurde das Podium ge\u00f6ffnet f\u00fcr<b> Fragen aus dem Publikum<\/b>.<br \/>Ein geh\u00f6rloser Student der Geh\u00f6rlosenp\u00e4dagogik kritisierte die geplanten Studiengeb\u00fchren in NRW. Wenn man das Studium nicht in einer Regelstudienzeit beendet hat, muss man \u201eStrafgeb\u00fchren\u201c zahlen. Davon sind besonders Geh\u00f6rlose und Schwerh\u00f6rige betroffen, denn sie schaffen selten den Studienabschluss innerhalb dieser Zeit. Die Organisation von Dolmetschern oder Mitschreibekr\u00e4ften kostet Zeit.<br \/>Er kritisierte auch, dass Studenten Zuzahlungen f\u00fcr H\u00f6rger\u00e4te leisten m\u00fcssen.<\/p><p>Der n\u00e4chste Fragesteller forderte, das Geh\u00f6rlosengeld auch an Schwerh\u00f6rige zu zahlen, denn sie haben auch zus\u00e4tzliche Ausgaben: z.B. Batterien oder Zuzahlungen f\u00fcr H\u00f6rger\u00e4te.<\/p><p>Eine junge geh\u00f6rlose Frau kritisierte, dass sie immer hohe Beitr\u00e4ge f\u00fcr Sozialversicherungen zahlt, aber das Gef\u00fchl hat, nichts zur\u00fcckzubekommen.<\/p>\t\t\t\t\t\t\t\t<\/div>\n\t\t\t\t\t<\/div>\n\t\t<\/div>\n\t\t\t\t\t<\/div>\n\t\t<\/section>\n\t\t\t\t<section class=\"penci-section penci-disSticky penci-structure-30 elementor-section elementor-top-section elementor-element elementor-element-533bbee elementor-section-boxed elementor-section-height-default elementor-section-height-default\" data-id=\"533bbee\" data-element_type=\"section\" data-e-type=\"section\">\n\t\t\t\t\t\t<div class=\"elementor-container elementor-column-gap-default\">\n\t\t\t\t\t<div class=\"penci-ercol-33 penci-ercol-order-1 penci-sticky-sb penci-sidebarSC   elementor-column elementor-col-33 elementor-top-column elementor-element elementor-element-d4aa291\" data-id=\"d4aa291\" data-element_type=\"column\" data-e-type=\"column\">\n\t\t\t<div class=\"elementor-widget-wrap elementor-element-populated\">\n\t\t\t\t\t\t<div class=\"elementor-element elementor-element-69a77b7 elementor-widget elementor-widget-image\" data-id=\"69a77b7\" data-element_type=\"widget\" data-e-type=\"widget\" data-widget_type=\"image.default\">\n\t\t\t\t\t\t\t\t\t\t\t\t\t\t\t<img loading=\"lazy\" decoding=\"async\" width=\"400\" height=\"300\" src=\"https:\/\/zeichensetzen-online.de\/wp-content\/uploads\/2002\/09\/DSCN1714.jpg\" class=\"attachment-large size-large wp-image-3178\" alt=\"Podiumsdiskussion zur Bundestagswahl\" srcset=\"https:\/\/zeichensetzen-online.de\/wp-content\/uploads\/2002\/09\/DSCN1714.jpg 400w, https:\/\/zeichensetzen-online.de\/wp-content\/uploads\/2002\/09\/DSCN1714-300x225.jpg 300w\" sizes=\"(max-width: 400px) 100vw, 400px\" \/>\t\t\t\t\t\t\t\t\t\t\t\t\t\t\t<\/div>\n\t\t\t\t\t<\/div>\n\t\t<\/div>\n\t\t\t\t<div class=\"penci-ercol-33 penci-ercol-order-2 penci-sticky-sb penci-sidebarSC   elementor-column elementor-col-33 elementor-top-column elementor-element elementor-element-65e0cbe\" data-id=\"65e0cbe\" data-element_type=\"column\" data-e-type=\"column\">\n\t\t\t<div class=\"elementor-widget-wrap elementor-element-populated\">\n\t\t\t\t\t\t<div class=\"elementor-element elementor-element-e804174 elementor-widget elementor-widget-image\" data-id=\"e804174\" data-element_type=\"widget\" data-e-type=\"widget\" data-widget_type=\"image.default\">\n\t\t\t\t\t\t\t\t\t\t\t\t\t\t\t<img loading=\"lazy\" decoding=\"async\" width=\"400\" height=\"300\" src=\"https:\/\/zeichensetzen-online.de\/wp-content\/uploads\/2002\/09\/DSCN1715.jpg\" class=\"attachment-large size-large wp-image-3179\" alt=\"Podiumsdiskussion zur Bundestagswahl\" srcset=\"https:\/\/zeichensetzen-online.de\/wp-content\/uploads\/2002\/09\/DSCN1715.jpg 400w, https:\/\/zeichensetzen-online.de\/wp-content\/uploads\/2002\/09\/DSCN1715-300x225.jpg 300w\" sizes=\"(max-width: 400px) 100vw, 400px\" \/>\t\t\t\t\t\t\t\t\t\t\t\t\t\t\t<\/div>\n\t\t\t\t\t<\/div>\n\t\t<\/div>\n\t\t\t\t<div class=\"penci-ercol-33 penci-ercol-order-3 penci-sticky-sb penci-sidebarSC   elementor-column elementor-col-33 elementor-top-column elementor-element elementor-element-d195449\" data-id=\"d195449\" data-element_type=\"column\" data-e-type=\"column\">\n\t\t\t<div class=\"elementor-widget-wrap elementor-element-populated\">\n\t\t\t\t\t\t<div class=\"elementor-element elementor-element-e535924 elementor-widget elementor-widget-image\" data-id=\"e535924\" data-element_type=\"widget\" data-e-type=\"widget\" data-widget_type=\"image.default\">\n\t\t\t\t\t\t\t\t\t\t\t\t\t\t\t<img loading=\"lazy\" decoding=\"async\" width=\"400\" height=\"300\" src=\"https:\/\/zeichensetzen-online.de\/wp-content\/uploads\/2002\/09\/DSCN1716.jpg\" class=\"attachment-large size-large wp-image-3180\" alt=\"Podiumsdiskussion zur Bundestagswahl\" srcset=\"https:\/\/zeichensetzen-online.de\/wp-content\/uploads\/2002\/09\/DSCN1716.jpg 400w, https:\/\/zeichensetzen-online.de\/wp-content\/uploads\/2002\/09\/DSCN1716-300x225.jpg 300w\" sizes=\"(max-width: 400px) 100vw, 400px\" \/>\t\t\t\t\t\t\t\t\t\t\t\t\t\t\t<\/div>\n\t\t\t\t\t<\/div>\n\t\t<\/div>\n\t\t\t\t\t<\/div>\n\t\t<\/section>\n\t\t\t\t<section class=\"penci-section penci-disSticky penci-structure-10 elementor-section elementor-top-section elementor-element elementor-element-ae88d2b elementor-section-boxed elementor-section-height-default elementor-section-height-default\" data-id=\"ae88d2b\" data-element_type=\"section\" data-e-type=\"section\">\n\t\t\t\t\t\t<div class=\"elementor-container elementor-column-gap-default\">\n\t\t\t\t\t<div class=\"penci-ercol-100 penci-ercol-order-1 penci-sticky-ct    elementor-column elementor-col-100 elementor-top-column elementor-element elementor-element-fcf695f\" data-id=\"fcf695f\" data-element_type=\"column\" data-e-type=\"column\">\n\t\t\t<div class=\"elementor-widget-wrap elementor-element-populated\">\n\t\t\t\t\t\t<div class=\"elementor-element elementor-element-80b6228 elementor-widget elementor-widget-text-editor\" data-id=\"80b6228\" data-element_type=\"widget\" data-e-type=\"widget\" data-widget_type=\"text-editor.default\">\n\t\t\t\t\t\t\t\t\t<p>FDP, PDS und CDU lehnten Studiengeb\u00fchren ab. Geh\u00f6rlosengeld war den meisten Politikern unbekannt. Britta Altenkamp meinte, dass geh\u00f6rlose Studierende vielleicht zu den \u201eAusnahmetatbest\u00e4nden\u201c geh\u00f6ren. Vera Etterich hat \u00fcber Studiengeb\u00fchren ein zwiesp\u00e4ltige Meinung. Die Gr\u00fcnen sind in NRW mit in der Regierung und m\u00fcssen den Haushalt hinbekommen.<\/p><p>Um 10 Uhr musste der Moderator leider die Zuschauerrunde abbrechen.<br \/>Das war sehr schade, denn sicherlich gab es noch viele unbeantwortete Fragen. Erfahrungsgem\u00e4\u00df wird durch Zuschauerfragen eine Diskussion erst lebendig.<br \/>Wolfgang Klein\u00f6der bedankte sich bei den Politikern f\u00fcr ihr Bem\u00fchen zu diesem speziellen Thema. Diplomatisch formulierte er so seine Kritik an dem schlechten Informationsstand.<br \/>Er gab den Politikern aber eine Hausaufgabe mit auf den Weg: Sie erhalten die Fragen der Arbeitsgruppen und k\u00f6nnen sie in ihren Gremien mit Fachleuten besprechen und beantworten. Das Kofo Essen wird diese Antworten ver\u00f6ffentlichen.<br \/>Er k\u00fcndigte auch eine \u201eQualit\u00e4tskontrolle\u201c an: In 2 Jahren wird das Kofo Essen die Politiker noch einmal einladen und pr\u00fcfen, ob sie mittlerweile \u00fcber einen besseren Sachverstand verf\u00fcgen.<\/p><h3>Unser Resumee<\/h3><p>Ganz deutlich war das Missverh\u00e4ltnis zwischen der guten und aufw\u00e4ndigen Vorbereitung f\u00fcr dieses Kofo und dem schlechten Wissensstand der Politiker. Vielleicht liegt es daran, dass Behindertenpolitik in diesem Wahlkampf keine Rolle spielt. Vielleicht werden aber auch die Behinderten nicht als W\u00e4hlerpotential von allen Politikern ernst genommen.<br \/>Die Betroffenen m\u00fcssen als Selbstkritik mitnehmen: Man muss den Politikern st\u00e4ndig \u201eauf die F\u00fc\u00dfe treten\u201c. Sich oft bemerkbar machen \u2013 nicht nur zu Wahlkampfzeiten.<br \/>Positiv ist festzuhalten: Die Politiker hatten auf diesem Kofo die (vielleicht erste) Gelegenheit, eine \u201ebarrierefreie\u201c Kommunikation zu erleben. Wir hoffen, dass sie aus dieser Veranstaltung einige Anregungen mitnehmen f\u00fcr ihre politische Arbeit.<\/p><p>Text: Helga Ulbricht<br \/>Fotos: Frank Br\u00fcggemann<\/p>\t\t\t\t\t\t\t\t<\/div>\n\t\t\t\t\t<\/div>\n\t\t<\/div>\n\t\t\t\t\t<\/div>\n\t\t<\/section>\n\t\t\t\t<\/div>\n\t\t","protected":false},"excerpt":{"rendered":"<p>Kofo Essen, 11.09.2002 Podiumsdiskussion zur Bundestagswahl Die Vorbereitung Podiumsdiskussionen vor Bundestagswahlen sind Tradition f\u00fcr das Essener Kofo. Auch 1990 und 1998 wurden Politiker geladen, die mehr oder (meistens) weniger erfolgreich&hellip;<\/p>\n","protected":false},"author":1,"featured_media":0,"comment_status":"closed","ping_status":"open","sticky":false,"template":"","format":"standard","meta":{"content-type":"","_lmt_disableupdate":"","_lmt_disable":"","_themeisle_gutenberg_block_has_review":false,"footnotes":""},"categories":[4,167],"tags":[],"class_list":["post-278","post","type-post","status-publish","format-standard","hentry","category-jahrgang-2002","category-september-jahrgang-2002"],"aioseo_notices":[],"_links":{"self":[{"href":"https:\/\/zeichensetzen-online.de\/index.php\/wp-json\/wp\/v2\/posts\/278","targetHints":{"allow":["GET"]}}],"collection":[{"href":"https:\/\/zeichensetzen-online.de\/index.php\/wp-json\/wp\/v2\/posts"}],"about":[{"href":"https:\/\/zeichensetzen-online.de\/index.php\/wp-json\/wp\/v2\/types\/post"}],"author":[{"embeddable":true,"href":"https:\/\/zeichensetzen-online.de\/index.php\/wp-json\/wp\/v2\/users\/1"}],"replies":[{"embeddable":true,"href":"https:\/\/zeichensetzen-online.de\/index.php\/wp-json\/wp\/v2\/comments?post=278"}],"version-history":[{"count":21,"href":"https:\/\/zeichensetzen-online.de\/index.php\/wp-json\/wp\/v2\/posts\/278\/revisions"}],"predecessor-version":[{"id":3989,"href":"https:\/\/zeichensetzen-online.de\/index.php\/wp-json\/wp\/v2\/posts\/278\/revisions\/3989"}],"wp:attachment":[{"href":"https:\/\/zeichensetzen-online.de\/index.php\/wp-json\/wp\/v2\/media?parent=278"}],"wp:term":[{"taxonomy":"category","embeddable":true,"href":"https:\/\/zeichensetzen-online.de\/index.php\/wp-json\/wp\/v2\/categories?post=278"},{"taxonomy":"post_tag","embeddable":true,"href":"https:\/\/zeichensetzen-online.de\/index.php\/wp-json\/wp\/v2\/tags?post=278"}],"curies":[{"name":"wp","href":"https:\/\/api.w.org\/{rel}","templated":true}]}}