{"id":267,"date":"2002-06-12T19:40:47","date_gmt":"2002-06-12T17:40:47","guid":{"rendered":"https:\/\/zeichensetzen-online.de\/?p=267"},"modified":"2023-04-30T22:30:18","modified_gmt":"2023-04-30T20:30:18","slug":"bessere-chancen-im-job-auch-fuer-hoergeschaedigte","status":"publish","type":"post","link":"https:\/\/zeichensetzen-online.de\/index.php\/2002\/06\/12\/bessere-chancen-im-job-auch-fuer-hoergeschaedigte\/","title":{"rendered":"Bessere Chancen im Job \u2013 auch f\u00fcr H\u00f6rgesch\u00e4digte"},"content":{"rendered":"\t\t<div data-elementor-type=\"wp-post\" data-elementor-id=\"267\" class=\"elementor elementor-267\">\n\t\t\t\t\t\t<section class=\"penci-section penci-disSticky penci-structure-10 elementor-section elementor-top-section elementor-element elementor-element-e87013c elementor-section-boxed elementor-section-height-default elementor-section-height-default\" data-id=\"e87013c\" data-element_type=\"section\" data-e-type=\"section\">\n\t\t\t\t\t\t<div class=\"elementor-container elementor-column-gap-default\">\n\t\t\t\t\t<div class=\"penci-ercol-100 penci-ercol-order-1 penci-sticky-ct    elementor-column elementor-col-100 elementor-top-column elementor-element elementor-element-fc4eae1\" data-id=\"fc4eae1\" data-element_type=\"column\" data-e-type=\"column\">\n\t\t\t<div class=\"elementor-widget-wrap elementor-element-populated\">\n\t\t\t\t\t\t<div class=\"elementor-element elementor-element-6e6cf8e elementor-widget elementor-widget-penci-fancy_heading\" data-id=\"6e6cf8e\" data-element_type=\"widget\" data-e-type=\"widget\" data-widget_type=\"penci-fancy_heading.default\">\n\t\t\t\t<div class=\"elementor-widget-container\">\n\t\t\t\t\t\t\t<div class=\"penci-fancy-heading penci-heading-text-left pc-fctline\">\n\t\t\t<div class=\"penci-fancy-heading-inner\">\n\t\t\t\t<div class=\"penci-heading-subtitle\">Kofo Essen, 12.06.2002<\/div><h2 class=\"penci-heading-title\"><span class=\"inner-tit\">Bessere Chancen im Job \u2013 auch f\u00fcr H\u00f6rgesch\u00e4digte<\/span><\/h2><div class=\"penci-separator penci-separator- penci-separator-left\"><span class=\"penci-sep_holder penci-sep_holder_l\"><span class=\"penci-sep_line\"><\/span><\/span><span class=\"penci-sep_holder penci-sep_holder_r\"><span class=\"penci-sep_line\"><\/span><\/span><\/div><div class=\"penci-heading-content entry-content\"><p>Referent: Hans Peters<br \/>\n(Rhein.-Westf. Berufskolleg f\u00fcr H\u00f6rgesch\u00e4digte, Essen)<\/p>\n<\/div>\t\t\t<\/div>\n\t\t<\/div>\n\t\t\t\t\t\t<\/div>\n\t\t\t\t<\/div>\n\t\t\t\t\t<\/div>\n\t\t<\/div>\n\t\t\t\t\t<\/div>\n\t\t<\/section>\n\t\t\t\t<section class=\"penci-section penci-disSticky penci-structure-10 elementor-section elementor-top-section elementor-element elementor-element-c5a6683 elementor-section-boxed elementor-section-height-default elementor-section-height-default\" data-id=\"c5a6683\" data-element_type=\"section\" data-e-type=\"section\">\n\t\t\t\t\t\t<div class=\"elementor-container elementor-column-gap-default\">\n\t\t\t\t\t<div class=\"penci-ercol-100 penci-ercol-order-1 penci-sticky-ct    elementor-column elementor-col-100 elementor-top-column elementor-element elementor-element-f7bc132\" data-id=\"f7bc132\" data-element_type=\"column\" data-e-type=\"column\">\n\t\t\t<div class=\"elementor-widget-wrap elementor-element-populated\">\n\t\t\t\t\t\t<div class=\"elementor-element elementor-element-b4d4016 elementor-widget elementor-widget-text-editor\" data-id=\"b4d4016\" data-element_type=\"widget\" data-e-type=\"widget\" data-widget_type=\"text-editor.default\">\n\t\t\t\t\t\t\t\t\t<p>Heute ist es selbstverst\u00e4ndlich, dass H\u00f6rgesch\u00e4digte einen guten Berufsabschluss schaffen \u2013 ebenso wie H\u00f6rende.<\/p><p>Wenn man einen guten Arbeitsplatz behalten oder im Beruf aufsteigen m\u00f6chte, muss man weiter lernen. Es ist sogar m\u00f6glich, dass man im Laufe seines Arbeitslebens den Beruf mehrmals wechseln muss.<\/p><p>Deshalb hat das Kofo-Team in Essen Herrn Peters (Studiendirektor am Rheinisch-Westf\u00e4lischen Berufskolleg Essen und dort zust\u00e4ndig f\u00fcr den Bereich der Fort- u. Weiterbildung) gebeten, auf einer Veranstaltung \u00fcber die Fort- und Weiterbildungsangebote des Berufskollegs zu informieren. Die anschlie\u00dfende Diskussion \u2013 besonders zum Angebot der virtuellen Fachschule &#8211; brachte noch weitere interessante Erg\u00e4nzungen:<\/p><h5>1. Einj\u00e4hrige Fortbildungen<\/h5><p>Diese Kurse sind f\u00fcr alle H\u00f6rgesch\u00e4digten nach ihrer Ausbildung m\u00f6glich. Auch Arbeitslose k\u00f6nnen teilnehmen. Die Kosten (Fahrtkosten, Kursgeb\u00fchren) \u00fcbernimmt das Arbeitsamt oder das Integrationsamt.<\/p><p>Der Unterricht findet an 20 Samstagen statt. Kursangebote gibt es z.B. f\u00fcr Berufe in den Bereichen Drucktechnik, Holztechnik, Metall \/ Elektro und Textil.<\/p><h5>2. Ein neues Fortbildungsangebot \u2013 der staatliche EDV-F\u00fchrerschein<\/h5><p>In 7 Modulen (eigenst\u00e4ndige Kursteile) kann man den staatlichen EDV-F\u00fchrerschein erwerben.<\/p><p>Die Module sind: Grundlagen der Informationstechnik und Betriebssystemfunktionen, Textverarbeitung, Tabellenkalkulation, Datenbanken, Pr\u00e4sentation, Informations- und Kommunikationsnetze.<\/p><p>Der Unterricht in \u201eModulen\u201c hat Vorteile: Wer schon genug Kenntnisse in Teilbereichen erworben hat, muss sie nicht wiederholen. Man kann sofort dort einsteigen, wo man weiterlernen m\u00f6chte. Zu jedem Modul erh\u00e4lt man Selbstlerntexte, die man zu Hause am PC erarbeiten muss.<\/p><p>Zur Zeit entwickeln die Lehrer am RWB f\u00fcr die einzelnen Module Pr\u00fcfungsaufgaben, die auch von anderen Schulen \u00fcbernommen werden. Zum Abschluss erh\u00e4lt man ein staatliches Zertifikat.<\/p><h5>3. Fachoberschule 12 B<\/h5><p>Wer eine abgeschlossene Berufsausbildung und die Fachoberschulreife hat, kann nach einem Vollzeit-Schuljahr die Fachhochschulreife (Fachabitur) erwerben.<\/p><p>Es werden drei Fachrichtungen angeboten:<\/p><ul><li>Wirtschaft und Verwaltung<\/li><li>Technik (Physik, Chemie, Biologie)<\/li><li>Sozial- und Gesundheitswesen.<\/li><\/ul><p>Der erlernte Beruf bestimmt die Wahl der Fachrichtung.<\/p><p>Wenn man in der FOS eine zweite Fremdsprache \u2013Franz\u00f6sisch &#8211; w\u00e4hlt, kann man nach weiteren 2 Schuljahren die allgemeine Hochschulreife (Abitur) erwerben.<\/p><h5>4. die virtuelle Fachschule (Modellversuch)<\/h5><p>Arbeitnehmer, die 5 Jahre (mit Ausbildung) im Beruf gearbeitet haben und einen guten Schulabschluss hatten (Fachoberschulreife erw\u00fcnscht) k\u00f6nnen sich nebenberuflich weiterqualifizieren zum Staatlich gepr\u00fcften Techniker oder zum Staatlich gepr\u00fcften Betriebswirt.<\/p><p>Gleichzeitig erwirbt man die Fachhochschulreife.<\/p><p>Wenn man ein unbefristetes Arbeitsverh\u00e4ltnis hat, \u00fcbernehmen die Integrations\u00e4mter die Kosten (Internetgeb\u00fchren, Reisekosten etc).<\/p><p>Die Weiterbildung dauert 4,5 Jahre, mit einem freiwilligen Vorkurs 5 Jahre.<\/p><p>Lernen muss man \u00fcberwiegend zu Hause, denn die h\u00f6rgesch\u00e4digten Teilnehmer wohnen im ganzen Bundesgebiet.<\/p><p>Gert Hommel, geh\u00f6rloser Oberstudienrat und Lehrer am RWB, unterrichtet seit 2 Jahren in der virtuellen Fachschule. Er erkl\u00e4rt den Unterricht:<\/p><p>\u201eDas Konzept der virtuellen Schule sieht eine Aufteilung in drei Bereiche vor. Ein Drittel der Ausbildung findet als Pr\u00e4senzunterricht an Samstagen in Essen statt. Ein weiteres Drittel wird \u00fcber Fernlehrmaterialien \u00e4hnlich wie beim Fernstudium vermittelt; diese Unterlagen sind den sprachlichen Bed\u00fcrfnissen der Zielgruppe angepasst und liegen auch zum Teil als Homepage vor. Den dritten Bereich bildet der Unterricht \u00fcber Internet im sogenannten \u201avirtuellen Klassenraum\u2019. Alle Teilnehmer einer Gruppe treffen sich 2 mal in der Woche von 20.00 bis 21.45 Uhr. Die eingesetzten Kommunikationsprogramme sind MS Chat und MS NetMeeting. Das Chatprogramm erm\u00f6glicht die gleichzeitige schriftliche Kommunikation zwischen Lehrer und Sch\u00fclern im Unterricht. Mit NetMeeting kann man visuelle Darstellungen wie Grafiken und Arbeitsbl\u00e4tter einf\u00fcgen. Die Teilnehmer k\u00f6nnen den Bildschirminhalt (z.B. Arbeitsbl\u00e4tter) direkt bearbeiten. Eine Kommunikation \u00fcber Webcam mit mehreren Teilnehmern ist zur Zeit technisch noch nicht m\u00f6glich.\u201c<\/p><p>Auf den Pr\u00e4senzunterricht m\u00f6chten Lehrer und Sch\u00fcler nicht verzichten. Die pers\u00f6nlichen Kontakte sind wichtig und besonders die geh\u00f6rlosen Teilnehmer unterst\u00fctzen sich untereinander sehr stark. Obwohl sie auf Freizeit verzichten und neue Arbeitsformen lernen m\u00fcssen, ist die Abbruchquote gering: unter 10% (In Fachschulen f\u00fcr H\u00f6rende: 60%).<\/p><p>Ein geh\u00f6rloser Teilnehmer best\u00e4tigt das: \u201eWir haben zuerst Fehler gemacht und mussten viel lernen. Dann klappte es besser, aber es gab ein bergauf und bergab auch auf Kosten der Partnerschaft. Wir k\u00f6nnen nicht mehr so viel Sport machen und alte Beziehungen haben gelitten \u2013 aber wir k\u00e4mpfen immer weiter, um ans Ziel zu kommen. Wir helfen uns untereinander, die Lehrer gefallen uns sehr gut, sie k\u00f6nnen auch geb\u00e4rden. Am besten ist unsere Zusammenarbeit, sie funktioniert sehr gut.\u201c<\/p><p>Die Erfahrungen und zahlreichen Anmeldungen zeigen: Diese Form der Weiterbildung wird von h\u00f6rgesch\u00e4digten Arbeitnehmern gut angenommen.<\/p><p>Die folgenden Weiterbildungsangebote sind nicht regelm\u00e4\u00dfig im Programm. Sie werden bei Nachfrage angeboten:<\/p><h5>5. Angestellten-Lehrgang II<\/h5><p>Dieser Lehrgang wurde bereits mit Erfolg durchgef\u00fchrt. H\u00f6rgesch\u00e4digte Kaufleute werden vorbereitet auf eine Verwaltungspr\u00fcfung. Sie k\u00f6nnen dann in den gehobenen Dienst bef\u00f6rdert werden.<\/p>\t\t\t\t\t\t\t\t<\/div>\n\t\t\t\t\t<\/div>\n\t\t<\/div>\n\t\t\t\t\t<\/div>\n\t\t<\/section>\n\t\t\t\t<section class=\"penci-section penci-disSticky penci-structure-20 elementor-section elementor-top-section elementor-element elementor-element-968d673 elementor-section-boxed elementor-section-height-default elementor-section-height-default\" data-id=\"968d673\" data-element_type=\"section\" data-e-type=\"section\">\n\t\t\t\t\t\t<div class=\"elementor-container elementor-column-gap-default\">\n\t\t\t\t\t<div class=\"penci-ercol-50 penci-ercol-order-1 penci-sticky-ct    elementor-column elementor-col-50 elementor-top-column elementor-element elementor-element-894389b\" data-id=\"894389b\" data-element_type=\"column\" data-e-type=\"column\">\n\t\t\t<div class=\"elementor-widget-wrap elementor-element-populated\">\n\t\t\t\t\t\t<div class=\"elementor-element elementor-element-552d8a2 elementor-widget elementor-widget-text-editor\" data-id=\"552d8a2\" data-element_type=\"widget\" data-e-type=\"widget\" data-widget_type=\"text-editor.default\">\n\t\t\t\t\t\t\t\t\t<h5>6. Meisterkurse<\/h5><p>In Spezialkursen werden Handwerker auf die Meisterpr\u00fcfung vorbereitet. Die Kurse finden berufsbegleitend in Zusammenarbeit mit der Handwerkskammer statt. Das Integrationsamt unterst\u00fctzt diese Ma\u00dfnahme.<\/p><p>Zus\u00e4tzliche Fortbildungsangebote werden gerne eingerichtet, wenn ein Bedarf besteht und wenn die Schule den Unterricht durchf\u00fchren kann. Herr Peters bat die Teilnehmer, sich mit W\u00fcnschen an das RWB zu wenden.<\/p>\t\t\t\t\t\t\t\t<\/div>\n\t\t\t\t\t<\/div>\n\t\t<\/div>\n\t\t\t\t<div class=\"penci-ercol-50 penci-ercol-order-2 penci-sticky-ct    elementor-column elementor-col-50 elementor-top-column elementor-element elementor-element-ebd6f57\" data-id=\"ebd6f57\" data-element_type=\"column\" data-e-type=\"column\">\n\t\t\t<div class=\"elementor-widget-wrap elementor-element-populated\">\n\t\t\t\t\t\t<div class=\"elementor-element elementor-element-694f744 elementor-widget elementor-widget-image\" data-id=\"694f744\" data-element_type=\"widget\" data-e-type=\"widget\" data-widget_type=\"image.default\">\n\t\t\t\t\t\t\t\t\t\t\t\t\t\t\t<img fetchpriority=\"high\" decoding=\"async\" width=\"425\" height=\"319\" src=\"https:\/\/zeichensetzen-online.de\/wp-content\/uploads\/2002\/06\/Hans_Peters1_120602.jpg\" class=\"attachment-large size-large wp-image-3195\" alt=\"Bessere Chancen im Job \u2013 auch f\u00fcr H\u00f6rgesch\u00e4digte\" srcset=\"https:\/\/zeichensetzen-online.de\/wp-content\/uploads\/2002\/06\/Hans_Peters1_120602.jpg 425w, https:\/\/zeichensetzen-online.de\/wp-content\/uploads\/2002\/06\/Hans_Peters1_120602-300x225.jpg 300w\" sizes=\"(max-width: 425px) 100vw, 425px\" \/>\t\t\t\t\t\t\t\t\t\t\t\t\t\t\t<\/div>\n\t\t\t\t\t<\/div>\n\t\t<\/div>\n\t\t\t\t\t<\/div>\n\t\t<\/section>\n\t\t\t\t<section class=\"penci-section penci-disSticky penci-structure-10 elementor-section elementor-top-section elementor-element elementor-element-ebce323 elementor-section-boxed elementor-section-height-default elementor-section-height-default\" data-id=\"ebce323\" data-element_type=\"section\" data-e-type=\"section\">\n\t\t\t\t\t\t<div class=\"elementor-container elementor-column-gap-default\">\n\t\t\t\t\t<div class=\"penci-ercol-100 penci-ercol-order-1 penci-sticky-ct    elementor-column elementor-col-100 elementor-top-column elementor-element elementor-element-6056925\" data-id=\"6056925\" data-element_type=\"column\" data-e-type=\"column\">\n\t\t\t<div class=\"elementor-widget-wrap elementor-element-populated\">\n\t\t\t\t\t\t<div class=\"elementor-element elementor-element-88070ca elementor-widget elementor-widget-text-editor\" data-id=\"88070ca\" data-element_type=\"widget\" data-e-type=\"widget\" data-widget_type=\"text-editor.default\">\n\t\t\t\t\t\t\t\t\t<p>Weitere Informationen kann man auf der Homepage der Schule erfahren:<br \/><a href=\"http:\/\/www.rwb-essen.de\" target=\"_blank\" rel=\"noopener\">www.rwb-essen.de<\/a><\/p><p>Postanschrift: <\/p><p>Rheinisch-Westf\u00e4lisches Berufskolleg f\u00fcr H\u00f6rgesch\u00e4digte Essen<br \/>Kerckhoffstr. 100, 45144 Essen<br \/>Fortbildungssekretariat \u2013 Frau Schmitz &#8211; Telefax: 0201 \/ 4787-982; Telefon: 0201\/8767<\/p><p>Text: Helga Ulbricht<br \/>Fotos: Frank Br\u00fcggemann<\/p>\t\t\t\t\t\t\t\t<\/div>\n\t\t\t\t\t<\/div>\n\t\t<\/div>\n\t\t\t\t\t<\/div>\n\t\t<\/section>\n\t\t\t\t<\/div>\n\t\t","protected":false},"excerpt":{"rendered":"<p>Kofo Essen, 12.06.2002 Bessere Chancen im Job \u2013 auch f\u00fcr H\u00f6rgesch\u00e4digte Referent: Hans Peters (Rhein.-Westf. Berufskolleg f\u00fcr H\u00f6rgesch\u00e4digte, Essen) Heute ist es selbstverst\u00e4ndlich, dass H\u00f6rgesch\u00e4digte einen guten Berufsabschluss schaffen \u2013&hellip;<\/p>\n","protected":false},"author":1,"featured_media":0,"comment_status":"closed","ping_status":"open","sticky":false,"template":"","format":"standard","meta":{"content-type":"","_lmt_disableupdate":"","_lmt_disable":"","_themeisle_gutenberg_block_has_review":false,"footnotes":""},"categories":[4,166],"tags":[],"class_list":["post-267","post","type-post","status-publish","format-standard","hentry","category-jahrgang-2002","category-juni-jahrgang-2002"],"aioseo_notices":[],"_links":{"self":[{"href":"https:\/\/zeichensetzen-online.de\/index.php\/wp-json\/wp\/v2\/posts\/267","targetHints":{"allow":["GET"]}}],"collection":[{"href":"https:\/\/zeichensetzen-online.de\/index.php\/wp-json\/wp\/v2\/posts"}],"about":[{"href":"https:\/\/zeichensetzen-online.de\/index.php\/wp-json\/wp\/v2\/types\/post"}],"author":[{"embeddable":true,"href":"https:\/\/zeichensetzen-online.de\/index.php\/wp-json\/wp\/v2\/users\/1"}],"replies":[{"embeddable":true,"href":"https:\/\/zeichensetzen-online.de\/index.php\/wp-json\/wp\/v2\/comments?post=267"}],"version-history":[{"count":21,"href":"https:\/\/zeichensetzen-online.de\/index.php\/wp-json\/wp\/v2\/posts\/267\/revisions"}],"predecessor-version":[{"id":3990,"href":"https:\/\/zeichensetzen-online.de\/index.php\/wp-json\/wp\/v2\/posts\/267\/revisions\/3990"}],"wp:attachment":[{"href":"https:\/\/zeichensetzen-online.de\/index.php\/wp-json\/wp\/v2\/media?parent=267"}],"wp:term":[{"taxonomy":"category","embeddable":true,"href":"https:\/\/zeichensetzen-online.de\/index.php\/wp-json\/wp\/v2\/categories?post=267"},{"taxonomy":"post_tag","embeddable":true,"href":"https:\/\/zeichensetzen-online.de\/index.php\/wp-json\/wp\/v2\/tags?post=267"}],"curies":[{"name":"wp","href":"https:\/\/api.w.org\/{rel}","templated":true}]}}