{"id":254,"date":"2002-03-13T18:34:10","date_gmt":"2002-03-13T17:34:10","guid":{"rendered":"https:\/\/zeichensetzen-online.de\/?p=254"},"modified":"2023-04-30T22:30:45","modified_gmt":"2023-04-30T20:30:45","slug":"hat-jugendarbeit-eine-zukunft","status":"publish","type":"post","link":"https:\/\/zeichensetzen-online.de\/index.php\/2002\/03\/13\/hat-jugendarbeit-eine-zukunft\/","title":{"rendered":"Hat Jugendarbeit eine Zukunft ?"},"content":{"rendered":"\t\t<div data-elementor-type=\"wp-post\" data-elementor-id=\"254\" class=\"elementor elementor-254\">\n\t\t\t\t\t\t<section class=\"penci-section penci-disSticky penci-structure-10 elementor-section elementor-top-section elementor-element elementor-element-41f7f2c elementor-section-boxed elementor-section-height-default elementor-section-height-default\" data-id=\"41f7f2c\" data-element_type=\"section\" data-e-type=\"section\">\n\t\t\t\t\t\t<div class=\"elementor-container elementor-column-gap-default\">\n\t\t\t\t\t<div class=\"penci-ercol-100 penci-ercol-order-1 penci-sticky-ct    elementor-column elementor-col-100 elementor-top-column elementor-element elementor-element-21aa1c5\" data-id=\"21aa1c5\" data-element_type=\"column\" data-e-type=\"column\">\n\t\t\t<div class=\"elementor-widget-wrap elementor-element-populated\">\n\t\t\t\t\t\t<div class=\"elementor-element elementor-element-dac7bc8 elementor-widget elementor-widget-penci-fancy_heading\" data-id=\"dac7bc8\" data-element_type=\"widget\" data-e-type=\"widget\" data-widget_type=\"penci-fancy_heading.default\">\n\t\t\t\t<div class=\"elementor-widget-container\">\n\t\t\t\t\t\t\t<div class=\"penci-fancy-heading penci-heading-text-left pc-fctline\">\n\t\t\t<div class=\"penci-fancy-heading-inner\">\n\t\t\t\t<div class=\"penci-heading-subtitle\">Kofo Essen, 13.03.2002<\/div><h2 class=\"penci-heading-title\"><span class=\"inner-tit\">Hat Jugendarbeit eine Zukunft ?<\/span><\/h2><div class=\"penci-separator penci-separator- penci-separator-left\"><span class=\"penci-sep_holder penci-sep_holder_l\"><span class=\"penci-sep_line\"><\/span><\/span><span class=\"penci-sep_holder penci-sep_holder_r\"><span class=\"penci-sep_line\"><\/span><\/span><\/div><div class=\"penci-heading-content entry-content\"><p>Referenten: Markus Meincke (Fachausschuss Jugend im DGB)<br \/>\nAndr\u00e9 Munk-Wendlandt (Bundesjugend im DSB)<\/p>\n<\/div>\t\t\t<\/div>\n\t\t<\/div>\n\t\t\t\t\t\t<\/div>\n\t\t\t\t<\/div>\n\t\t\t\t\t<\/div>\n\t\t<\/div>\n\t\t\t\t\t<\/div>\n\t\t<\/section>\n\t\t\t\t<section class=\"penci-section penci-disSticky penci-structure-10 elementor-section elementor-top-section elementor-element elementor-element-72ba6c2 elementor-section-boxed elementor-section-height-default elementor-section-height-default\" data-id=\"72ba6c2\" data-element_type=\"section\" data-e-type=\"section\">\n\t\t\t\t\t\t<div class=\"elementor-container elementor-column-gap-default\">\n\t\t\t\t\t<div class=\"penci-ercol-100 penci-ercol-order-1 penci-sticky-ct    elementor-column elementor-col-100 elementor-top-column elementor-element elementor-element-4177f9e\" data-id=\"4177f9e\" data-element_type=\"column\" data-e-type=\"column\">\n\t\t\t<div class=\"elementor-widget-wrap elementor-element-populated\">\n\t\t\t\t\t\t<div class=\"elementor-element elementor-element-79b2273 elementor-widget elementor-widget-text-editor\" data-id=\"79b2273\" data-element_type=\"widget\" data-e-type=\"widget\" data-widget_type=\"text-editor.default\">\n\t\t\t\t\t\t\t\t\t<p>Es gab viele Gr\u00fcnde, dieses Thema in das Kofo-Programm aufzunehmen:<br \/>Die Verb\u00e4nde klagen \u00fcber Nachwuchsmangel, h\u00f6rbehinderte Jugendliche haben mehr Interesse an Internet und Parties \u2013 aber weniger am Vereinsleben. Trotzdem gibt es Jugendliche, die sich allein gelassen f\u00fchlen und Treffm\u00f6glichkeiten vermissen.<\/p>\t\t\t\t\t\t\t\t<\/div>\n\t\t\t\t\t<\/div>\n\t\t<\/div>\n\t\t\t\t\t<\/div>\n\t\t<\/section>\n\t\t\t\t<section class=\"penci-section penci-disSticky penci-structure-20 elementor-section elementor-top-section elementor-element elementor-element-fdc555c elementor-section-boxed elementor-section-height-default elementor-section-height-default\" data-id=\"fdc555c\" data-element_type=\"section\" data-e-type=\"section\">\n\t\t\t\t\t\t<div class=\"elementor-container elementor-column-gap-default\">\n\t\t\t\t\t<div class=\"penci-ercol-50 penci-ercol-order-1 penci-sticky-ct    elementor-column elementor-col-50 elementor-top-column elementor-element elementor-element-5b3aa60\" data-id=\"5b3aa60\" data-element_type=\"column\" data-e-type=\"column\">\n\t\t\t<div class=\"elementor-widget-wrap elementor-element-populated\">\n\t\t\t\t\t\t<div class=\"elementor-element elementor-element-ea4c3b9 elementor-widget elementor-widget-text-editor\" data-id=\"ea4c3b9\" data-element_type=\"widget\" data-e-type=\"widget\" data-widget_type=\"text-editor.default\">\n\t\t\t\t\t\t\t\t\t<p>Markus Meincke und Andr\u00e9 Munk-Wendlandt diskutierten mit der Moderatorin Winny Stenner \u00fcber Aufbau und Schwierigkeiten der Jugendarbeit, aber auch \u00fcber neue Ideen und Chancen.<\/p>\t\t\t\t\t\t\t\t<\/div>\n\t\t\t\t\t<\/div>\n\t\t<\/div>\n\t\t\t\t<div class=\"penci-ercol-50 penci-ercol-order-2 penci-sticky-ct    elementor-column elementor-col-50 elementor-top-column elementor-element elementor-element-d802fc3\" data-id=\"d802fc3\" data-element_type=\"column\" data-e-type=\"column\">\n\t\t\t<div class=\"elementor-widget-wrap elementor-element-populated\">\n\t\t\t\t\t\t<div class=\"elementor-element elementor-element-b4d3c65 elementor-widget elementor-widget-image\" data-id=\"b4d3c65\" data-element_type=\"widget\" data-e-type=\"widget\" data-widget_type=\"image.default\">\n\t\t\t\t\t\t\t\t\t\t\t\t\t\t\t<img fetchpriority=\"high\" decoding=\"async\" width=\"322\" height=\"226\" src=\"https:\/\/zeichensetzen-online.de\/wp-content\/uploads\/2002\/03\/kofo_a1_130302.jpg\" class=\"attachment-large size-large wp-image-3210\" alt=\"Hat Jugendarbeit eine Zukunft?\" srcset=\"https:\/\/zeichensetzen-online.de\/wp-content\/uploads\/2002\/03\/kofo_a1_130302.jpg 322w, https:\/\/zeichensetzen-online.de\/wp-content\/uploads\/2002\/03\/kofo_a1_130302-300x211.jpg 300w\" sizes=\"(max-width: 322px) 100vw, 322px\" \/>\t\t\t\t\t\t\t\t\t\t\t\t\t\t\t<\/div>\n\t\t\t\t\t<\/div>\n\t\t<\/div>\n\t\t\t\t\t<\/div>\n\t\t<\/section>\n\t\t\t\t<section class=\"penci-section penci-disSticky penci-structure-10 elementor-section elementor-top-section elementor-element elementor-element-9534780 elementor-section-boxed elementor-section-height-default elementor-section-height-default\" data-id=\"9534780\" data-element_type=\"section\" data-e-type=\"section\">\n\t\t\t\t\t\t<div class=\"elementor-container elementor-column-gap-default\">\n\t\t\t\t\t<div class=\"penci-ercol-100 penci-ercol-order-1 penci-sticky-ct    elementor-column elementor-col-100 elementor-top-column elementor-element elementor-element-d180497\" data-id=\"d180497\" data-element_type=\"column\" data-e-type=\"column\">\n\t\t\t<div class=\"elementor-widget-wrap elementor-element-populated\">\n\t\t\t\t\t\t<div class=\"elementor-element elementor-element-3c7583f elementor-widget elementor-widget-text-editor\" data-id=\"3c7583f\" data-element_type=\"widget\" data-e-type=\"widget\" data-widget_type=\"text-editor.default\">\n\t\t\t\t\t\t\t\t\t<p>Winny:<br \/>Wie ist die Entwicklung eures Verbandes ?<br \/>Was sind eure Arbeitsschwerpunkte ?<\/p><p>Andr\u00e9:<br \/>Schon 1958 wurde der Jugendverband gegr\u00fcndet. Fr\u00fcher gab es viele Jugendgruppen, die meisten waren auch eingetragene Vereine, so konnten sie finanzielle Zusch\u00fcsse bekommen. Die Entwicklung ist leider r\u00fcckl\u00e4ufig: Jetzt gibt es nur noch in einigen gr\u00f6\u00dferen St\u00e4dten Jugendgruppen.<\/p><p>Die Bundesjugend ist ein Interessenverband der Fr\u00fchschwerh\u00f6rigen bis 35 Jahre. Wichtige Ziele sind: Verbesserung der Kommunikation und Hilfe bei der H\u00f6rger\u00e4tebezahlung. Die Jugendgruppen sind auch Auffangbecken f\u00fcr junge Erwachsene, die Schwierigkeiten haben, ihre Schwerh\u00f6rigkeit zu verarbeiten.<br \/>Das ist besonders wichtig f\u00fcr Jugendliche, die in einer Regelschule sind. Sie lernen erst in einer Jugendgruppe andere schwerh\u00f6rige Jugendliche kennen und k\u00f6nnen sich \u00fcber ihre Probleme austauschen.<br \/>Schwerpunkte der heutigen Arbeit sind:<br \/>&#8211; Workshops (Internet, Trommeln, Kommunikationskurse)<br \/>&#8211; Organisation und Durchf\u00fchrung von Sommercamps<br \/>&#8211; Erstellen von Brosch\u00fcren z.B. \u201eSchwerh\u00f6rigkeit \u2013 behinderte Kommunikation\u201c und \u201eVeranstaltungen h\u00f6rgesch\u00e4digtengerecht planen\u201c. Diese neue Brosch\u00fcre erkl\u00e4rt, was man bei der Durchf\u00fchrung von Veranstaltungen ber\u00fccksichtigen muss: Induktionsschleife, Geb\u00e4rdensprachdolmetscherIn, Mitschreibekraft, Lichtverh\u00e4ltnisse.<br \/>Zum Abschluss forderte Andr\u00e9 die Zuschauer auf, Mitglied in einem Verein zu werden. Ein gro\u00dfer Verein mit vielen Mitgliedern kann politisch Druck machen und mehr erreichen.<\/p><p>Markus (Micky):<br \/>In Deutschland gibt es schon lange die DGSJ (Deutsche Geh\u00f6rlosen-Sportjugend), das ist die traditionelle Jugendarbeit. Es gab aber keine Angebote f\u00fcr Freizeit, Kultur, Politik.<br \/>Micky hat diese Jugendarbeit in den USA kennen gelernt.<br \/>Uli Hase &#8211; damals Pr\u00e4sident des DGB \u2013 bat Stefan Goldschmidt, Achim Zierl und Markus, Jugendarbeit f\u00fcr Geh\u00f6rlose aufzubauen. Das genaue Ziel war am Anfang noch nicht klar. Sie besuchten jedes Bundesland. In einer \u201eJugendkonferenz\u201c kamen Vertreter aus den Bundesl\u00e4ndern zusammen und berichteten \u00fcber die Situation f\u00fcr Jugendliche. Danach gab es in jedem Bundesland Schulungen f\u00fcr Jugendarbeit. Seit 1999 gibt es den Fachausschuss \u201eJugend\u201c im DGB.<br \/>Ziel ist: der Aufbau eines Jugendnetzes.<br \/>In M\u00fcnchen (GMU) hatte man die Idee, ein Jugendcamp als bundesweites Angebot durchzuf\u00fchren \u2013 \u00e4hnlich wie in den USA. Sp\u00e4ter kam ein Kindercamp (f\u00fcr Kinder unter 15 Jahren) dazu.<\/p>\t\t\t\t\t\t\t\t<\/div>\n\t\t\t\t\t<\/div>\n\t\t<\/div>\n\t\t\t\t\t<\/div>\n\t\t<\/section>\n\t\t\t\t<section class=\"penci-section penci-disSticky penci-structure-22 elementor-section elementor-top-section elementor-element elementor-element-df0aabc elementor-section-boxed elementor-section-height-default elementor-section-height-default\" data-id=\"df0aabc\" data-element_type=\"section\" data-e-type=\"section\">\n\t\t\t\t\t\t<div class=\"elementor-container elementor-column-gap-default\">\n\t\t\t\t\t<div class=\"penci-ercol-66 penci-ercol-order-1 penci-sticky-ct    elementor-column elementor-col-66 elementor-top-column elementor-element elementor-element-74cacb2\" data-id=\"74cacb2\" data-element_type=\"column\" data-e-type=\"column\">\n\t\t\t<div class=\"elementor-widget-wrap elementor-element-populated\">\n\t\t\t\t\t\t<div class=\"elementor-element elementor-element-0927fd2 elementor-widget elementor-widget-image\" data-id=\"0927fd2\" data-element_type=\"widget\" data-e-type=\"widget\" data-widget_type=\"image.default\">\n\t\t\t\t\t\t\t\t\t\t\t\t\t\t\t<img decoding=\"async\" width=\"322\" height=\"261\" src=\"https:\/\/zeichensetzen-online.de\/wp-content\/uploads\/2002\/03\/kofo_a2_130302.jpg\" class=\"attachment-large size-large wp-image-3211\" alt=\"Hat Jugendarbeit eine Zukunft?\" srcset=\"https:\/\/zeichensetzen-online.de\/wp-content\/uploads\/2002\/03\/kofo_a2_130302.jpg 322w, https:\/\/zeichensetzen-online.de\/wp-content\/uploads\/2002\/03\/kofo_a2_130302-300x243.jpg 300w\" sizes=\"(max-width: 322px) 100vw, 322px\" \/>\t\t\t\t\t\t\t\t\t\t\t\t\t\t\t<\/div>\n\t\t\t\t\t<\/div>\n\t\t<\/div>\n\t\t\t\t<div class=\"penci-ercol-33 penci-ercol-order-2 penci-sticky-sb penci-sidebarSC   elementor-column elementor-col-33 elementor-top-column elementor-element elementor-element-134d944\" data-id=\"134d944\" data-element_type=\"column\" data-e-type=\"column\">\n\t\t\t<div class=\"elementor-widget-wrap elementor-element-populated\">\n\t\t\t\t\t\t<div class=\"elementor-element elementor-element-aff9f10 elementor-widget elementor-widget-image\" data-id=\"aff9f10\" data-element_type=\"widget\" data-e-type=\"widget\" data-widget_type=\"image.default\">\n\t\t\t\t\t\t\t\t\t\t\t\t\t\t\t<img decoding=\"async\" width=\"202\" height=\"267\" src=\"https:\/\/zeichensetzen-online.de\/wp-content\/uploads\/2002\/03\/kofo_a3_130302.jpg\" class=\"attachment-large size-large wp-image-3218\" alt=\"Hat Jugendarbeit eine Zukunft?\" \/>\t\t\t\t\t\t\t\t\t\t\t\t\t\t\t<\/div>\n\t\t\t\t\t<\/div>\n\t\t<\/div>\n\t\t\t\t\t<\/div>\n\t\t<\/section>\n\t\t\t\t<section class=\"penci-section penci-disSticky penci-structure-10 elementor-section elementor-top-section elementor-element elementor-element-22729e7 elementor-section-boxed elementor-section-height-default elementor-section-height-default\" data-id=\"22729e7\" data-element_type=\"section\" data-e-type=\"section\">\n\t\t\t\t\t\t<div class=\"elementor-container elementor-column-gap-default\">\n\t\t\t\t\t<div class=\"penci-ercol-100 penci-ercol-order-1 penci-sticky-ct    elementor-column elementor-col-100 elementor-top-column elementor-element elementor-element-aa9b8f8\" data-id=\"aa9b8f8\" data-element_type=\"column\" data-e-type=\"column\">\n\t\t\t<div class=\"elementor-widget-wrap elementor-element-populated\">\n\t\t\t\t\t\t<div class=\"elementor-element elementor-element-8b85da4 elementor-widget elementor-widget-text-editor\" data-id=\"8b85da4\" data-element_type=\"widget\" data-e-type=\"widget\" data-widget_type=\"text-editor.default\">\n\t\t\t\t\t\t\t\t\t<p>Winny:<br \/>Wie sieht die Zusammenarbeit zwischen Geh\u00f6rlosen- und Schwerh\u00f6rigenbund aus ?<\/p><p>Andr\u00e9:<br \/>Bei den Bundesjugendverb\u00e4nden gibt es noch keine Zusammenarbeit. Wir sind beruflich eingespannt, es klappt zeitlich nicht, noch eine Zusammenarbeit mit anderen Verb\u00e4nden aufzubauen.<br \/>Aber an der Basis gibt es Zusammenarbeit. Hier in Essen trifft sich eine gemeinsame Jugendgruppe f\u00fcr gl und sh Jugendliche von 12 bis 17 Jahren, das l\u00e4uft sehr gut.<br \/>In Zukunft wird es sicher eine Zusammenarbeit auf Verbandsebene geben.<\/p><p>Micky:<br \/>Wir 4 vom Fachausschuss Jugend (Micky, Stefan, Susanne, Doris) haben uns schon dar\u00fcber Gedanken gemacht. Wir schaffen es nicht. Einige haben eine Familie gegr\u00fcndet und machen die Vereinsarbeit ehrenamtlich neben ihrem Beruf. Wenn es mehr Leute w\u00e4ren, k\u00f6nnte man es besser aufteilen.<br \/>Wir haben erst 1998 begonnen und brauchen noch Zeit. Unsere Ziele sind ja gleich, es gibt auch immer mehr Schwerh\u00f6rige mit DGS-Kenntnissen. Sp\u00e4ter ist es sicher m\u00f6glich.<\/p><p>Winny:<br \/>Viele Jugendliche wollen nicht in einem normalen Geh\u00f6rlosen- oder Schwerh\u00f6rigen-Verein Mitglied sein.<br \/>Es gibt Jugend-Initiativen, aber sie arbeiten unabh\u00e4ngig vom Verein.<br \/>Wie reagieren die Vereine und Verb\u00e4nde darauf ?<\/p><p>Micky:<br \/>Wir haben 1997 in M\u00fcnchen angefangen mit Freizeitangeboten f\u00fcr Jugendliche. Ich war damals Vorsitzender im Jugendbereich.<br \/>Gerlinde Gerkens bat, alle sollen Mitglied im Landesverband sein, aber M\u00fcnchen wollte lieber eigenst\u00e4ndig bleiben \u2013 das war eine schwierige Situation.<\/p><p>Andr\u00e9:<br \/>Im Schwerh\u00f6rigenbereich ist es etwas anders. Hier gibt es seit 40 Jahren Vereinsarbeit.<br \/>Aber wir sehen auch: Vereinsarbeit ist nicht attraktiv f\u00fcr Jugendliche. Sie sind eher bereit, in Projekten mitzuarbeiten. Sie wollen sich nicht auf Dauer verpflichten.<br \/>Deshalb haben wir das Sommercamp f\u00fcr Jugendliche eingerichtet: man kann f\u00fcr eine kurze Zeit mitmachen.<\/p><p>Markus:<br \/>Die Vereine haben sich beschwert: Wo bleibt der Nachwuchs ?<br \/>Der Grund ist einfach: Die Jugendlichen haben schnell \u00c4mter bekommen, Schriftf\u00fchrer, Kassierer \u2013 das schreckt ab. Man soll sie erst heranwachsen lassen, vielleicht sind sie mit 30 Jahren bereit, ein Amt zu \u00fcbernehmen.<\/p><p>Susanne:<br \/>Im Bereich der Landesverb\u00e4nde ist die Situation katastrophal. Das Thema \u201eJugendliche\u201c muss auf den Tisch, nicht unter den Tisch. Es wird viel Seniorenarbeit gemacht, aber Jugendliche haben andere Interessen. Sie w\u00fcnschen sich auch mehr Freiheiten.<\/p><p>Winny:<br \/>Wie alt sind die \u201eJugendlichen\u201c ? Die Interessen sind doch abh\u00e4ngig vom Alter. Mit welchen Angeboten erreicht ihr die Jugendlichen ?<\/p><p>Andr\u00e9:<br \/>Schwerh\u00f6rige verstecken oft ihre Schwerh\u00f6rigkeit, besonders wenn sie in Regelschulen unterrichtet werden. Sp\u00e4ter im Beruf bekommen sie Schwierigkeiten und merken, dass sie viel verpasst haben. So gibt es Leute mit 28 oder 35 Jahren, die in eine Jugendgruppe kommen.<br \/>In den Sommercamps versuchen wir, die Identit\u00e4tsprobleme anzusprechen.<br \/>Bis 35 Jahren kann man Mitglied in der Bundesjugend sein.<\/p><p>Micky:<br \/>Geh\u00f6rlose Jugendliche mit h\u00f6renden Eltern kennen die Vereine und ihre Angebote nicht.<br \/>Sie leben im Schul-Internat in einer total abgeschnittenen Welt. Auf einem Sch\u00fclertreff haben sie zum ersten Mal von Vereinsangeboten erfahren. Sie waren erstaunt und zeigten Interesse.<\/p><p>Andr\u00e9:<br \/>Ich habe von einem Lehrer an einer Schwerh\u00f6rigenschule diese Meinung geh\u00f6rt: \u201eIch kann doch meine schwerh\u00f6rigen Jugendlichen nicht auf eine Insel schicken !\u201c Das ist typisch f\u00fcr Lehrer, Eltern und Akustiker. Sie m\u00f6chten, dass die Kinder mit h\u00f6renden Freunden ihre Freizeit verbringen.<br \/>Es ist immer noch schwierig, die Jugendlichen zu erreichen. Trotz SGB IX, trotz Anerkennung der Geb\u00e4rdensprache. Besonders die CI-Tr\u00e4ger brauchen Hilfe. Deshalb haben wir ein Netzwerkprojekt geschaffen f\u00fcr Kinder und Jugendliche mit CI auf normalen Schulen. Es hat sich also viel entwickelt, aber bei den Eltern ist es noch nicht angekommen.<\/p><p>Micky:<br \/>Die Vereinsarbeit f\u00fcr Jugendlich war bis in die 80er Jahre nur auf den Sport fixiert.<br \/>Die Sportangebote waren f\u00fcr Jugendliche ab 14 Jahren, f\u00fcr Kinder gab es nichts.<br \/>Ein erster Schritt sind die Kinder- und Jugendcamps. Aber es fehlt noch an \u00d6ffentlichkeitsarbeit.<\/p>\t\t\t\t\t\t\t\t<\/div>\n\t\t\t\t\t<\/div>\n\t\t<\/div>\n\t\t\t\t\t<\/div>\n\t\t<\/section>\n\t\t\t\t<section class=\"penci-section penci-disSticky penci-structure-20 elementor-section elementor-top-section elementor-element elementor-element-a687e48 elementor-section-boxed elementor-section-height-default elementor-section-height-default\" data-id=\"a687e48\" data-element_type=\"section\" data-e-type=\"section\">\n\t\t\t\t\t\t<div class=\"elementor-container elementor-column-gap-default\">\n\t\t\t\t\t<div class=\"penci-ercol-50 penci-ercol-order-1 penci-sticky-ct    elementor-column elementor-col-50 elementor-top-column elementor-element elementor-element-ec47d40\" data-id=\"ec47d40\" data-element_type=\"column\" data-e-type=\"column\">\n\t\t\t<div class=\"elementor-widget-wrap elementor-element-populated\">\n\t\t\t\t\t\t<div class=\"elementor-element elementor-element-10be168 elementor-widget elementor-widget-image\" data-id=\"10be168\" data-element_type=\"widget\" data-e-type=\"widget\" data-widget_type=\"image.default\">\n\t\t\t\t\t\t\t\t\t\t\t\t\t\t\t<img loading=\"lazy\" decoding=\"async\" width=\"291\" height=\"214\" src=\"https:\/\/zeichensetzen-online.de\/wp-content\/uploads\/2002\/03\/kofo_a4_130302.jpg\" class=\"attachment-large size-large wp-image-3213\" alt=\"Hat Jugendarbeit eine Zukunft?\" \/>\t\t\t\t\t\t\t\t\t\t\t\t\t\t\t<\/div>\n\t\t\t\t\t<\/div>\n\t\t<\/div>\n\t\t\t\t<div class=\"penci-ercol-50 penci-ercol-order-2 penci-sticky-ct    elementor-column elementor-col-50 elementor-top-column elementor-element elementor-element-e4dd950\" data-id=\"e4dd950\" data-element_type=\"column\" data-e-type=\"column\">\n\t\t\t<div class=\"elementor-widget-wrap elementor-element-populated\">\n\t\t\t\t\t\t<div class=\"elementor-element elementor-element-c51208f elementor-widget elementor-widget-image\" data-id=\"c51208f\" data-element_type=\"widget\" data-e-type=\"widget\" data-widget_type=\"image.default\">\n\t\t\t\t\t\t\t\t\t\t\t\t\t\t\t<img loading=\"lazy\" decoding=\"async\" width=\"290\" height=\"213\" src=\"https:\/\/zeichensetzen-online.de\/wp-content\/uploads\/2002\/03\/kofo_a5_130302.jpg\" class=\"attachment-large size-large wp-image-3214\" alt=\"Hat Jugendarbeit eine Zukunft?\" \/>\t\t\t\t\t\t\t\t\t\t\t\t\t\t\t<\/div>\n\t\t\t\t\t<\/div>\n\t\t<\/div>\n\t\t\t\t\t<\/div>\n\t\t<\/section>\n\t\t\t\t<section class=\"penci-section penci-disSticky penci-structure-10 elementor-section elementor-top-section elementor-element elementor-element-022ab63 elementor-section-boxed elementor-section-height-default elementor-section-height-default\" data-id=\"022ab63\" data-element_type=\"section\" data-e-type=\"section\">\n\t\t\t\t\t\t<div class=\"elementor-container elementor-column-gap-default\">\n\t\t\t\t\t<div class=\"penci-ercol-100 penci-ercol-order-1 penci-sticky-ct    elementor-column elementor-col-100 elementor-top-column elementor-element elementor-element-5c04e6f\" data-id=\"5c04e6f\" data-element_type=\"column\" data-e-type=\"column\">\n\t\t\t<div class=\"elementor-widget-wrap elementor-element-populated\">\n\t\t\t\t\t\t<div class=\"elementor-element elementor-element-b176582 elementor-widget elementor-widget-text-editor\" data-id=\"b176582\" data-element_type=\"widget\" data-e-type=\"widget\" data-widget_type=\"text-editor.default\">\n\t\t\t\t\t\t\t\t\t<p>Susanne:<br>Heute haben sich Gesellschaft und W\u00fcnsche der Jugendlichen ge\u00e4ndert: Internet, Parties, Love-Parade, Kino, mehr Freiheiten \u2013 wie sieht es bei geh\u00f6rlosen und schwerh\u00f6rigen Jugendlichen aus ?<\/p>\n<p>Andr\u00e9:<br>Jugendliche heute haben viele M\u00f6glichkeiten der Freizeitgestaltung. Dadurch wird die Jugendarbeit schwieriger. Wir k\u00f6nnen nicht konkurrieren mit gro\u00dfen Veranstaltungen.<\/p>\n<p>Micky:<br>Es gibt die Fun-Gesellschaft, das Internet, die gro\u00dfen Parties \u2013 vor 10 Jahren war es noch anders.<\/p>\n<p>Zuschauer (Pfarrer):<br>Das Problem Jugendarbeit gibt es \u00fcberall, auch in der Gemeinde. Die Jugendlichen wollen konsumieren; man geht ins Internet und sucht nach Angeboten. Nur wenige wollen selbst etwas entwickeln.<br>Gro\u00dfe politische Themen wie fr\u00fcher (Friedensbewegung) gibt es nicht.<br>Die Jugendgruppen haben alle \u00e4hnliche Ziele \u2013 sie m\u00fcssen sich untereinander vernetzen und Kontakt nach au\u00dfen suchen.<br>Man muss professionell arbeiten und Strukturen schaffen.<\/p>\n<p>Andr\u00e9:<br>Richtig: Man braucht Leute, die bezahlt werden und die Organisation \u00fcbernehmen.<br>Aber die Finanzierung ist schwierig. Die Bettelbriefe an Stiftungen und Ministerien f\u00fcr das Sommercamp f\u00fcllen einen ganzen Ordner. W\u00e4re sch\u00f6n, wenn es in jedem Bundesland eine bezahlte Kraft g\u00e4be.<\/p>\n<p>Markus:<br>Bei uns ist das Problem \u00e4hnlich. Die Eltern der Kinder und Jugendlichen haben schon viele Ma\u00dfnahmen bezahlt, es darf nicht so teuer sein. Die Verwaltungsarbeit ist gro\u00df.<\/p>\n<p>Winny:<br>Gibt es Verhaltensauff\u00e4lligkeiten bei den Kindern und Jugendlichen ? Haben sie Kontakt zu Neo-Nazi-Gruppen, gibt es Drogenprobleme ? Leiden sie unter Leistungsdruck und damit einhergehenden Problemen wie Ess-St\u00f6rungen, Aggression, Depressionen ?<br>Wie geht ihr mit den Schwierigkeiten um ?<\/p>\n<p>Micky:<br>Nein, dazu kann ich wenig sagen. Es gibt andere Schwierigkeiten, z.B. bei CI-Kindern. Beim letzten Jugendcamp waren auch CI-Kinder dabei, es gab dar\u00fcber Diskussionen in der Gruppe. Ein Jugendlicher hat dann sein CI abgelegt, hat die \u201estille Welt\u201c erfahren und es nach den 2 Wochen wieder getragen. Ein Schwerh\u00f6riger wollte lieber in die Geh\u00f6rlosenschule wechseln \u2013 da haben wir auch vermittelt.<br>Auf den Camps k\u00f6nnen wir gut \u00fcber solche Schwierigkeiten sprechen. Aber Leute mit gro\u00dfen Problemen kommen nicht in die Jugendgruppen.<br>Neonazis gibt es bei den Geh\u00f6rlosen auch, aber an diese extremen Gruppen kommen wir nicht heran. Es ist auch eine Aufgabe f\u00fcr Schulen und Einrichtungen.<\/p>\n<p>Andr\u00e9:<br>Diese Schwierigkeiten sp\u00fcren wir nicht. Solche Jugendliche kommen nicht zu uns \u2013 die haben ihre eigenen Cliquen.<br>Winny:<\/p>\n<p>Wie sieht Jugendarbeit in anderen L\u00e4ndern aus ? Gibt es dort eine Zusammenarbeit zwischen Geh\u00f6rlosen- und Schwerh\u00f6rigenverb\u00e4nden ?<\/p>\n<p>Micky:<br>In den USA gibt es keine eigene Schwerh\u00f6rigenarbeit. Auch Schwerh\u00f6rige nennen sich \u201edeaf\u201c, sogar wenn sie telefonieren k\u00f6nnen.<br>Ich war mit Andreas Sailer in den USA, wir haben Konzepte ausgetauscht.<br>Dort ist die Arbeit sehr professionell, sie haben \u00fcber 30 Jahre Erfahrung. Die Jugendcamps dauern 4 Wochen. Es gibt Workshops, Theater, Diskussionen mit bekannten Referenten, Sport, Lagerfeuer&#8230;<\/p>\t\t\t\t\t\t\t\t<\/div>\n\t\t\t\t\t<\/div>\n\t\t<\/div>\n\t\t\t\t\t<\/div>\n\t\t<\/section>\n\t\t\t\t<section class=\"penci-section penci-disSticky penci-structure-20 elementor-section elementor-top-section elementor-element elementor-element-fce305a elementor-section-boxed elementor-section-height-default elementor-section-height-default\" data-id=\"fce305a\" data-element_type=\"section\" data-e-type=\"section\">\n\t\t\t\t\t\t<div class=\"elementor-container elementor-column-gap-default\">\n\t\t\t\t\t<div class=\"penci-ercol-50 penci-ercol-order-1 penci-sticky-ct    elementor-column elementor-col-50 elementor-top-column elementor-element elementor-element-0570277\" data-id=\"0570277\" data-element_type=\"column\" data-e-type=\"column\">\n\t\t\t<div class=\"elementor-widget-wrap elementor-element-populated\">\n\t\t\t\t\t\t<div class=\"elementor-element elementor-element-392bfa2 elementor-widget elementor-widget-image\" data-id=\"392bfa2\" data-element_type=\"widget\" data-e-type=\"widget\" data-widget_type=\"image.default\">\n\t\t\t\t\t\t\t\t\t\t\t\t\t\t\t<img loading=\"lazy\" decoding=\"async\" width=\"290\" height=\"213\" src=\"https:\/\/zeichensetzen-online.de\/wp-content\/uploads\/2002\/03\/kofo_a7_130302.jpg\" class=\"attachment-large size-large wp-image-3219\" alt=\"Hat Jugendarbeit eine Zukunft?\" \/>\t\t\t\t\t\t\t\t\t\t\t\t\t\t\t<\/div>\n\t\t\t\t\t<\/div>\n\t\t<\/div>\n\t\t\t\t<div class=\"penci-ercol-50 penci-ercol-order-2 penci-sticky-ct    elementor-column elementor-col-50 elementor-top-column elementor-element elementor-element-d896f78\" data-id=\"d896f78\" data-element_type=\"column\" data-e-type=\"column\">\n\t\t\t<div class=\"elementor-widget-wrap elementor-element-populated\">\n\t\t\t\t\t\t<div class=\"elementor-element elementor-element-953bc12 elementor-widget elementor-widget-image\" data-id=\"953bc12\" data-element_type=\"widget\" data-e-type=\"widget\" data-widget_type=\"image.default\">\n\t\t\t\t\t\t\t\t\t\t\t\t\t\t\t<img loading=\"lazy\" decoding=\"async\" width=\"290\" height=\"213\" src=\"https:\/\/zeichensetzen-online.de\/wp-content\/uploads\/2002\/03\/kofo_a8_130302.jpg\" class=\"attachment-large size-large wp-image-3220\" alt=\"Hat Jugendarbeit eine Zukunft?\" \/>\t\t\t\t\t\t\t\t\t\t\t\t\t\t\t<\/div>\n\t\t\t\t\t<\/div>\n\t\t<\/div>\n\t\t\t\t\t<\/div>\n\t\t<\/section>\n\t\t\t\t<section class=\"penci-section penci-disSticky penci-structure-10 elementor-section elementor-top-section elementor-element elementor-element-9edddfa elementor-section-boxed elementor-section-height-default elementor-section-height-default\" data-id=\"9edddfa\" data-element_type=\"section\" data-e-type=\"section\">\n\t\t\t\t\t\t<div class=\"elementor-container elementor-column-gap-default\">\n\t\t\t\t\t<div class=\"penci-ercol-100 penci-ercol-order-1 penci-sticky-ct    elementor-column elementor-col-100 elementor-top-column elementor-element elementor-element-20c1c5e\" data-id=\"20c1c5e\" data-element_type=\"column\" data-e-type=\"column\">\n\t\t\t<div class=\"elementor-widget-wrap elementor-element-populated\">\n\t\t\t\t\t\t<div class=\"elementor-element elementor-element-07a0009 elementor-widget elementor-widget-text-editor\" data-id=\"07a0009\" data-element_type=\"widget\" data-e-type=\"widget\" data-widget_type=\"text-editor.default\">\n\t\t\t\t\t\t\t\t\t<p>Andr\u00e9:<br>Im Ausland gibt es Camps f\u00fcr schwerh\u00f6rige Kinder und \nJugendliche. Die Schweiz hat ein sehr gutes Konzept entwickelt. Dort \ngibt es Camps zu bestimmten Themen \u2013 z.B. Indianer. In Schweden gibt es \ninternationale Jugendarbeit. Dort treffen sich Jugendliche aus ganz \nEuropa.<br>Eine Zusammenarbeit zwischen Geh\u00f6rlosen- und Schwerh\u00f6rigen-Jugendverb\u00e4nden gibt es im Ausland auch noch nicht.<\/p>\n<p>Zuschauer:<br>Ich habe hier in Essen noch nichts vom Jugendcamp f\u00fcr Geh\u00f6rlose erfahren.<\/p>\n<p>Micky:<br>Ja, die Weitergabe von Information ist ein gro\u00dfes Problem. \nIn NRW ist es am schwierigsten. Obwohl hier die meisten Geh\u00f6rlosen \nwohnen, hatten wir noch keine Anmeldung aus NRW. Susanne hat dann \nWerbung gemacht \u2013 und nun haben wir einige Anmeldungen aus Dortmund.<\/p>\n<p>Winny:<br>Noch einmal zur Zusammenarbeit und zum Ausblick in die Zukunft.<br>Immer\n mehr Kinder bekommen ein CI. Vielleicht gibt es in 20 Jahren eine ganz \nneue Organisation f\u00fcr H\u00f6rbehinderte \u2013 oder gar nichts mehr.<\/p>\n<p>Micky und Andr\u00e9:<br>Wir haben nur wenige Mitarbeiter, zuerst muss \njeder sein eigenes Werk fertig machen, dann k\u00f6nnen wir daran denken, ein\n gemeinsames Haus zu bauen.<\/p>\t\t\t\t\t\t\t\t<\/div>\n\t\t\t\t\t<\/div>\n\t\t<\/div>\n\t\t\t\t\t<\/div>\n\t\t<\/section>\n\t\t\t\t<section class=\"penci-section penci-disSticky penci-structure-22 elementor-section elementor-top-section elementor-element elementor-element-652980d elementor-section-boxed elementor-section-height-default elementor-section-height-default\" data-id=\"652980d\" data-element_type=\"section\" data-e-type=\"section\">\n\t\t\t\t\t\t<div class=\"elementor-container elementor-column-gap-default\">\n\t\t\t\t\t<div class=\"penci-ercol-66 penci-ercol-order-1 penci-sticky-ct    elementor-column elementor-col-66 elementor-top-column elementor-element elementor-element-c382cee\" data-id=\"c382cee\" data-element_type=\"column\" data-e-type=\"column\">\n\t\t\t<div class=\"elementor-widget-wrap elementor-element-populated\">\n\t\t\t\t\t\t<div class=\"elementor-element elementor-element-ff2029e elementor-widget elementor-widget-text-editor\" data-id=\"ff2029e\" data-element_type=\"widget\" data-e-type=\"widget\" data-widget_type=\"text-editor.default\">\n\t\t\t\t\t\t\t\t\t<p>Weitere Informationen:<br \/><a href=\"http:\/\/www.gehoerlosen-bund.de\" target=\"_blank\" rel=\"noopener\">www.gehoerlosen-bund.de<\/a><br \/><a href=\"http:\/\/www.gehoerlosen-bund.de\/kindercamp\/index.html\" target=\"_blank\" rel=\"noopener\">www.gehoerlosen-bund.de\/kindercamp\/index.html<\/a><br \/><a href=\"http:\/\/www.schwerhoerigen-netz.de\" target=\"_blank\" rel=\"noopener\">www.schwerhoerigen-netz.de<\/a><br \/><a href=\"http:\/\/www.schwerhoerigen-netz.de\/SOMMERCAMP2002\" target=\"_blank\" rel=\"noopener\">www.schwerhoerigen-netz.de\/SOMMERCAMP2002<\/a><br \/>HU<\/p>\t\t\t\t\t\t\t\t<\/div>\n\t\t\t\t\t<\/div>\n\t\t<\/div>\n\t\t\t\t<div class=\"penci-ercol-33 penci-ercol-order-2 penci-sticky-sb penci-sidebarSC   elementor-column elementor-col-33 elementor-top-column elementor-element elementor-element-35def1b\" data-id=\"35def1b\" data-element_type=\"column\" data-e-type=\"column\">\n\t\t\t<div class=\"elementor-widget-wrap elementor-element-populated\">\n\t\t\t\t\t\t<div class=\"elementor-element elementor-element-038c07a elementor-widget elementor-widget-image\" data-id=\"038c07a\" data-element_type=\"widget\" data-e-type=\"widget\" data-widget_type=\"image.default\">\n\t\t\t\t\t\t\t\t\t\t\t\t\t\t\t<img loading=\"lazy\" decoding=\"async\" width=\"337\" height=\"475\" src=\"https:\/\/zeichensetzen-online.de\/wp-content\/uploads\/2002\/03\/kofo_a6_130302.jpg\" class=\"attachment-large size-large wp-image-3215\" alt=\"Hat Jugendarbeit eine Zukunft?\" srcset=\"https:\/\/zeichensetzen-online.de\/wp-content\/uploads\/2002\/03\/kofo_a6_130302.jpg 337w, https:\/\/zeichensetzen-online.de\/wp-content\/uploads\/2002\/03\/kofo_a6_130302-213x300.jpg 213w\" sizes=\"(max-width: 337px) 100vw, 337px\" \/>\t\t\t\t\t\t\t\t\t\t\t\t\t\t\t<\/div>\n\t\t\t\t\t<\/div>\n\t\t<\/div>\n\t\t\t\t\t<\/div>\n\t\t<\/section>\n\t\t\t\t<\/div>\n\t\t","protected":false},"excerpt":{"rendered":"<p>Kofo Essen, 13.03.2002 Hat Jugendarbeit eine Zukunft ? Referenten: Markus Meincke (Fachausschuss Jugend im DGB) Andr\u00e9 Munk-Wendlandt (Bundesjugend im DSB) Es gab viele Gr\u00fcnde, dieses Thema in das Kofo-Programm aufzunehmen:&hellip;<\/p>\n","protected":false},"author":1,"featured_media":0,"comment_status":"closed","ping_status":"open","sticky":false,"template":"","format":"standard","meta":{"content-type":"","_lmt_disableupdate":"","_lmt_disable":"","_themeisle_gutenberg_block_has_review":false,"footnotes":""},"categories":[4,164],"tags":[],"class_list":["post-254","post","type-post","status-publish","format-standard","hentry","category-jahrgang-2002","category-maerz-jahrgang-2002"],"aioseo_notices":[],"_links":{"self":[{"href":"https:\/\/zeichensetzen-online.de\/index.php\/wp-json\/wp\/v2\/posts\/254","targetHints":{"allow":["GET"]}}],"collection":[{"href":"https:\/\/zeichensetzen-online.de\/index.php\/wp-json\/wp\/v2\/posts"}],"about":[{"href":"https:\/\/zeichensetzen-online.de\/index.php\/wp-json\/wp\/v2\/types\/post"}],"author":[{"embeddable":true,"href":"https:\/\/zeichensetzen-online.de\/index.php\/wp-json\/wp\/v2\/users\/1"}],"replies":[{"embeddable":true,"href":"https:\/\/zeichensetzen-online.de\/index.php\/wp-json\/wp\/v2\/comments?post=254"}],"version-history":[{"count":18,"href":"https:\/\/zeichensetzen-online.de\/index.php\/wp-json\/wp\/v2\/posts\/254\/revisions"}],"predecessor-version":[{"id":3992,"href":"https:\/\/zeichensetzen-online.de\/index.php\/wp-json\/wp\/v2\/posts\/254\/revisions\/3992"}],"wp:attachment":[{"href":"https:\/\/zeichensetzen-online.de\/index.php\/wp-json\/wp\/v2\/media?parent=254"}],"wp:term":[{"taxonomy":"category","embeddable":true,"href":"https:\/\/zeichensetzen-online.de\/index.php\/wp-json\/wp\/v2\/categories?post=254"},{"taxonomy":"post_tag","embeddable":true,"href":"https:\/\/zeichensetzen-online.de\/index.php\/wp-json\/wp\/v2\/tags?post=254"}],"curies":[{"name":"wp","href":"https:\/\/api.w.org\/{rel}","templated":true}]}}