{"id":249,"date":"2002-01-09T18:23:44","date_gmt":"2002-01-09T17:23:44","guid":{"rendered":"https:\/\/zeichensetzen-online.de\/?p=249"},"modified":"2023-04-30T22:31:03","modified_gmt":"2023-04-30T20:31:03","slug":"kulturstadt-essen-auch-fuer-uns","status":"publish","type":"post","link":"https:\/\/zeichensetzen-online.de\/index.php\/2002\/01\/09\/kulturstadt-essen-auch-fuer-uns\/","title":{"rendered":"Kulturstadt Essen \u2013 auch f\u00fcr uns ?"},"content":{"rendered":"\t\t<div data-elementor-type=\"wp-post\" data-elementor-id=\"249\" class=\"elementor elementor-249\">\n\t\t\t\t\t\t<section class=\"penci-section penci-disSticky penci-structure-10 elementor-section elementor-top-section elementor-element elementor-element-9a8a252 elementor-section-boxed elementor-section-height-default elementor-section-height-default\" data-id=\"9a8a252\" data-element_type=\"section\" data-e-type=\"section\">\n\t\t\t\t\t\t<div class=\"elementor-container elementor-column-gap-default\">\n\t\t\t\t\t<div class=\"penci-ercol-100 penci-ercol-order-1 penci-sticky-ct    elementor-column elementor-col-100 elementor-top-column elementor-element elementor-element-fb4df31\" data-id=\"fb4df31\" data-element_type=\"column\" data-e-type=\"column\">\n\t\t\t<div class=\"elementor-widget-wrap elementor-element-populated\">\n\t\t\t\t\t\t<div class=\"elementor-element elementor-element-43fa9af elementor-widget elementor-widget-penci-fancy_heading\" data-id=\"43fa9af\" data-element_type=\"widget\" data-e-type=\"widget\" data-widget_type=\"penci-fancy_heading.default\">\n\t\t\t\t<div class=\"elementor-widget-container\">\n\t\t\t\t\t\t\t<div class=\"penci-fancy-heading penci-heading-text-left pc-fctline\">\n\t\t\t<div class=\"penci-fancy-heading-inner\">\n\t\t\t\t<div class=\"penci-heading-subtitle\">Kofo Essen, 09. Januar 2002<\/div><h2 class=\"penci-heading-title\"><span class=\"inner-tit\">Kulturstadt Essen \u2013 auch f\u00fcr uns ?<\/span><\/h2><div class=\"penci-separator penci-separator- penci-separator-left\"><span class=\"penci-sep_holder penci-sep_holder_l\"><span class=\"penci-sep_line\"><\/span><\/span><span class=\"penci-sep_holder penci-sep_holder_r\"><span class=\"penci-sep_line\"><\/span><\/span><\/div><div class=\"penci-heading-content entry-content\"><p>Referent: Friedrich Scheitle (sh),<br \/>\nInitiator des Augsburger Kulturprojektes<\/p>\n<\/div>\t\t\t<\/div>\n\t\t<\/div>\n\t\t\t\t\t\t<\/div>\n\t\t\t\t<\/div>\n\t\t\t\t\t<\/div>\n\t\t<\/div>\n\t\t\t\t\t<\/div>\n\t\t<\/section>\n\t\t\t\t<section class=\"penci-section penci-disSticky penci-structure-10 elementor-section elementor-top-section elementor-element elementor-element-4d1fa42 elementor-section-boxed elementor-section-height-default elementor-section-height-default\" data-id=\"4d1fa42\" data-element_type=\"section\" data-e-type=\"section\">\n\t\t\t\t\t\t<div class=\"elementor-container elementor-column-gap-default\">\n\t\t\t\t\t<div class=\"penci-ercol-100 penci-ercol-order-1 penci-sticky-ct    elementor-column elementor-col-100 elementor-top-column elementor-element elementor-element-bf121cb\" data-id=\"bf121cb\" data-element_type=\"column\" data-e-type=\"column\">\n\t\t\t<div class=\"elementor-widget-wrap elementor-element-populated\">\n\t\t\t\t\t\t<div class=\"elementor-element elementor-element-6c7776d elementor-widget elementor-widget-text-editor\" data-id=\"6c7776d\" data-element_type=\"widget\" data-e-type=\"widget\" data-widget_type=\"text-editor.default\">\n\t\t\t\t\t\t\t\t\t<p>Der vollst\u00e4ndige Text des Referates ist nachzulesen auf der Website des Augsburger Kulturprojektes: www.gl-kultur.de.<\/p>\n<p>Deshalb hier nur eine kurze Zusammenfassung:<\/p>\n<p>Friedrich Scheitle erkl\u00e4rte zuerst den Zusammenhang zwischen Kultur und Sprache und beschrieb kurz die Entwicklung der Geb\u00e4rdensprache.<\/p>\t\t\t\t\t\t\t\t<\/div>\n\t\t\t\t\t<\/div>\n\t\t<\/div>\n\t\t\t\t\t<\/div>\n\t\t<\/section>\n\t\t\t\t<section class=\"penci-section penci-disSticky penci-structure-21 elementor-section elementor-top-section elementor-element elementor-element-a0a745a elementor-section-boxed elementor-section-height-default elementor-section-height-default\" data-id=\"a0a745a\" data-element_type=\"section\" data-e-type=\"section\">\n\t\t\t\t\t\t<div class=\"elementor-container elementor-column-gap-default\">\n\t\t\t\t\t<div class=\"penci-ercol-33 penci-ercol-order-1 penci-sticky-sb penci-sidebarSC   elementor-column elementor-col-33 elementor-top-column elementor-element elementor-element-ff3414f\" data-id=\"ff3414f\" data-element_type=\"column\" data-e-type=\"column\">\n\t\t\t<div class=\"elementor-widget-wrap elementor-element-populated\">\n\t\t\t\t\t\t<div class=\"elementor-element elementor-element-aba368c elementor-widget elementor-widget-image\" data-id=\"aba368c\" data-element_type=\"widget\" data-e-type=\"widget\" data-widget_type=\"image.default\">\n\t\t\t\t\t\t\t\t\t\t\t\t\t\t\t<img fetchpriority=\"high\" decoding=\"async\" width=\"208\" height=\"318\" src=\"https:\/\/zeichensetzen-online.de\/wp-content\/uploads\/2002\/01\/09_Jan2_090102.jpg\" class=\"attachment-large size-large wp-image-3228\" alt=\"Kulturstadt Essen \u2013 auch f\u00fcr uns ?\" srcset=\"https:\/\/zeichensetzen-online.de\/wp-content\/uploads\/2002\/01\/09_Jan2_090102.jpg 208w, https:\/\/zeichensetzen-online.de\/wp-content\/uploads\/2002\/01\/09_Jan2_090102-196x300.jpg 196w\" sizes=\"(max-width: 208px) 100vw, 208px\" \/>\t\t\t\t\t\t\t\t\t\t\t\t\t\t\t<\/div>\n\t\t\t\t\t<\/div>\n\t\t<\/div>\n\t\t\t\t<div class=\"penci-ercol-66 penci-ercol-order-2 penci-sticky-ct    elementor-column elementor-col-66 elementor-top-column elementor-element elementor-element-fdab3d5\" data-id=\"fdab3d5\" data-element_type=\"column\" data-e-type=\"column\">\n\t\t\t<div class=\"elementor-widget-wrap elementor-element-populated\">\n\t\t\t\t\t\t<div class=\"elementor-element elementor-element-1bd8c1f elementor-widget elementor-widget-text-editor\" data-id=\"1bd8c1f\" data-element_type=\"widget\" data-e-type=\"widget\" data-widget_type=\"text-editor.default\">\n\t\t\t\t\t\t\t\t\t<p>Das Augsburger Kulturprojekt wurde vor 3 \u00bd Jahren gestartet, um f\u00fcr Geh\u00f6rlose und Schwerh\u00f6rige mehr Chancengleichheit zu erreichen. Gleichzeitig sollte die Geb\u00e4rdensprache gesellschaftliche Anerkennung finden. Um dieses Ziel zu erreichen, suchte man in Augsburg die Unterst\u00fctzung von \u201eKulturtr\u00e4gern\u201c (Museumsdirektoren, Stadtr\u00e4te, K\u00fcnstler). Diese Personen haben ein Interesse daran, dass m\u00f6glichst viele B\u00fcrger Kultur nutzen. Geh\u00f6rlose und schwerh\u00f6rige B\u00fcrger m\u00fcssen aber anklopfen und ihre W\u00fcnsche vortragen. Friedrich Scheitle bezeichnete diese Aufgabe als \u201eHolschuld\u201c.<\/p>\t\t\t\t\t\t\t\t<\/div>\n\t\t\t\t\t<\/div>\n\t\t<\/div>\n\t\t\t\t\t<\/div>\n\t\t<\/section>\n\t\t\t\t<section class=\"penci-section penci-disSticky penci-structure-10 elementor-section elementor-top-section elementor-element elementor-element-f15edb9 elementor-section-boxed elementor-section-height-default elementor-section-height-default\" data-id=\"f15edb9\" data-element_type=\"section\" data-e-type=\"section\">\n\t\t\t\t\t\t<div class=\"elementor-container elementor-column-gap-default\">\n\t\t\t\t\t<div class=\"penci-ercol-100 penci-ercol-order-1 penci-sticky-ct    elementor-column elementor-col-100 elementor-top-column elementor-element elementor-element-efead51\" data-id=\"efead51\" data-element_type=\"column\" data-e-type=\"column\">\n\t\t\t<div class=\"elementor-widget-wrap elementor-element-populated\">\n\t\t\t\t\t\t<div class=\"elementor-element elementor-element-b41c6e6 elementor-widget elementor-widget-text-editor\" data-id=\"b41c6e6\" data-element_type=\"widget\" data-e-type=\"widget\" data-widget_type=\"text-editor.default\">\n\t\t\t\t\t\t\t\t\t<p>Besonders f\u00fcr die Kinder und ihre Zukunft ist es wichtig, hier aktiv zu werden und m\u00f6glichst viele Kulturangebote bereitzustellen.<\/p><p>Friedrich Scheitle unterschied die Begriffe \u201eTeilnahme\u201c (anwesend sein) und \u201eTeilhabe\u201c (aktiv mitmachen). Geh\u00f6rlose Menschen brauchen Geb\u00e4rdensprachdolmetscher, um Kultur aktiv zu erleben.<\/p>\t\t\t\t\t\t\t\t<\/div>\n\t\t\t\t\t<\/div>\n\t\t<\/div>\n\t\t\t\t\t<\/div>\n\t\t<\/section>\n\t\t\t\t<section class=\"penci-section penci-disSticky penci-structure-22 elementor-section elementor-top-section elementor-element elementor-element-4c3c406 elementor-section-boxed elementor-section-height-default elementor-section-height-default\" data-id=\"4c3c406\" data-element_type=\"section\" data-e-type=\"section\">\n\t\t\t\t\t\t<div class=\"elementor-container elementor-column-gap-default\">\n\t\t\t\t\t<div class=\"penci-ercol-66 penci-ercol-order-1 penci-sticky-ct    elementor-column elementor-col-66 elementor-top-column elementor-element elementor-element-561f417\" data-id=\"561f417\" data-element_type=\"column\" data-e-type=\"column\">\n\t\t\t<div class=\"elementor-widget-wrap elementor-element-populated\">\n\t\t\t\t\t\t<div class=\"elementor-element elementor-element-c63ebdd elementor-widget elementor-widget-text-editor\" data-id=\"c63ebdd\" data-element_type=\"widget\" data-e-type=\"widget\" data-widget_type=\"text-editor.default\">\n\t\t\t\t\t\t\t\t\t<p>Bei der Organisation von gemeinsamen Kulturveranstaltungen ist die \u00d6ffentlichkeitsarbeit sehr wichtig. Die Medien (Presse, TV, Internet usw.) k\u00f6nnen viel dazu beitragen, dass eine Veranstaltung erfolgreich verl\u00e4uft.<\/p><p>Die Geb\u00e4rdensprachler selbst aber leisten die wichtigste \u00d6ffentlichkeitsarbeit: H\u00f6rende akzeptieren Geh\u00f6rlose und freuen sich \u00fcber ihr Interesse. Jede gesellschaftliche \u00d6ffnung ist wichtig. Die bisherige Erfahrung zeigt: es gibt nur positive R\u00fcckmeldungen von H\u00f6renden.<\/p>\t\t\t\t\t\t\t\t<\/div>\n\t\t\t\t\t<\/div>\n\t\t<\/div>\n\t\t\t\t<div class=\"penci-ercol-33 penci-ercol-order-2 penci-sticky-sb penci-sidebarSC   elementor-column elementor-col-33 elementor-top-column elementor-element elementor-element-a71140a\" data-id=\"a71140a\" data-element_type=\"column\" data-e-type=\"column\">\n\t\t\t<div class=\"elementor-widget-wrap elementor-element-populated\">\n\t\t\t\t\t\t<div class=\"elementor-element elementor-element-e14453a elementor-widget elementor-widget-image\" data-id=\"e14453a\" data-element_type=\"widget\" data-e-type=\"widget\" data-widget_type=\"image.default\">\n\t\t\t\t\t\t\t\t\t\t\t\t\t\t\t<img decoding=\"async\" width=\"208\" height=\"317\" src=\"https:\/\/zeichensetzen-online.de\/wp-content\/uploads\/2002\/01\/09_Jan1_090102.jpg\" class=\"attachment-large size-large wp-image-3227\" alt=\"Kulturstadt Essen \u2013 auch f\u00fcr uns ?\" srcset=\"https:\/\/zeichensetzen-online.de\/wp-content\/uploads\/2002\/01\/09_Jan1_090102.jpg 208w, https:\/\/zeichensetzen-online.de\/wp-content\/uploads\/2002\/01\/09_Jan1_090102-197x300.jpg 197w\" sizes=\"(max-width: 208px) 100vw, 208px\" \/>\t\t\t\t\t\t\t\t\t\t\t\t\t\t\t<\/div>\n\t\t\t\t\t<\/div>\n\t\t<\/div>\n\t\t\t\t\t<\/div>\n\t\t<\/section>\n\t\t\t\t<section class=\"penci-section penci-disSticky penci-structure-10 elementor-section elementor-top-section elementor-element elementor-element-75c3f6f elementor-section-boxed elementor-section-height-default elementor-section-height-default\" data-id=\"75c3f6f\" data-element_type=\"section\" data-e-type=\"section\">\n\t\t\t\t\t\t<div class=\"elementor-container elementor-column-gap-default\">\n\t\t\t\t\t<div class=\"penci-ercol-100 penci-ercol-order-1 penci-sticky-ct    elementor-column elementor-col-100 elementor-top-column elementor-element elementor-element-9fa7a2b\" data-id=\"9fa7a2b\" data-element_type=\"column\" data-e-type=\"column\">\n\t\t\t<div class=\"elementor-widget-wrap elementor-element-populated\">\n\t\t\t\t\t\t<div class=\"elementor-element elementor-element-c324ea2 elementor-widget elementor-widget-text-editor\" data-id=\"c324ea2\" data-element_type=\"widget\" data-e-type=\"widget\" data-widget_type=\"text-editor.default\">\n\t\t\t\t\t\t\t\t\t<p>Anschlie\u00dfend beschrieb der Referent an einem praktischen Beispiel (Museumsf\u00fchrung f\u00fcr Geh\u00f6rlose und Schwerh\u00f6rige im Folkwang-Museum Essen), wie eine Museumsf\u00fchrung f\u00fcr Geh\u00f6rlose und Schwerh\u00f6rige geplant werden kann. Eine sorgf\u00e4ltige Planung muss Pressearbeit und Werbung ber\u00fccksichtigen.<br \/>F\u00fcr die Werbung ist es vorteilhaft, gleiche Vorlagen zu benutzen und nur die Daten zu erneuern. Herr Scheitle zeigte am Beispiel einer aktuellen Kulturwerbung aus Augsburg (F\u00fchrung durch die Friedensreich Hundertwasser-Ausstellung mit Frau Bergmann \/ Hamburg), wie eine solche Vorlage aussehen kann.<\/p><p>Wichtig ist auch eine gute Zusammenarbeit zwischen Veranstalter (m\u00f6glichst ein Gl-Verein oder das Kofo) und anderen Gl-Vereinen. Es w\u00e4re gut, wenn beim Kulturreferat Essen ein Arbeitsplatz f\u00fcr einen Kulturkoordinator geschaffen werden kann.<\/p><p>Ein Ausschnitt aus der Sendung \u201eSehen statt H\u00f6ren\u201c (April 2001) zeigte ein Beispiel f\u00fcr eine Museumsf\u00fchrung f\u00fcr Geh\u00f6rlose in Augsburg.<\/p><p>Zum Abschluss des Vortrages nannte Herr Scheitle zwei Dinge, die rechtzeitig gekl\u00e4rt werden m\u00fcssen: die Bestellung geeigneter Dolmetscher\/innen und die Finanzierung (in Bayern durch den DPWV).<\/p>\t\t\t\t\t\t\t\t<\/div>\n\t\t\t\t\t<\/div>\n\t\t<\/div>\n\t\t\t\t\t<\/div>\n\t\t<\/section>\n\t\t\t\t<section class=\"penci-section penci-disSticky penci-structure-20 elementor-section elementor-top-section elementor-element elementor-element-fb4c1a8 elementor-section-boxed elementor-section-height-default elementor-section-height-default\" data-id=\"fb4c1a8\" data-element_type=\"section\" data-e-type=\"section\">\n\t\t\t\t\t\t<div class=\"elementor-container elementor-column-gap-default\">\n\t\t\t\t\t<div class=\"penci-ercol-50 penci-ercol-order-1 penci-sticky-ct    elementor-column elementor-col-50 elementor-top-column elementor-element elementor-element-2e49f06\" data-id=\"2e49f06\" data-element_type=\"column\" data-e-type=\"column\">\n\t\t\t<div class=\"elementor-widget-wrap elementor-element-populated\">\n\t\t\t\t\t\t<div class=\"elementor-element elementor-element-9b58f3b elementor-widget elementor-widget-image\" data-id=\"9b58f3b\" data-element_type=\"widget\" data-e-type=\"widget\" data-widget_type=\"image.default\">\n\t\t\t\t\t\t\t\t\t\t\t\t\t\t\t<img decoding=\"async\" width=\"399\" height=\"279\" src=\"https:\/\/zeichensetzen-online.de\/wp-content\/uploads\/2002\/01\/09_Jan3_090102.jpg\" class=\"attachment-large size-large wp-image-3229\" alt=\"Kulturstadt Essen \u2013 auch f\u00fcr uns ?\" srcset=\"https:\/\/zeichensetzen-online.de\/wp-content\/uploads\/2002\/01\/09_Jan3_090102.jpg 399w, https:\/\/zeichensetzen-online.de\/wp-content\/uploads\/2002\/01\/09_Jan3_090102-300x210.jpg 300w\" sizes=\"(max-width: 399px) 100vw, 399px\" \/>\t\t\t\t\t\t\t\t\t\t\t\t\t\t\t<\/div>\n\t\t\t\t\t<\/div>\n\t\t<\/div>\n\t\t\t\t<div class=\"penci-ercol-50 penci-ercol-order-2 penci-sticky-ct    elementor-column elementor-col-50 elementor-top-column elementor-element elementor-element-ef2df5b\" data-id=\"ef2df5b\" data-element_type=\"column\" data-e-type=\"column\">\n\t\t\t<div class=\"elementor-widget-wrap elementor-element-populated\">\n\t\t\t\t\t\t<div class=\"elementor-element elementor-element-912af87 elementor-widget elementor-widget-text-editor\" data-id=\"912af87\" data-element_type=\"widget\" data-e-type=\"widget\" data-widget_type=\"text-editor.default\">\n\t\t\t\t\t\t\t\t\t<p>Nach der Pause begann eine lebhafte Diskussion.<\/p><p>Die Moderatorin Winny Stenner bedauerte, dass in Essen trotz wiederholten \u201eAnklopfens\u201c keine Unterst\u00fctzung durch die Politiker erreicht wurde. Die bisherigen Projekte m\u00fcssen weitestgehend allein entwickelt, organisiert und finanziert werden.<\/p>\t\t\t\t\t\t\t\t<\/div>\n\t\t\t\t\t<\/div>\n\t\t<\/div>\n\t\t\t\t\t<\/div>\n\t\t<\/section>\n\t\t\t\t<section class=\"penci-section penci-disSticky penci-structure-22 elementor-section elementor-top-section elementor-element elementor-element-61fd37b elementor-section-boxed elementor-section-height-default elementor-section-height-default\" data-id=\"61fd37b\" data-element_type=\"section\" data-e-type=\"section\">\n\t\t\t\t\t\t<div class=\"elementor-container elementor-column-gap-default\">\n\t\t\t\t\t<div class=\"penci-ercol-66 penci-ercol-order-1 penci-sticky-ct    elementor-column elementor-col-66 elementor-top-column elementor-element elementor-element-712edb1\" data-id=\"712edb1\" data-element_type=\"column\" data-e-type=\"column\">\n\t\t\t<div class=\"elementor-widget-wrap elementor-element-populated\">\n\t\t\t\t\t\t<div class=\"elementor-element elementor-element-f34bffa elementor-widget elementor-widget-text-editor\" data-id=\"f34bffa\" data-element_type=\"widget\" data-e-type=\"widget\" data-widget_type=\"text-editor.default\">\n\t\t\t\t\t\t\t\t\t<p>Frau Eybe (Vorsitzende des Stadtverbandes der Essener Gl-Vereine) berichtete, dass in Essen durch die Vereine bereits Kultur-Angebote vorhanden sind, die auch gut besucht werden. So gibt es z.B. regelm\u00e4\u00dfig Museumsf\u00fchrungen im Folkwang-Museum. Die Verb\u00e4nde machen aber keine Werbung, weil ihre Mitglieder die F\u00fchrungen schon zahlreich besuchen.<\/p>\t\t\t\t\t\t\t\t<\/div>\n\t\t\t\t\t<\/div>\n\t\t<\/div>\n\t\t\t\t<div class=\"penci-ercol-33 penci-ercol-order-2 penci-sticky-sb penci-sidebarSC   elementor-column elementor-col-33 elementor-top-column elementor-element elementor-element-12de4ee\" data-id=\"12de4ee\" data-element_type=\"column\" data-e-type=\"column\">\n\t\t\t<div class=\"elementor-widget-wrap elementor-element-populated\">\n\t\t\t\t\t\t<div class=\"elementor-element elementor-element-d80fe84 elementor-widget elementor-widget-image\" data-id=\"d80fe84\" data-element_type=\"widget\" data-e-type=\"widget\" data-widget_type=\"image.default\">\n\t\t\t\t\t\t\t\t\t\t\t\t\t\t\t<img loading=\"lazy\" decoding=\"async\" width=\"208\" height=\"318\" src=\"https:\/\/zeichensetzen-online.de\/wp-content\/uploads\/2002\/01\/09_Jan4_090102.jpg\" class=\"attachment-large size-large wp-image-3230\" alt=\"Kulturstadt Essen \u2013 auch f\u00fcr uns ?\" srcset=\"https:\/\/zeichensetzen-online.de\/wp-content\/uploads\/2002\/01\/09_Jan4_090102.jpg 208w, https:\/\/zeichensetzen-online.de\/wp-content\/uploads\/2002\/01\/09_Jan4_090102-196x300.jpg 196w\" sizes=\"(max-width: 208px) 100vw, 208px\" \/>\t\t\t\t\t\t\t\t\t\t\t\t\t\t\t<\/div>\n\t\t\t\t\t<\/div>\n\t\t<\/div>\n\t\t\t\t\t<\/div>\n\t\t<\/section>\n\t\t\t\t<section class=\"penci-section penci-disSticky penci-structure-21 elementor-section elementor-top-section elementor-element elementor-element-d2e3114 elementor-section-boxed elementor-section-height-default elementor-section-height-default\" data-id=\"d2e3114\" data-element_type=\"section\" data-e-type=\"section\">\n\t\t\t\t\t\t<div class=\"elementor-container elementor-column-gap-default\">\n\t\t\t\t\t<div class=\"penci-ercol-33 penci-ercol-order-1 penci-sticky-sb penci-sidebarSC   elementor-column elementor-col-33 elementor-top-column elementor-element elementor-element-b373bc5\" data-id=\"b373bc5\" data-element_type=\"column\" data-e-type=\"column\">\n\t\t\t<div class=\"elementor-widget-wrap elementor-element-populated\">\n\t\t\t\t\t\t<div class=\"elementor-element elementor-element-b553ed7 elementor-widget elementor-widget-image\" data-id=\"b553ed7\" data-element_type=\"widget\" data-e-type=\"widget\" data-widget_type=\"image.default\">\n\t\t\t\t\t\t\t\t\t\t\t\t\t\t\t<img loading=\"lazy\" decoding=\"async\" width=\"208\" height=\"317\" src=\"https:\/\/zeichensetzen-online.de\/wp-content\/uploads\/2002\/01\/09_Jan5_090102.jpg\" class=\"attachment-large size-large wp-image-3231\" alt=\"Kulturstadt Essen \u2013 auch f\u00fcr uns ?\" srcset=\"https:\/\/zeichensetzen-online.de\/wp-content\/uploads\/2002\/01\/09_Jan5_090102.jpg 208w, https:\/\/zeichensetzen-online.de\/wp-content\/uploads\/2002\/01\/09_Jan5_090102-197x300.jpg 197w\" sizes=\"(max-width: 208px) 100vw, 208px\" \/>\t\t\t\t\t\t\t\t\t\t\t\t\t\t\t<\/div>\n\t\t\t\t\t<\/div>\n\t\t<\/div>\n\t\t\t\t<div class=\"penci-ercol-66 penci-ercol-order-2 penci-sticky-ct    elementor-column elementor-col-66 elementor-top-column elementor-element elementor-element-a091b28\" data-id=\"a091b28\" data-element_type=\"column\" data-e-type=\"column\">\n\t\t\t<div class=\"elementor-widget-wrap elementor-element-populated\">\n\t\t\t\t\t\t<div class=\"elementor-element elementor-element-3740113 elementor-widget elementor-widget-text-editor\" data-id=\"3740113\" data-element_type=\"widget\" data-e-type=\"widget\" data-widget_type=\"text-editor.default\">\n\t\t\t\t\t\t\t\t\t<p>Frau Grinz (Vorstandsmitglied im DSB-Ortsverband Essen) sprach die Situation f\u00fcr Schwerh\u00f6rige an: Viele Schwerh\u00f6rige, besonders Ertaubte, k\u00f6nnen DGS nicht verstehen. Wie werden die Interessen der Schwerh\u00f6rigen im Augsburger Kulturprojekt ber\u00fccksichtigt ?<\/p><p>Herr Scheitle empfahl: auch Schwerh\u00f6rige und Ertaubte sollen Geb\u00e4rdensprache lernen. Dagegen protestierte Frau Grinz: von ertaubten Menschen kann man nicht verlangen, die DGS zu lernen. Schwerh\u00f6rige und Ertaubte brauchen besondere technische Hilfsmittel. Herr Scheitle gab zu: F\u00fcr diese Gruppe gibt es in Augsburg keine M\u00f6glichkeit.<\/p>\t\t\t\t\t\t\t\t<\/div>\n\t\t\t\t\t<\/div>\n\t\t<\/div>\n\t\t\t\t\t<\/div>\n\t\t<\/section>\n\t\t\t\t<section class=\"penci-section penci-disSticky penci-structure-22 elementor-section elementor-top-section elementor-element elementor-element-d4a18bf elementor-section-boxed elementor-section-height-default elementor-section-height-default\" data-id=\"d4a18bf\" data-element_type=\"section\" data-e-type=\"section\">\n\t\t\t\t\t\t<div class=\"elementor-container elementor-column-gap-default\">\n\t\t\t\t\t<div class=\"penci-ercol-66 penci-ercol-order-1 penci-sticky-ct    elementor-column elementor-col-66 elementor-top-column elementor-element elementor-element-370f97d\" data-id=\"370f97d\" data-element_type=\"column\" data-e-type=\"column\">\n\t\t\t<div class=\"elementor-widget-wrap elementor-element-populated\">\n\t\t\t\t\t\t<div class=\"elementor-element elementor-element-52cba0b elementor-widget elementor-widget-text-editor\" data-id=\"52cba0b\" data-element_type=\"widget\" data-e-type=\"widget\" data-widget_type=\"text-editor.default\">\n\t\t\t\t\t\t\t\t\t<p>Die Moderatorin fragte: Wie werden die Dolmetscherkosten in Augsburg finanziert ? Herr Scheitle erkl\u00e4rte die Finanzierungsregelung: In diesem Jahr sind in Augsburg 10 Kulturveranstaltungen geplant. Ende vergangenen Jahres wurde ein Antrag auf Kosten\u00fcbernahme beim DPWV gestellt. Der Eintritt f\u00fcr Geh\u00f6rlose ist frei, aber jeder Teilnehmer muss einen Eigenanteil von 2,50 EUR f\u00fcr die Dolmetscherkosten zahlen. Den Rest \u00fcbernimmt der DPWV.<\/p>\t\t\t\t\t\t\t\t<\/div>\n\t\t\t\t\t<\/div>\n\t\t<\/div>\n\t\t\t\t<div class=\"penci-ercol-33 penci-ercol-order-2 penci-sticky-sb penci-sidebarSC   elementor-column elementor-col-33 elementor-top-column elementor-element elementor-element-24dde8b\" data-id=\"24dde8b\" data-element_type=\"column\" data-e-type=\"column\">\n\t\t\t<div class=\"elementor-widget-wrap elementor-element-populated\">\n\t\t\t\t\t\t<div class=\"elementor-element elementor-element-9b32ca9 elementor-widget elementor-widget-image\" data-id=\"9b32ca9\" data-element_type=\"widget\" data-e-type=\"widget\" data-widget_type=\"image.default\">\n\t\t\t\t\t\t\t\t\t\t\t\t\t\t\t<img loading=\"lazy\" decoding=\"async\" width=\"208\" height=\"317\" src=\"https:\/\/zeichensetzen-online.de\/wp-content\/uploads\/2002\/01\/09_Jan6_090102.jpg\" class=\"attachment-large size-large wp-image-3232\" alt=\"Kulturstadt Essen \u2013 auch f\u00fcr uns ?\" srcset=\"https:\/\/zeichensetzen-online.de\/wp-content\/uploads\/2002\/01\/09_Jan6_090102.jpg 208w, https:\/\/zeichensetzen-online.de\/wp-content\/uploads\/2002\/01\/09_Jan6_090102-197x300.jpg 197w\" sizes=\"(max-width: 208px) 100vw, 208px\" \/>\t\t\t\t\t\t\t\t\t\t\t\t\t\t\t<\/div>\n\t\t\t\t\t<\/div>\n\t\t<\/div>\n\t\t\t\t\t<\/div>\n\t\t<\/section>\n\t\t\t\t<section class=\"penci-section penci-disSticky penci-structure-21 elementor-section elementor-top-section elementor-element elementor-element-9797966 elementor-section-boxed elementor-section-height-default elementor-section-height-default\" data-id=\"9797966\" data-element_type=\"section\" data-e-type=\"section\">\n\t\t\t\t\t\t<div class=\"elementor-container elementor-column-gap-default\">\n\t\t\t\t\t<div class=\"penci-ercol-33 penci-ercol-order-1 penci-sticky-sb penci-sidebarSC   elementor-column elementor-col-33 elementor-top-column elementor-element elementor-element-dd6064d\" data-id=\"dd6064d\" data-element_type=\"column\" data-e-type=\"column\">\n\t\t\t<div class=\"elementor-widget-wrap elementor-element-populated\">\n\t\t\t\t\t\t<div class=\"elementor-element elementor-element-af9ce14 elementor-widget elementor-widget-image\" data-id=\"af9ce14\" data-element_type=\"widget\" data-e-type=\"widget\" data-widget_type=\"image.default\">\n\t\t\t\t\t\t\t\t\t\t\t\t\t\t\t<img loading=\"lazy\" decoding=\"async\" width=\"208\" height=\"317\" src=\"https:\/\/zeichensetzen-online.de\/wp-content\/uploads\/2002\/01\/09_Jan7_090102.jpg\" class=\"attachment-large size-large wp-image-3233\" alt=\"Kulturstadt Essen \u2013 auch f\u00fcr uns ?\" srcset=\"https:\/\/zeichensetzen-online.de\/wp-content\/uploads\/2002\/01\/09_Jan7_090102.jpg 208w, https:\/\/zeichensetzen-online.de\/wp-content\/uploads\/2002\/01\/09_Jan7_090102-197x300.jpg 197w\" sizes=\"(max-width: 208px) 100vw, 208px\" \/>\t\t\t\t\t\t\t\t\t\t\t\t\t\t\t<\/div>\n\t\t\t\t\t<\/div>\n\t\t<\/div>\n\t\t\t\t<div class=\"penci-ercol-66 penci-ercol-order-2 penci-sticky-ct    elementor-column elementor-col-66 elementor-top-column elementor-element elementor-element-a9740f3\" data-id=\"a9740f3\" data-element_type=\"column\" data-e-type=\"column\">\n\t\t\t<div class=\"elementor-widget-wrap elementor-element-populated\">\n\t\t\t\t\t\t<div class=\"elementor-element elementor-element-142259b elementor-widget elementor-widget-text-editor\" data-id=\"142259b\" data-element_type=\"widget\" data-e-type=\"widget\" data-widget_type=\"text-editor.default\">\n\t\t\t\t\t\t\t\t\t<p>Herr Haug (Behindertenbeauftragter der Stadt Essen) erkl\u00e4rte zum Bundesgleichstellungsgesetz: Dieses Gesetz ist z.Zt. in der Beratung und soll im Mai 2002 verabschiedet werden. Die \u201eBarrierefreiheit\u201c soll auch h\u00f6rbehinderten Menschen die Teilnahme am gesellschaftlichen Leben erm\u00f6glichen. Parallel dazu m\u00fcssen die Bundesl\u00e4nder eigene Landesgleichstellungsgesetze erlassen (Bayern und NRW haben noch kein eigenes Gleichstellungsgesetz). Diese Gesetze kl\u00e4ren Einzelbereiche in der Zust\u00e4ndigkeit der L\u00e4nder: z.B. die Kultur.<br \/>Die Behinderten m\u00fcssen weiter aktiv sein, denn die Politik hat sich nur bewegt, weil sich die Behinderten selbst bewegt haben.<\/p>\t\t\t\t\t\t\t\t<\/div>\n\t\t\t\t\t<\/div>\n\t\t<\/div>\n\t\t\t\t\t<\/div>\n\t\t<\/section>\n\t\t\t\t<section class=\"penci-section penci-disSticky penci-structure-10 elementor-section elementor-top-section elementor-element elementor-element-176eb09 elementor-section-boxed elementor-section-height-default elementor-section-height-default\" data-id=\"176eb09\" data-element_type=\"section\" data-e-type=\"section\">\n\t\t\t\t\t\t<div class=\"elementor-container elementor-column-gap-default\">\n\t\t\t\t\t<div class=\"penci-ercol-100 penci-ercol-order-1 penci-sticky-ct    elementor-column elementor-col-100 elementor-top-column elementor-element elementor-element-da008d0\" data-id=\"da008d0\" data-element_type=\"column\" data-e-type=\"column\">\n\t\t\t<div class=\"elementor-widget-wrap elementor-element-populated\">\n\t\t\t\t\t\t<div class=\"elementor-element elementor-element-4e18404 elementor-widget elementor-widget-text-editor\" data-id=\"4e18404\" data-element_type=\"widget\" data-e-type=\"widget\" data-widget_type=\"text-editor.default\">\n\t\t\t\t\t\t\t\t\t<p>Der Diskussionsverlauf zeigte:<\/p><p>In Essen gibt es bereits viele M\u00f6glichkeiten f\u00fcr Schwerh\u00f6rige und Geh\u00f6rlose, die Angebote verschiedener Organisationen (Kofo, Stadtverband der GL-Vereine, DSB-Ortsverband, F\u00f6rderverein &#8220;Zeichen setzen !&#8221;, Kinofilme mit Untertiteln von verschiedenen Veranstaltern&#8230;) zu nutzen . Einige Veranstalter bem\u00fchen sich auch um gute Zusammenarbeit zwischen Schwerh\u00f6rigen und Geh\u00f6rlosen, um die Interessen aller H\u00f6rbehinderten zu ber\u00fccksichtigen. Daf\u00fcr ist das Kofo Essen ein Beispiel.<\/p><p>Es w\u00e4re aber sinnvoll, diese Angebote an einer Stelle \u2013 eine Art Info-Pool &#8211; zusammenzufassen und so eine bessere Information f\u00fcr alle zu erreichen. Diesen Wunsch \u00e4u\u00dferten mehrere Diskussionsteilnehmerinnen.<\/p><p>Ebenso muss dar\u00fcber nachgedacht werden, wie die \u00d6ffentlichkeitsarbeit verbessert werden kann. Eine gute Pressearbeit kann die gesellschaftliche Anerkennung unterst\u00fctzen.<\/p><p>HU<\/p>\t\t\t\t\t\t\t\t<\/div>\n\t\t\t\t\t<\/div>\n\t\t<\/div>\n\t\t\t\t\t<\/div>\n\t\t<\/section>\n\t\t\t\t<\/div>\n\t\t","protected":false},"excerpt":{"rendered":"<p>Kofo Essen, 09. Januar 2002 Kulturstadt Essen \u2013 auch f\u00fcr uns ? Referent: Friedrich Scheitle (sh), Initiator des Augsburger Kulturprojektes Der vollst\u00e4ndige Text des Referates ist nachzulesen auf der Website&hellip;<\/p>\n","protected":false},"author":1,"featured_media":0,"comment_status":"closed","ping_status":"open","sticky":false,"template":"","format":"standard","meta":{"content-type":"","_lmt_disableupdate":"","_lmt_disable":"","_themeisle_gutenberg_block_has_review":false,"footnotes":""},"categories":[4,163],"tags":[],"class_list":["post-249","post","type-post","status-publish","format-standard","hentry","category-jahrgang-2002","category-januar-jahrgang-2002"],"aioseo_notices":[],"_links":{"self":[{"href":"https:\/\/zeichensetzen-online.de\/index.php\/wp-json\/wp\/v2\/posts\/249","targetHints":{"allow":["GET"]}}],"collection":[{"href":"https:\/\/zeichensetzen-online.de\/index.php\/wp-json\/wp\/v2\/posts"}],"about":[{"href":"https:\/\/zeichensetzen-online.de\/index.php\/wp-json\/wp\/v2\/types\/post"}],"author":[{"embeddable":true,"href":"https:\/\/zeichensetzen-online.de\/index.php\/wp-json\/wp\/v2\/users\/1"}],"replies":[{"embeddable":true,"href":"https:\/\/zeichensetzen-online.de\/index.php\/wp-json\/wp\/v2\/comments?post=249"}],"version-history":[{"count":18,"href":"https:\/\/zeichensetzen-online.de\/index.php\/wp-json\/wp\/v2\/posts\/249\/revisions"}],"predecessor-version":[{"id":3993,"href":"https:\/\/zeichensetzen-online.de\/index.php\/wp-json\/wp\/v2\/posts\/249\/revisions\/3993"}],"wp:attachment":[{"href":"https:\/\/zeichensetzen-online.de\/index.php\/wp-json\/wp\/v2\/media?parent=249"}],"wp:term":[{"taxonomy":"category","embeddable":true,"href":"https:\/\/zeichensetzen-online.de\/index.php\/wp-json\/wp\/v2\/categories?post=249"},{"taxonomy":"post_tag","embeddable":true,"href":"https:\/\/zeichensetzen-online.de\/index.php\/wp-json\/wp\/v2\/tags?post=249"}],"curies":[{"name":"wp","href":"https:\/\/api.w.org\/{rel}","templated":true}]}}