{"id":1212,"date":"2019-12-11T18:22:03","date_gmt":"2019-12-11T17:22:03","guid":{"rendered":"https:\/\/zeichensetzen-online.de\/?p=1212"},"modified":"2025-03-20T20:41:05","modified_gmt":"2025-03-20T19:41:05","slug":"leben-mit-usher","status":"publish","type":"post","link":"https:\/\/zeichensetzen-online.de\/index.php\/2019\/12\/11\/leben-mit-usher\/","title":{"rendered":"Leben mit Usher"},"content":{"rendered":"\t\t<div data-elementor-type=\"wp-post\" data-elementor-id=\"1212\" class=\"elementor elementor-1212\">\n\t\t\t\t\t\t<section class=\"penci-section penci-disSticky penci-structure-10 elementor-section elementor-top-section elementor-element elementor-element-1201fe7 elementor-section-boxed elementor-section-height-default elementor-section-height-default\" data-id=\"1201fe7\" data-element_type=\"section\" data-e-type=\"section\">\n\t\t\t\t\t\t<div class=\"elementor-container elementor-column-gap-default\">\n\t\t\t\t\t<div class=\"penci-ercol-100 penci-ercol-order-1 penci-sticky-ct    elementor-column elementor-col-100 elementor-top-column elementor-element elementor-element-5e24a04\" data-id=\"5e24a04\" data-element_type=\"column\" data-e-type=\"column\">\n\t\t\t<div class=\"elementor-widget-wrap elementor-element-populated\">\n\t\t\t\t\t\t<div class=\"elementor-element elementor-element-e03be14 elementor-widget elementor-widget-penci-fancy_heading\" data-id=\"e03be14\" data-element_type=\"widget\" data-e-type=\"widget\" data-widget_type=\"penci-fancy_heading.default\">\n\t\t\t\t<div class=\"elementor-widget-container\">\n\t\t\t\t\t\t\t<div class=\"penci-fancy-heading penci-heading-text-left pc-fctline\">\n\t\t\t<div class=\"penci-fancy-heading-inner\">\n\t\t\t\t<div class=\"penci-heading-subtitle\">Kofo Essen 11.12.2019<\/div><h2 class=\"penci-heading-title\"><span class=\"inner-tit\">Leben mit Usher<\/span><\/h2><div class=\"penci-separator penci-separator- penci-separator-left\"><span class=\"penci-sep_holder penci-sep_holder_l\"><span class=\"penci-sep_line\"><\/span><\/span><span class=\"penci-sep_holder penci-sep_holder_r\"><span class=\"penci-sep_line\"><\/span><\/span><\/div><div class=\"penci-heading-content entry-content\"><p>Referenten: Uwe Zelle (Fachberater f\u00fcr Taubblinde, Deutsche Gesellschaft f\u00fcr Taubblindheit)<br \/>\nSascha Ritter, Karim El Mayati (usher-taubblinde jugend)<\/p>\n<\/div>\t\t\t<\/div>\n\t\t<\/div>\n\t\t\t\t\t\t<\/div>\n\t\t\t\t<\/div>\n\t\t\t\t\t<\/div>\n\t\t<\/div>\n\t\t\t\t\t<\/div>\n\t\t<\/section>\n\t\t\t\t<section class=\"penci-section penci-disSticky penci-structure-10 elementor-section elementor-top-section elementor-element elementor-element-6e26a95 elementor-section-boxed elementor-section-height-default elementor-section-height-default\" data-id=\"6e26a95\" data-element_type=\"section\" data-e-type=\"section\">\n\t\t\t\t\t\t<div class=\"elementor-container elementor-column-gap-default\">\n\t\t\t\t\t<div class=\"penci-ercol-100 penci-ercol-order-1 penci-sticky-ct    elementor-column elementor-col-100 elementor-top-column elementor-element elementor-element-92e5d4a\" data-id=\"92e5d4a\" data-element_type=\"column\" data-e-type=\"column\">\n\t\t\t<div class=\"elementor-widget-wrap elementor-element-populated\">\n\t\t\t\t\t\t<div class=\"elementor-element elementor-element-7625294 elementor-widget elementor-widget-image\" data-id=\"7625294\" data-element_type=\"widget\" data-e-type=\"widget\" data-widget_type=\"image.default\">\n\t\t\t\t\t\t\t\t\t\t\t\t\t\t\t<img fetchpriority=\"high\" decoding=\"async\" width=\"750\" height=\"250\" src=\"https:\/\/zeichensetzen-online.de\/wp-content\/uploads\/2019\/12\/mainphotos111219.jpg\" class=\"attachment-large size-large wp-image-2141\" alt=\"Kofo Leben mit Usher\" srcset=\"https:\/\/zeichensetzen-online.de\/wp-content\/uploads\/2019\/12\/mainphotos111219.jpg 750w, https:\/\/zeichensetzen-online.de\/wp-content\/uploads\/2019\/12\/mainphotos111219-300x100.jpg 300w, https:\/\/zeichensetzen-online.de\/wp-content\/uploads\/2019\/12\/mainphotos111219-585x195.jpg 585w\" sizes=\"(max-width: 750px) 100vw, 750px\" \/>\t\t\t\t\t\t\t\t\t\t\t\t\t\t\t<\/div>\n\t\t\t\t\t<\/div>\n\t\t<\/div>\n\t\t\t\t\t<\/div>\n\t\t<\/section>\n\t\t\t\t<section class=\"penci-section penci-disSticky penci-structure-10 elementor-section elementor-top-section elementor-element elementor-element-a4a5d4d elementor-section-boxed elementor-section-height-default elementor-section-height-default\" data-id=\"a4a5d4d\" data-element_type=\"section\" data-e-type=\"section\">\n\t\t\t\t\t\t<div class=\"elementor-container elementor-column-gap-default\">\n\t\t\t\t\t<div class=\"penci-ercol-100 penci-ercol-order-1 penci-sticky-ct    elementor-column elementor-col-100 elementor-top-column elementor-element elementor-element-2c2d2a2\" data-id=\"2c2d2a2\" data-element_type=\"column\" data-e-type=\"column\">\n\t\t\t<div class=\"elementor-widget-wrap elementor-element-populated\">\n\t\t\t\t\t\t<div class=\"elementor-element elementor-element-62b9760 elementor-widget elementor-widget-text-editor\" data-id=\"62b9760\" data-element_type=\"widget\" data-e-type=\"widget\" data-widget_type=\"text-editor.default\">\n\t\t\t\t\t\t\t\t\t<p>\u00dcber 60 Besucherinnen und Besucher kamen zu diesem Kofo-Abend im Dezember. Darunter waren auch mehrere taubblinde G\u00e4ste mit ihren Assistenten.<\/p><p><b>Uwe Zelle<\/b> begann seinen Vortrag mit einer kurzen <b>Vorstellung<\/b>: Er ist taub geboren, schon fr\u00fch wurde bei ihm eine Sehbehinderung festgestellt. In seinem Ausbildungsberuf Bauzeichner war er nur kurze Zeit t\u00e4tig. Er beschloss daraufhin, beruflich und ehrenamtlich mit tauben Menschen zu arbeiten. Dem Kofo Essen, das in diesem Jahr 25-j\u00e4hriges Jubil\u00e4um feiern konnte, f\u00fchlt er sich besonders verbunden: Er hat es 1994 mit gegr\u00fcndet.<\/p><p>Heute ist er staatlich anerkannter Geb\u00e4rdensprachdozent und war an verschiedenen Projekten der RWTH Aachen (Kompetenzzentrum SignGes)\u00a0 und der Universit\u00e4t K\u00f6ln beteiligt. Aktuell arbeitet er als Mitarbeiter im Projekt DeafMentoring der Universit\u00e4t K\u00f6ln und als EUTB-Fachberater bei der Deutschen Gesellschaft f\u00fcr Taubblinde (DGfT) in Essen. Au\u00dferdem ist er ehrenamtlich im Bereich Taubblindheit aktiv.<\/p><p>Anschlie\u00dfend erkl\u00e4rte der Referent die Arbeit der <b>EUTB<\/b> (=Erg\u00e4nzende unabh\u00e4ngige Teilhabeberatung): Hier findet \u2013 in Erg\u00e4nzung zu anderen Stellen &#8211; Beratung \u201evon Betroffenen f\u00fcr Betroffene\u201c statt, ganz nach den individuellen Bed\u00fcrfnissen der Ratsuchenden. Das EUTB-B\u00fcro\u00a0 f\u00fcr taubblinde und h\u00f6rsehbehinderte Menschen befindet sich bei der DGfT im Haus der Technik in Essen, die Beratung kann aber auch bei Bedarf bei den Ratsuchenden zu Hause oder \u00fcber Telefon und Skype durchgef\u00fchrt werden. Alle Beraterinnen und Berater k\u00f6nnen geb\u00e4rden, taktil geb\u00e4rden und lormen und haben Schweigepflicht. Uwe erl\u00e4uterte die umfangreichen Beratungsinhalte \u2013 man kann sie auf der Website der DGfT (siehe unten) nachlesen.<\/p><p>Dritter Schwerpunkt von Uwes Vortrag war das <b>Leben mit Usher<\/b> am Beispiel seines privaten und beruflichen Werdegangs. Hier nur wenige Punkte seiner interessanten Schilderung: Obwohl seine Sehbehinderung schon fr\u00fch festgestellt wurde, erfuhr er erst als 23-J\u00e4hriger den Namen: Usher. Bis heute f\u00fchlt er sich aber der Geh\u00f6rlosenwelt und der Geb\u00e4rdensprachgemeinschaft zugeh\u00f6rig. Besonders durch seine ehrenamtliche T\u00e4tigkeit hat Uwe viele Betroffene auf nationalen und internationalen Treffen kennen gelernt. Auch politisch gab es Erfolge: z.B. die Ausbildung der Taubblindenassistenten und die Einf\u00fchrung des Merkzeichens TBl im Schwerbehindertenausweis. So kann er insgesamt ein positives Fazit ziehen.<\/p><p>Anschlie\u00dfend berichteten <b>Karim El Mayati <\/b>und <b>Sascha Ritter<\/b> kurz \u00fcber ihr Leben mit Usher und \u00fcber die Gr\u00fcndung und Aktivit\u00e4ten der <b>usher-taubblinden Jugend NRW<\/b>. Die Gruppe wurde 2016 gegr\u00fcndet und ist beheimatet in K\u00f6ln und Umgebung. Sie bietet aber gemeinsame Aktivit\u00e4ten und Austausch f\u00fcr taubblinde und h\u00f6rsehbehinderte junge Menschen in ganz NRW an. So unternahmen sie z.B. Ausfl\u00fcge nach Hamburg und D\u00fcsseldorf und treffen sich regelm\u00e4\u00dfig zu Freizeitaktivit\u00e4ten.\u00a0 Die Form der Kommunikation ist je nach Bedarf unterschiedlich: DGS und taktile Geb\u00e4rdensprache, Lautsprache und LBG, Lormen und Brailleschrift \u2013 Alle sind willkommen.\u00a0 Auf der Website der Gruppe (siehe unten) ist auch ein eindrucksvolles Video \u00fcber ihre Unternehmungen verlinkt.<\/p><p>In der <b>Diskussion<\/b> gab es u.a. Fragen zur Ausbildung und Anzahl der Taubblindenassistenten in Deutschland und Europa und insbesondere zu den Aktivit\u00e4ten und zur Kommunikation der Jugendgruppe.<\/p><p><b>Links:<\/b><br \/>EUTB-Beratungsstelle:\u00a0 <a href=\"https:\/\/www.gesellschaft-taubblindheit.de\/\" target=\"_blank\" rel=\"noopener\">www.gesellschaft-taubblindheit.de<\/a><br \/>Usher-taubblinde Jugend NRW: <a href=\"https:\/\/leben-mit-usher.de\/usher-jugend\/\" target=\"_blank\" rel=\"noopener\">leben-mit-usher.de\/usher-jugend<\/a><\/p>\t\t\t\t\t\t\t\t<\/div>\n\t\t\t\t\t<\/div>\n\t\t<\/div>\n\t\t\t\t\t<\/div>\n\t\t<\/section>\n\t\t\t\t<section class=\"penci-section penci-disSticky penci-structure-20 elementor-section elementor-top-section elementor-element elementor-element-6111e18 elementor-section-boxed elementor-section-height-default elementor-section-height-default\" data-id=\"6111e18\" data-element_type=\"section\" data-e-type=\"section\">\n\t\t\t\t\t\t<div class=\"elementor-container elementor-column-gap-default\">\n\t\t\t\t\t<div class=\"penci-ercol-50 penci-ercol-order-1 penci-sticky-ct    elementor-column elementor-col-50 elementor-top-column elementor-element elementor-element-e407b1a\" data-id=\"e407b1a\" data-element_type=\"column\" data-e-type=\"column\">\n\t\t\t<div class=\"elementor-widget-wrap elementor-element-populated\">\n\t\t\t\t\t\t<div class=\"elementor-element elementor-element-0224091 elementor-widget elementor-widget-text-editor\" data-id=\"0224091\" data-element_type=\"widget\" data-e-type=\"widget\" data-widget_type=\"text-editor.default\">\n\t\t\t\t\t\t\t\t\t<p style=\"font-size: 14px; text-align: start; font-family: Roboto, sans-serif; font-weight: 400; color: #7a7a7a;\">Moderation:<br \/>Katrin M\u00fcller<\/p><p style=\"font-size: 14px; text-align: start; font-family: Roboto, sans-serif; font-weight: 400; color: #7a7a7a;\">Geb\u00e4rdensprachdolmetschen:<br \/>Bastienne Blatz, Sandra Wolfien (<a href=\"https:\/\/skarabee.de\/\" target=\"_blank\" rel=\"noopener\">Skarabee<\/a>)<\/p><p style=\"font-size: 14px; text-align: start; font-family: Roboto, sans-serif; font-weight: 400; color: #7a7a7a;\">Schriftdolmetschen:<br \/>Cornelia Krajewski, Mario Kaul<\/p><p style=\"font-size: 14px; text-align: start; font-family: Roboto, sans-serif; font-weight: 400; color: #7a7a7a;\">Fotos:<br \/>Kofoteam<\/p>\t\t\t\t\t\t\t\t<\/div>\n\t\t\t\t\t<\/div>\n\t\t<\/div>\n\t\t\t\t<div class=\"penci-ercol-50 penci-ercol-order-2 penci-sticky-ct    elementor-column elementor-col-50 elementor-top-column elementor-element elementor-element-701a2a5\" data-id=\"701a2a5\" data-element_type=\"column\" data-e-type=\"column\">\n\t\t\t<div class=\"elementor-widget-wrap elementor-element-populated\">\n\t\t\t\t\t\t<div class=\"elementor-element elementor-element-690a077 elementor-widget elementor-widget-image\" data-id=\"690a077\" data-element_type=\"widget\" data-e-type=\"widget\" data-widget_type=\"image.default\">\n\t\t\t\t\t\t\t\t\t\t\t\t\t\t\t<img decoding=\"async\" width=\"739\" height=\"1024\" src=\"https:\/\/zeichensetzen-online.de\/wp-content\/uploads\/2017\/02\/leben-mit-usher_2019-739x1024.jpg\" class=\"attachment-large size-large wp-image-3666\" alt=\"Leben mit Usher\" srcset=\"https:\/\/zeichensetzen-online.de\/wp-content\/uploads\/2017\/02\/leben-mit-usher_2019-739x1024.jpg 739w, https:\/\/zeichensetzen-online.de\/wp-content\/uploads\/2017\/02\/leben-mit-usher_2019-217x300.jpg 217w, https:\/\/zeichensetzen-online.de\/wp-content\/uploads\/2017\/02\/leben-mit-usher_2019-768x1064.jpg 768w, https:\/\/zeichensetzen-online.de\/wp-content\/uploads\/2017\/02\/leben-mit-usher_2019-585x810.jpg 585w, https:\/\/zeichensetzen-online.de\/wp-content\/uploads\/2017\/02\/leben-mit-usher_2019.jpg 1000w\" sizes=\"(max-width: 739px) 100vw, 739px\" \/>\t\t\t\t\t\t\t\t\t\t\t\t\t\t\t<\/div>\n\t\t\t\t\t<\/div>\n\t\t<\/div>\n\t\t\t\t\t<\/div>\n\t\t<\/section>\n\t\t\t\t<\/div>\n\t\t","protected":false},"excerpt":{"rendered":"<p>Kofo Essen 11.12.2019 Leben mit Usher Referenten: Uwe Zelle (Fachberater f\u00fcr Taubblinde, Deutsche Gesellschaft f\u00fcr Taubblindheit) Sascha Ritter, Karim El Mayati (usher-taubblinde jugend) \u00dcber 60 Besucherinnen und Besucher kamen zu&hellip;<\/p>\n","protected":false},"author":1,"featured_media":3666,"comment_status":"closed","ping_status":"open","sticky":false,"template":"","format":"standard","meta":{"content-type":"","_lmt_disableupdate":"","_lmt_disable":"","_themeisle_gutenberg_block_has_review":false,"footnotes":""},"categories":[21,49],"tags":[],"class_list":["post-1212","post","type-post","status-publish","format-standard","has-post-thumbnail","hentry","category-jahrgang-2019","category-dezember-jahrgang-2019"],"aioseo_notices":[],"_links":{"self":[{"href":"https:\/\/zeichensetzen-online.de\/index.php\/wp-json\/wp\/v2\/posts\/1212","targetHints":{"allow":["GET"]}}],"collection":[{"href":"https:\/\/zeichensetzen-online.de\/index.php\/wp-json\/wp\/v2\/posts"}],"about":[{"href":"https:\/\/zeichensetzen-online.de\/index.php\/wp-json\/wp\/v2\/types\/post"}],"author":[{"embeddable":true,"href":"https:\/\/zeichensetzen-online.de\/index.php\/wp-json\/wp\/v2\/users\/1"}],"replies":[{"embeddable":true,"href":"https:\/\/zeichensetzen-online.de\/index.php\/wp-json\/wp\/v2\/comments?post=1212"}],"version-history":[{"count":24,"href":"https:\/\/zeichensetzen-online.de\/index.php\/wp-json\/wp\/v2\/posts\/1212\/revisions"}],"predecessor-version":[{"id":5101,"href":"https:\/\/zeichensetzen-online.de\/index.php\/wp-json\/wp\/v2\/posts\/1212\/revisions\/5101"}],"wp:featuredmedia":[{"embeddable":true,"href":"https:\/\/zeichensetzen-online.de\/index.php\/wp-json\/wp\/v2\/media\/3666"}],"wp:attachment":[{"href":"https:\/\/zeichensetzen-online.de\/index.php\/wp-json\/wp\/v2\/media?parent=1212"}],"wp:term":[{"taxonomy":"category","embeddable":true,"href":"https:\/\/zeichensetzen-online.de\/index.php\/wp-json\/wp\/v2\/categories?post=1212"},{"taxonomy":"post_tag","embeddable":true,"href":"https:\/\/zeichensetzen-online.de\/index.php\/wp-json\/wp\/v2\/tags?post=1212"}],"curies":[{"name":"wp","href":"https:\/\/api.w.org\/{rel}","templated":true}]}}