{"id":1194,"date":"2019-05-04T18:11:21","date_gmt":"2019-05-04T16:11:21","guid":{"rendered":"https:\/\/zeichensetzen-online.de\/?p=1194"},"modified":"2025-03-20T20:46:21","modified_gmt":"2025-03-20T19:46:21","slug":"soziale-isolation-bei-aelteren-gehoerlosen","status":"publish","type":"post","link":"https:\/\/zeichensetzen-online.de\/index.php\/2019\/05\/04\/soziale-isolation-bei-aelteren-gehoerlosen\/","title":{"rendered":"Soziale Isolation bei \u00e4lteren Geh\u00f6rlosen"},"content":{"rendered":"\t\t<div data-elementor-type=\"wp-post\" data-elementor-id=\"1194\" class=\"elementor elementor-1194\">\n\t\t\t\t\t\t<section class=\"penci-section penci-disSticky penci-structure-10 elementor-section elementor-top-section elementor-element elementor-element-9e9b425 elementor-section-boxed elementor-section-height-default elementor-section-height-default\" data-id=\"9e9b425\" data-element_type=\"section\" data-e-type=\"section\">\n\t\t\t\t\t\t<div class=\"elementor-container elementor-column-gap-default\">\n\t\t\t\t\t<div class=\"penci-ercol-100 penci-ercol-order-1 penci-sticky-ct    elementor-column elementor-col-100 elementor-top-column elementor-element elementor-element-2619d79\" data-id=\"2619d79\" data-element_type=\"column\" data-e-type=\"column\">\n\t\t\t<div class=\"elementor-widget-wrap elementor-element-populated\">\n\t\t\t\t\t\t<div class=\"elementor-element elementor-element-fb90a13 elementor-widget elementor-widget-penci-fancy_heading\" data-id=\"fb90a13\" data-element_type=\"widget\" data-e-type=\"widget\" data-widget_type=\"penci-fancy_heading.default\">\n\t\t\t\t<div class=\"elementor-widget-container\">\n\t\t\t\t\t\t\t<div class=\"penci-fancy-heading penci-heading-text-left pc-fctline\">\n\t\t\t<div class=\"penci-fancy-heading-inner\">\n\t\t\t\t<div class=\"penci-heading-subtitle\">Kofo Essen 04.05.2019 (15.30 - 18.30)<\/div><h2 class=\"penci-heading-title\"><span class=\"inner-tit\">Soziale Isolation bei \u00e4lteren Geh\u00f6rlosen<\/span><\/h2><div class=\"penci-separator penci-separator- penci-separator-left\"><span class=\"penci-sep_holder penci-sep_holder_l\"><span class=\"penci-sep_line\"><\/span><\/span><span class=\"penci-sep_holder penci-sep_holder_r\"><span class=\"penci-sep_line\"><\/span><\/span><\/div><div class=\"penci-heading-content entry-content\"><p>Marcus Willam (N\u00fcrnberg)<\/p>\n<\/div>\t\t\t<\/div>\n\t\t<\/div>\n\t\t\t\t\t\t<\/div>\n\t\t\t\t<\/div>\n\t\t\t\t\t<\/div>\n\t\t<\/div>\n\t\t\t\t\t<\/div>\n\t\t<\/section>\n\t\t\t\t<section class=\"penci-section penci-disSticky penci-structure-10 elementor-section elementor-top-section elementor-element elementor-element-67efae6 elementor-section-boxed elementor-section-height-default elementor-section-height-default\" data-id=\"67efae6\" data-element_type=\"section\" data-e-type=\"section\">\n\t\t\t\t\t\t<div class=\"elementor-container elementor-column-gap-default\">\n\t\t\t\t\t<div class=\"penci-ercol-100 penci-ercol-order-1 penci-sticky-ct    elementor-column elementor-col-100 elementor-top-column elementor-element elementor-element-5471469\" data-id=\"5471469\" data-element_type=\"column\" data-e-type=\"column\">\n\t\t\t<div class=\"elementor-widget-wrap elementor-element-populated\">\n\t\t\t\t\t\t<div class=\"elementor-element elementor-element-bf3df52 elementor-widget elementor-widget-image\" data-id=\"bf3df52\" data-element_type=\"widget\" data-e-type=\"widget\" data-widget_type=\"image.default\">\n\t\t\t\t\t\t\t\t\t\t\t\t\t\t\t<img fetchpriority=\"high\" decoding=\"async\" width=\"750\" height=\"250\" src=\"https:\/\/zeichensetzen-online.de\/wp-content\/uploads\/2019\/05\/mainphotos040519.jpg\" class=\"attachment-large size-large wp-image-2154\" alt=\"Kofo Soziale Isolation bei \u00e4lteren Geh\u00f6rlosen\" srcset=\"https:\/\/zeichensetzen-online.de\/wp-content\/uploads\/2019\/05\/mainphotos040519.jpg 750w, https:\/\/zeichensetzen-online.de\/wp-content\/uploads\/2019\/05\/mainphotos040519-300x100.jpg 300w, https:\/\/zeichensetzen-online.de\/wp-content\/uploads\/2019\/05\/mainphotos040519-585x195.jpg 585w\" sizes=\"(max-width: 750px) 100vw, 750px\" \/>\t\t\t\t\t\t\t\t\t\t\t\t\t\t\t<\/div>\n\t\t\t\t\t<\/div>\n\t\t<\/div>\n\t\t\t\t\t<\/div>\n\t\t<\/section>\n\t\t\t\t<section class=\"penci-section penci-disSticky penci-structure-10 elementor-section elementor-top-section elementor-element elementor-element-8e7a44f elementor-section-boxed elementor-section-height-default elementor-section-height-default\" data-id=\"8e7a44f\" data-element_type=\"section\" data-e-type=\"section\">\n\t\t\t\t\t\t<div class=\"elementor-container elementor-column-gap-default\">\n\t\t\t\t\t<div class=\"penci-ercol-100 penci-ercol-order-1 penci-sticky-ct    elementor-column elementor-col-100 elementor-top-column elementor-element elementor-element-dd6c6bd\" data-id=\"dd6c6bd\" data-element_type=\"column\" data-e-type=\"column\">\n\t\t\t<div class=\"elementor-widget-wrap elementor-element-populated\">\n\t\t\t\t\t\t<div class=\"elementor-element elementor-element-a3a7ea8 elementor-widget elementor-widget-text-editor\" data-id=\"a3a7ea8\" data-element_type=\"widget\" data-e-type=\"widget\" data-widget_type=\"text-editor.default\">\n\t\t\t\t\t\t\t\t\t<p class=\"auto-style34\">Mehr als 120 Besucherinnen und Besucher kamen ins P\u00e4dagogische Zentrum des Rhein.-Westf. Berufskollegs, um Marcus Willams Vortrag anzuschauen. Der Referent hatte zu diesem Thema bereits 27 gut besuchte Vortr\u00e4ge an Orten in ganz Deutschland gehalten.<\/p><p class=\"auto-style34\">Marcus Willam arbeitet hauptberuflich als Arbeitserzieher und nebenberuflich als Pantomime und Schauspieler. Dieses Talent setzte er auch bei seinem Vortrag ein: Gebannt verfolgten die geh\u00f6rlosen G\u00e4ste seinen ausdrucksstarken B\u00fchnenauftritt.<\/p><p class=\"auto-style34\">Marcus holte weit aus: Er geb\u00e4rdete sehr ausf\u00fchrlich \u00fcber Bev\u00f6lkerungsentwicklung, P\u00e4dagogik, sozialwirtschaftliche Entwicklung, Struktur der Geh\u00f6rlosengemeinschaft, Entwicklung der Vereine. Damit wollte er wohl seinem Vortrag eine gute Grundlage geben. Aber es ist zu viel, nicht immer sachlich richtig und man verliert das Vortragsthema aus dem Blick. Als er \u00fcber &#8220;Vereine&#8221; geb\u00e4rdete,\u00a0 wurde er deutlich: Nur starke Vereine k\u00f6nnten politisch etwas bewirken &#8211; wie die Zukunftsperspektive f\u00fcr geh\u00f6rlose Senioren verbessern. Er brachte zahlreiche Beispiele f\u00fcr die fehlende Unterst\u00fctzung: z.B. haben einige Geh\u00f6rlose kein Problem, lebenslang f\u00fcr den ADAC zu zahlen, auch wenn sie ihn vielleicht nur einmal in Anspruch nehmen, aber \u00e4rgern sich, wenn der \u00f6rtliche Geh\u00f6rlosenverein die Beitr\u00e4ge um einen geringen Anteil erh\u00f6ht. Vorst\u00e4ndler, die ja ehrenamtlich t\u00e4tig sind, werden f\u00fcr ihre Arbeit hart kritisiert.<\/p><p class=\"auto-style34\">Marcus betonte, dass eine gute Zukunftsplanung besonders wichtig f\u00fcr die Generation der jetzt 30- bis 50-J\u00e4hrigen\u00a0 ist.<\/p><p class=\"auto-style34\">Leider blieb zu wenig Zeit, um solche positiven Zukunftsperspektiven zu entwickeln. Die letzten Folien der Pr\u00e4sentation wurden sehr schnell vorgetragen.<\/p><p class=\"auto-style34\">Schade war auch, dass aus zeitlichen Gr\u00fcnden auf eine Diskussion verzichtet werden musste. Fachleute sa\u00dfen im Publikum und h\u00e4tten sicherlich mit ihren Erfahrungen eine wichtige Erg\u00e4nzung gegeben. Aber &#8211; wie wir erfuhren &#8211; fand die Diskussion anschlie\u00dfend in alter Tradition in einer benachbarten Gastwirtschaft statt \ud83d\ude42<\/p>\t\t\t\t\t\t\t\t<\/div>\n\t\t\t\t\t<\/div>\n\t\t<\/div>\n\t\t\t\t\t<\/div>\n\t\t<\/section>\n\t\t\t\t<section class=\"penci-section penci-disSticky penci-structure-10 elementor-section elementor-top-section elementor-element elementor-element-951c8fb elementor-section-boxed elementor-section-height-default elementor-section-height-default\" data-id=\"951c8fb\" data-element_type=\"section\" data-e-type=\"section\">\n\t\t\t\t\t\t<div class=\"elementor-container elementor-column-gap-default\">\n\t\t\t\t\t<div class=\"penci-ercol-100 penci-ercol-order-1 penci-sticky-ct    elementor-column elementor-col-100 elementor-top-column elementor-element elementor-element-b76ff3e\" data-id=\"b76ff3e\" data-element_type=\"column\" data-e-type=\"column\">\n\t\t\t<div class=\"elementor-widget-wrap elementor-element-populated\">\n\t\t\t\t\t\t<div class=\"elementor-element elementor-element-84de84e elementor-widget elementor-widget-spacer\" data-id=\"84de84e\" data-element_type=\"widget\" data-e-type=\"widget\" data-widget_type=\"spacer.default\">\n\t\t\t\t\t\t\t<div class=\"elementor-spacer\">\n\t\t\t<div class=\"elementor-spacer-inner\"><\/div>\n\t\t<\/div>\n\t\t\t\t\t\t<\/div>\n\t\t\t\t\t<\/div>\n\t\t<\/div>\n\t\t\t\t\t<\/div>\n\t\t<\/section>\n\t\t\t\t<section class=\"penci-section penci-disSticky penci-structure-20 elementor-section elementor-top-section elementor-element elementor-element-e786f1b elementor-section-boxed elementor-section-height-default elementor-section-height-default\" data-id=\"e786f1b\" data-element_type=\"section\" data-e-type=\"section\">\n\t\t\t\t\t\t<div class=\"elementor-container elementor-column-gap-default\">\n\t\t\t\t\t<div class=\"penci-ercol-50 penci-ercol-order-1 penci-sticky-ct    elementor-column elementor-col-50 elementor-top-column elementor-element elementor-element-38df88d\" data-id=\"38df88d\" data-element_type=\"column\" data-e-type=\"column\">\n\t\t\t<div class=\"elementor-widget-wrap elementor-element-populated\">\n\t\t\t\t\t\t<div class=\"elementor-element elementor-element-e7f768f elementor-widget elementor-widget-text-editor\" data-id=\"e7f768f\" data-element_type=\"widget\" data-e-type=\"widget\" data-widget_type=\"text-editor.default\">\n\t\t\t\t\t\t\t\t\t<p style=\"font-size: 14px; text-align: start; font-family: Roboto, sans-serif; font-weight: 400; color: #7a7a7a;\">Moderation:<br \/>Ralf Kirchhoff \/ Katrin M\u00fcller<\/p><p style=\"font-size: 14px; text-align: start; font-family: Roboto, sans-serif; font-weight: 400; color: #7a7a7a;\">Geb\u00e4rdensprachdolmetschen:<br \/>Sandra Wolfien, Magdalena Meisen (<a href=\"https:\/\/skarabee.de\/\" target=\"_blank\" rel=\"noopener\">Skarabee<\/a>)<\/p><p style=\"font-size: 14px; text-align: start; font-family: Roboto, sans-serif; font-weight: 400; color: #7a7a7a;\">Schriftdolmetschen:<br \/>Stefan Lange, Cornelia Krajewski<\/p><p style=\"font-size: 14px; text-align: start; font-family: Roboto, sans-serif; font-weight: 400; color: #7a7a7a;\">Fotos:<br \/>Kofoteam<\/p>\t\t\t\t\t\t\t\t<\/div>\n\t\t\t\t\t<\/div>\n\t\t<\/div>\n\t\t\t\t<div class=\"penci-ercol-50 penci-ercol-order-2 penci-sticky-ct    elementor-column elementor-col-50 elementor-top-column elementor-element elementor-element-7d67d3f\" data-id=\"7d67d3f\" data-element_type=\"column\" data-e-type=\"column\">\n\t\t\t<div class=\"elementor-widget-wrap elementor-element-populated\">\n\t\t\t\t\t\t<div class=\"elementor-element elementor-element-aa19751 elementor-widget elementor-widget-image\" data-id=\"aa19751\" data-element_type=\"widget\" data-e-type=\"widget\" data-widget_type=\"image.default\">\n\t\t\t\t\t\t\t\t\t\t\t\t\t\t\t<img decoding=\"async\" width=\"724\" height=\"1024\" src=\"https:\/\/zeichensetzen-online.de\/wp-content\/uploads\/2017\/02\/soziale-isolation-bei-gl_2019-724x1024.jpg\" class=\"attachment-large size-large wp-image-3674\" alt=\"Soziale Isolation bei \u00e4lteren Geh\u00f6rlosen\" srcset=\"https:\/\/zeichensetzen-online.de\/wp-content\/uploads\/2017\/02\/soziale-isolation-bei-gl_2019-724x1024.jpg 724w, https:\/\/zeichensetzen-online.de\/wp-content\/uploads\/2017\/02\/soziale-isolation-bei-gl_2019-212x300.jpg 212w, https:\/\/zeichensetzen-online.de\/wp-content\/uploads\/2017\/02\/soziale-isolation-bei-gl_2019-768x1086.jpg 768w, https:\/\/zeichensetzen-online.de\/wp-content\/uploads\/2017\/02\/soziale-isolation-bei-gl_2019-585x827.jpg 585w, https:\/\/zeichensetzen-online.de\/wp-content\/uploads\/2017\/02\/soziale-isolation-bei-gl_2019.jpg 1000w\" sizes=\"(max-width: 724px) 100vw, 724px\" \/>\t\t\t\t\t\t\t\t\t\t\t\t\t\t\t<\/div>\n\t\t\t\t\t<\/div>\n\t\t<\/div>\n\t\t\t\t\t<\/div>\n\t\t<\/section>\n\t\t\t\t<\/div>\n\t\t","protected":false},"excerpt":{"rendered":"<p>Kofo Essen 04.05.2019 (15.30 &#8211; 18.30) Soziale Isolation bei \u00e4lteren Geh\u00f6rlosen Marcus Willam (N\u00fcrnberg) Mehr als 120 Besucherinnen und Besucher kamen ins P\u00e4dagogische Zentrum des Rhein.-Westf. Berufskollegs, um Marcus Willams&hellip;<\/p>\n","protected":false},"author":1,"featured_media":3674,"comment_status":"closed","ping_status":"open","sticky":false,"template":"","format":"standard","meta":{"content-type":"","_lmt_disableupdate":"","_lmt_disable":"","_themeisle_gutenberg_block_has_review":false,"footnotes":""},"categories":[21,46],"tags":[],"class_list":["post-1194","post","type-post","status-publish","format-standard","has-post-thumbnail","hentry","category-jahrgang-2019","category-mai-jahrgang-2019"],"aioseo_notices":[],"_links":{"self":[{"href":"https:\/\/zeichensetzen-online.de\/index.php\/wp-json\/wp\/v2\/posts\/1194","targetHints":{"allow":["GET"]}}],"collection":[{"href":"https:\/\/zeichensetzen-online.de\/index.php\/wp-json\/wp\/v2\/posts"}],"about":[{"href":"https:\/\/zeichensetzen-online.de\/index.php\/wp-json\/wp\/v2\/types\/post"}],"author":[{"embeddable":true,"href":"https:\/\/zeichensetzen-online.de\/index.php\/wp-json\/wp\/v2\/users\/1"}],"replies":[{"embeddable":true,"href":"https:\/\/zeichensetzen-online.de\/index.php\/wp-json\/wp\/v2\/comments?post=1194"}],"version-history":[{"count":21,"href":"https:\/\/zeichensetzen-online.de\/index.php\/wp-json\/wp\/v2\/posts\/1194\/revisions"}],"predecessor-version":[{"id":5111,"href":"https:\/\/zeichensetzen-online.de\/index.php\/wp-json\/wp\/v2\/posts\/1194\/revisions\/5111"}],"wp:featuredmedia":[{"embeddable":true,"href":"https:\/\/zeichensetzen-online.de\/index.php\/wp-json\/wp\/v2\/media\/3674"}],"wp:attachment":[{"href":"https:\/\/zeichensetzen-online.de\/index.php\/wp-json\/wp\/v2\/media?parent=1194"}],"wp:term":[{"taxonomy":"category","embeddable":true,"href":"https:\/\/zeichensetzen-online.de\/index.php\/wp-json\/wp\/v2\/categories?post=1194"},{"taxonomy":"post_tag","embeddable":true,"href":"https:\/\/zeichensetzen-online.de\/index.php\/wp-json\/wp\/v2\/tags?post=1194"}],"curies":[{"name":"wp","href":"https:\/\/api.w.org\/{rel}","templated":true}]}}