{"id":1184,"date":"2019-03-13T18:05:10","date_gmt":"2019-03-13T17:05:10","guid":{"rendered":"https:\/\/zeichensetzen-online.de\/?p=1184"},"modified":"2025-03-20T20:49:48","modified_gmt":"2025-03-20T19:49:48","slug":"der-lange-weg-zur-teilhabe-bundesteilhabegesetz-und-eutb","status":"publish","type":"post","link":"https:\/\/zeichensetzen-online.de\/index.php\/2019\/03\/13\/der-lange-weg-zur-teilhabe-bundesteilhabegesetz-und-eutb\/","title":{"rendered":"Der lange Weg zur Teilhabe \u2013 Bundesteilhabegesetz und\u00a0\u00a0 EUTB"},"content":{"rendered":"\t\t<div data-elementor-type=\"wp-post\" data-elementor-id=\"1184\" class=\"elementor elementor-1184\">\n\t\t\t\t\t\t<section class=\"penci-section penci-disSticky penci-structure-10 elementor-section elementor-top-section elementor-element elementor-element-c314c71 elementor-section-boxed elementor-section-height-default elementor-section-height-default\" data-id=\"c314c71\" data-element_type=\"section\" data-e-type=\"section\">\n\t\t\t\t\t\t<div class=\"elementor-container elementor-column-gap-default\">\n\t\t\t\t\t<div class=\"penci-ercol-100 penci-ercol-order-1 penci-sticky-ct    elementor-column elementor-col-100 elementor-top-column elementor-element elementor-element-f86fd2c\" data-id=\"f86fd2c\" data-element_type=\"column\" data-e-type=\"column\">\n\t\t\t<div class=\"elementor-widget-wrap elementor-element-populated\">\n\t\t\t\t\t\t<div class=\"elementor-element elementor-element-4114258 elementor-widget elementor-widget-penci-fancy_heading\" data-id=\"4114258\" data-element_type=\"widget\" data-e-type=\"widget\" data-widget_type=\"penci-fancy_heading.default\">\n\t\t\t\t<div class=\"elementor-widget-container\">\n\t\t\t\t\t\t\t<div class=\"penci-fancy-heading penci-heading-text-left pc-fctline\">\n\t\t\t<div class=\"penci-fancy-heading-inner\">\n\t\t\t\t<div class=\"penci-heading-subtitle\">Kofo Essen 13.03.2019<\/div><h2 class=\"penci-heading-title\"><span class=\"inner-tit\">Der lange Weg zur Teilhabe \u2013 Bundesteilhabegesetz und   EUTB<\/span><\/h2><div class=\"penci-separator penci-separator- penci-separator-left\"><span class=\"penci-sep_holder penci-sep_holder_l\"><span class=\"penci-sep_line\"><\/span><\/span><span class=\"penci-sep_holder penci-sep_holder_r\"><span class=\"penci-sep_line\"><\/span><\/span><\/div><div class=\"penci-heading-content entry-content\"><p>Dr. Ulrich Hase<br \/>\n(Vorsitzender der Deutschen Gesellschaft, Rendsburg)<\/p>\n<\/div>\t\t\t<\/div>\n\t\t<\/div>\n\t\t\t\t\t\t<\/div>\n\t\t\t\t<\/div>\n\t\t\t\t\t<\/div>\n\t\t<\/div>\n\t\t\t\t\t<\/div>\n\t\t<\/section>\n\t\t\t\t<section class=\"penci-section penci-disSticky penci-structure-10 elementor-section elementor-top-section elementor-element elementor-element-9039315 elementor-section-boxed elementor-section-height-default elementor-section-height-default\" data-id=\"9039315\" data-element_type=\"section\" data-e-type=\"section\">\n\t\t\t\t\t\t<div class=\"elementor-container elementor-column-gap-default\">\n\t\t\t\t\t<div class=\"penci-ercol-100 penci-ercol-order-1 penci-sticky-ct    elementor-column elementor-col-100 elementor-top-column elementor-element elementor-element-cbf8439\" data-id=\"cbf8439\" data-element_type=\"column\" data-e-type=\"column\">\n\t\t\t<div class=\"elementor-widget-wrap elementor-element-populated\">\n\t\t\t\t\t\t<div class=\"elementor-element elementor-element-957ecf9 elementor-widget elementor-widget-image\" data-id=\"957ecf9\" data-element_type=\"widget\" data-e-type=\"widget\" data-widget_type=\"image.default\">\n\t\t\t\t\t\t\t\t\t\t\t\t\t\t\t<img fetchpriority=\"high\" decoding=\"async\" width=\"750\" height=\"250\" src=\"https:\/\/zeichensetzen-online.de\/wp-content\/uploads\/2019\/03\/mainphotos130319.jpg\" class=\"attachment-large size-large wp-image-2162\" alt=\"Kofo Der lange Weg zur Teilhabe\" srcset=\"https:\/\/zeichensetzen-online.de\/wp-content\/uploads\/2019\/03\/mainphotos130319.jpg 750w, https:\/\/zeichensetzen-online.de\/wp-content\/uploads\/2019\/03\/mainphotos130319-300x100.jpg 300w, https:\/\/zeichensetzen-online.de\/wp-content\/uploads\/2019\/03\/mainphotos130319-585x195.jpg 585w\" sizes=\"(max-width: 750px) 100vw, 750px\" \/>\t\t\t\t\t\t\t\t\t\t\t\t\t\t\t<\/div>\n\t\t\t\t\t<\/div>\n\t\t<\/div>\n\t\t\t\t\t<\/div>\n\t\t<\/section>\n\t\t\t\t<section class=\"penci-section penci-disSticky penci-structure-10 elementor-section elementor-top-section elementor-element elementor-element-b25da62 elementor-section-boxed elementor-section-height-default elementor-section-height-default\" data-id=\"b25da62\" data-element_type=\"section\" data-e-type=\"section\">\n\t\t\t\t\t\t<div class=\"elementor-container elementor-column-gap-default\">\n\t\t\t\t\t<div class=\"penci-ercol-100 penci-ercol-order-1 penci-sticky-ct    elementor-column elementor-col-100 elementor-top-column elementor-element elementor-element-8063a0a\" data-id=\"8063a0a\" data-element_type=\"column\" data-e-type=\"column\">\n\t\t\t<div class=\"elementor-widget-wrap elementor-element-populated\">\n\t\t\t\t\t\t<div class=\"elementor-element elementor-element-8c95464 elementor-widget elementor-widget-text-editor\" data-id=\"8c95464\" data-element_type=\"widget\" data-e-type=\"widget\" data-widget_type=\"text-editor.default\">\n\t\t\t\t\t\t\t\t\t<p>Wieder hatten wir ein volles Haus. Dieses Mal waren es \u00fcberwiegend Besucher mittleren Alters, die wir mit Thema und Referenten locken konnten. Auch zahlreiche Teilnehmer von DGS-Kursen waren erschienen. Uli Hase (zum 8. Mal auf der Essener Kofob\u00fchne) schaffte es wieder, direkten Kontakt zum Publikum aufzunehmen. Er lie\u00df das Licht im Saal an, damit er die Reaktionen sehen und darauf reagieren konnte. Gut verst\u00e4ndlich erkl\u00e4rte er Ziele, Zeitplan und Schwierigkeiten bei der Umsetzung des Bundesteilhabegesetzes. Ein Erfolg f\u00fcr Betroffene und Verb\u00e4nde sind z.B. die Herausl\u00f6sung der Eingliederung aus der Sozialhilfe, die Anhebung der Einkommens- und Verm\u00f6gensfreibetr\u00e4ge, die Einf\u00fchrung des Merkzeichens TBL und der Aufbau der Erg\u00e4nzenden Unabh\u00e4ngigen Teilhabeberatung. Aber die Ausgaben sind gedeckelt. Um neue Kosten zu vermeiden, gibt es im Gesetz ungenaue Formulierungen; z.B. sollen f\u00fcr ehrenamtliche T\u00e4tigkeiten nur &#8220;angemessene&#8221; Aufwendungen erstattet werden&#8230;solche und \u00e4hnliche Formulierungen erm\u00f6glichen es dem Staat, finanziell engere Grenzen zu ziehen. Aus diesem Grund ist auch kein Teilhabegeld gesetzlich verankert worden. Uli Hase wies darauf hin, dass nur wenige Geh\u00f6rlose die M\u00f6glichkeiten eines Pers\u00f6nlichen Budgets nutzen.<br \/><br \/>Nach der Pause stellten sich MitarbeiterInnen von drei Essener EUTB-Beratungsstellen vor, erkl\u00e4rten ihre Arbeit und beantworteten Fragen des Publikums:<br \/><br \/>&#8211; EUTB-Beratungsstelle beim Landesverband der Geh\u00f6rlosen und Geb\u00e4rdensprachgemeinschaft NRW, bei der Deutschen Gesellschaft f\u00fcr Taubblindheit und beim Landesverband des Deutschen Schwerh\u00f6rigenbundes NRW.<br \/><br \/>Der Referent stellt uns seine Pr\u00e4sentation zum Nachlesen zur Verf\u00fcgung.<br \/><br \/>Auf der Website der Deutschen Gesellschaft ist ein Artikel von Ulrich Hase aus &#8220;Das Zeichen&#8221;\u00a0 (Ausgabe 106) verlinkt und mit DGS-Videos erkl\u00e4rt.<\/p>\t\t\t\t\t\t\t\t<\/div>\n\t\t\t\t\t<\/div>\n\t\t<\/div>\n\t\t\t\t\t<\/div>\n\t\t<\/section>\n\t\t\t\t<section class=\"penci-section penci-disSticky penci-structure-10 elementor-section elementor-top-section elementor-element elementor-element-714e20c elementor-section-boxed elementor-section-height-default elementor-section-height-default\" data-id=\"714e20c\" data-element_type=\"section\" data-e-type=\"section\">\n\t\t\t\t\t\t<div class=\"elementor-container elementor-column-gap-default\">\n\t\t\t\t\t<div class=\"penci-ercol-100 penci-ercol-order-1 penci-sticky-ct    elementor-column elementor-col-100 elementor-top-column elementor-element elementor-element-029b540\" data-id=\"029b540\" data-element_type=\"column\" data-e-type=\"column\">\n\t\t\t<div class=\"elementor-widget-wrap elementor-element-populated\">\n\t\t\t\t\t\t<div class=\"elementor-element elementor-element-0742cfb elementor-widget elementor-widget-image\" data-id=\"0742cfb\" data-element_type=\"widget\" data-e-type=\"widget\" data-widget_type=\"image.default\">\n\t\t\t\t\t\t\t\t\t\t\t\t\t\t\t<img decoding=\"async\" width=\"750\" height=\"250\" src=\"https:\/\/zeichensetzen-online.de\/wp-content\/uploads\/2019\/03\/photos130319.jpg\" class=\"attachment-large size-large wp-image-2163\" alt=\"Kofo Der lange Weg zur Teilhabe\" srcset=\"https:\/\/zeichensetzen-online.de\/wp-content\/uploads\/2019\/03\/photos130319.jpg 750w, https:\/\/zeichensetzen-online.de\/wp-content\/uploads\/2019\/03\/photos130319-300x100.jpg 300w, https:\/\/zeichensetzen-online.de\/wp-content\/uploads\/2019\/03\/photos130319-585x195.jpg 585w\" sizes=\"(max-width: 750px) 100vw, 750px\" \/>\t\t\t\t\t\t\t\t\t\t\t\t\t\t\t<\/div>\n\t\t\t\t\t<\/div>\n\t\t<\/div>\n\t\t\t\t\t<\/div>\n\t\t<\/section>\n\t\t\t\t<section class=\"penci-section penci-disSticky penci-structure-10 elementor-section elementor-top-section elementor-element elementor-element-96528f0 elementor-section-boxed elementor-section-height-default elementor-section-height-default\" data-id=\"96528f0\" data-element_type=\"section\" data-e-type=\"section\">\n\t\t\t\t\t\t<div class=\"elementor-container elementor-column-gap-default\">\n\t\t\t\t\t<div class=\"penci-ercol-100 penci-ercol-order-1 penci-sticky-ct    elementor-column elementor-col-100 elementor-top-column elementor-element elementor-element-070c5f4\" data-id=\"070c5f4\" data-element_type=\"column\" data-e-type=\"column\">\n\t\t\t<div class=\"elementor-widget-wrap elementor-element-populated\">\n\t\t\t\t\t\t<div class=\"elementor-element elementor-element-fc7844c elementor-widget elementor-widget-spacer\" data-id=\"fc7844c\" data-element_type=\"widget\" data-e-type=\"widget\" data-widget_type=\"spacer.default\">\n\t\t\t\t\t\t\t<div class=\"elementor-spacer\">\n\t\t\t<div class=\"elementor-spacer-inner\"><\/div>\n\t\t<\/div>\n\t\t\t\t\t\t<\/div>\n\t\t\t\t\t<\/div>\n\t\t<\/div>\n\t\t\t\t\t<\/div>\n\t\t<\/section>\n\t\t\t\t<section class=\"penci-section penci-disSticky penci-structure-20 elementor-section elementor-top-section elementor-element elementor-element-2a8b8c5 elementor-section-boxed elementor-section-height-default elementor-section-height-default\" data-id=\"2a8b8c5\" data-element_type=\"section\" data-e-type=\"section\">\n\t\t\t\t\t\t<div class=\"elementor-container elementor-column-gap-default\">\n\t\t\t\t\t<div class=\"penci-ercol-50 penci-ercol-order-1 penci-sticky-ct    elementor-column elementor-col-50 elementor-top-column elementor-element elementor-element-e2a2974\" data-id=\"e2a2974\" data-element_type=\"column\" data-e-type=\"column\">\n\t\t\t<div class=\"elementor-widget-wrap elementor-element-populated\">\n\t\t\t\t\t\t<div class=\"elementor-element elementor-element-89b1cd4 elementor-widget elementor-widget-text-editor\" data-id=\"89b1cd4\" data-element_type=\"widget\" data-e-type=\"widget\" data-widget_type=\"text-editor.default\">\n\t\t\t\t\t\t\t\t\t<p style=\"font-size: 14px; text-align: start; font-family: Roboto, sans-serif; font-weight: 400; color: #7a7a7a;\">Moderation:<br \/>Martin Magiera<\/p><p style=\"font-size: 14px; text-align: start; font-family: Roboto, sans-serif; font-weight: 400; color: #7a7a7a;\">Geb\u00e4rdensprachdolmetschen:<br \/>Bastienne Blatz, Magdalena Meisen (<a href=\"https:\/\/skarabee.de\/\" target=\"_blank\" rel=\"noopener\">Skarabee<\/a>)<\/p><p style=\"font-size: 14px; text-align: start; font-family: Roboto, sans-serif; font-weight: 400; color: #7a7a7a;\">Schriftdolmetschen:<br \/>Mario Kaul, Cornelia Krajewski<\/p><p style=\"font-size: 14px; text-align: start; font-family: Roboto, sans-serif; font-weight: 400; color: #7a7a7a;\">Fotos:<br \/>Kofoteam<\/p>\t\t\t\t\t\t\t\t<\/div>\n\t\t\t\t\t<\/div>\n\t\t<\/div>\n\t\t\t\t<div class=\"penci-ercol-50 penci-ercol-order-2 penci-sticky-ct    elementor-column elementor-col-50 elementor-top-column elementor-element elementor-element-faa282a\" data-id=\"faa282a\" data-element_type=\"column\" data-e-type=\"column\">\n\t\t\t<div class=\"elementor-widget-wrap elementor-element-populated\">\n\t\t\t\t\t\t<div class=\"elementor-element elementor-element-34a1763 elementor-widget elementor-widget-image\" data-id=\"34a1763\" data-element_type=\"widget\" data-e-type=\"widget\" data-widget_type=\"image.default\">\n\t\t\t\t\t\t\t\t\t\t\t\t\t\t\t<img decoding=\"async\" width=\"724\" height=\"1024\" src=\"https:\/\/zeichensetzen-online.de\/wp-content\/uploads\/2017\/02\/der-lange-weg-zur-teilhabe_2019-724x1024.jpg\" class=\"attachment-large size-large wp-image-3657\" alt=\"Der lange Weg zur Teilhabe\" srcset=\"https:\/\/zeichensetzen-online.de\/wp-content\/uploads\/2017\/02\/der-lange-weg-zur-teilhabe_2019-724x1024.jpg 724w, https:\/\/zeichensetzen-online.de\/wp-content\/uploads\/2017\/02\/der-lange-weg-zur-teilhabe_2019-212x300.jpg 212w, https:\/\/zeichensetzen-online.de\/wp-content\/uploads\/2017\/02\/der-lange-weg-zur-teilhabe_2019-768x1086.jpg 768w, https:\/\/zeichensetzen-online.de\/wp-content\/uploads\/2017\/02\/der-lange-weg-zur-teilhabe_2019-585x827.jpg 585w, https:\/\/zeichensetzen-online.de\/wp-content\/uploads\/2017\/02\/der-lange-weg-zur-teilhabe_2019.jpg 1000w\" sizes=\"(max-width: 724px) 100vw, 724px\" \/>\t\t\t\t\t\t\t\t\t\t\t\t\t\t\t<\/div>\n\t\t\t\t\t<\/div>\n\t\t<\/div>\n\t\t\t\t\t<\/div>\n\t\t<\/section>\n\t\t\t\t<\/div>\n\t\t","protected":false},"excerpt":{"rendered":"<p>Kofo Essen 13.03.2019 Der lange Weg zur Teilhabe \u2013 Bundesteilhabegesetz und EUTB Dr. Ulrich Hase (Vorsitzender der Deutschen Gesellschaft, Rendsburg) Wieder hatten wir ein volles Haus. Dieses Mal waren es&hellip;<\/p>\n","protected":false},"author":1,"featured_media":3657,"comment_status":"closed","ping_status":"open","sticky":false,"template":"","format":"standard","meta":{"content-type":"","_lmt_disableupdate":"","_lmt_disable":"","_themeisle_gutenberg_block_has_review":false,"footnotes":""},"categories":[21,44],"tags":[],"class_list":["post-1184","post","type-post","status-publish","format-standard","has-post-thumbnail","hentry","category-jahrgang-2019","category-maerz-jahrgang-2019"],"aioseo_notices":[],"_links":{"self":[{"href":"https:\/\/zeichensetzen-online.de\/index.php\/wp-json\/wp\/v2\/posts\/1184","targetHints":{"allow":["GET"]}}],"collection":[{"href":"https:\/\/zeichensetzen-online.de\/index.php\/wp-json\/wp\/v2\/posts"}],"about":[{"href":"https:\/\/zeichensetzen-online.de\/index.php\/wp-json\/wp\/v2\/types\/post"}],"author":[{"embeddable":true,"href":"https:\/\/zeichensetzen-online.de\/index.php\/wp-json\/wp\/v2\/users\/1"}],"replies":[{"embeddable":true,"href":"https:\/\/zeichensetzen-online.de\/index.php\/wp-json\/wp\/v2\/comments?post=1184"}],"version-history":[{"count":21,"href":"https:\/\/zeichensetzen-online.de\/index.php\/wp-json\/wp\/v2\/posts\/1184\/revisions"}],"predecessor-version":[{"id":5118,"href":"https:\/\/zeichensetzen-online.de\/index.php\/wp-json\/wp\/v2\/posts\/1184\/revisions\/5118"}],"wp:featuredmedia":[{"embeddable":true,"href":"https:\/\/zeichensetzen-online.de\/index.php\/wp-json\/wp\/v2\/media\/3657"}],"wp:attachment":[{"href":"https:\/\/zeichensetzen-online.de\/index.php\/wp-json\/wp\/v2\/media?parent=1184"}],"wp:term":[{"taxonomy":"category","embeddable":true,"href":"https:\/\/zeichensetzen-online.de\/index.php\/wp-json\/wp\/v2\/categories?post=1184"},{"taxonomy":"post_tag","embeddable":true,"href":"https:\/\/zeichensetzen-online.de\/index.php\/wp-json\/wp\/v2\/tags?post=1184"}],"curies":[{"name":"wp","href":"https:\/\/api.w.org\/{rel}","templated":true}]}}