{"id":118,"date":"2001-12-12T18:41:01","date_gmt":"2001-12-12T17:41:01","guid":{"rendered":"https:\/\/zeichensetzen-online.de\/?p=118"},"modified":"2023-04-30T22:31:17","modified_gmt":"2023-04-30T20:31:17","slug":"lebenswege-fuer-gehoerlose-kinder-mit-und-ohne-cochlear-implant","status":"publish","type":"post","link":"https:\/\/zeichensetzen-online.de\/index.php\/2001\/12\/12\/lebenswege-fuer-gehoerlose-kinder-mit-und-ohne-cochlear-implant\/","title":{"rendered":"Lebenswege f\u00fcr geh\u00f6rlose Kinder &#8211; mit und ohne Cochlear Implant"},"content":{"rendered":"\t\t<div data-elementor-type=\"wp-post\" data-elementor-id=\"118\" class=\"elementor elementor-118\">\n\t\t\t\t\t\t<section class=\"penci-section penci-disSticky penci-structure-10 elementor-section elementor-top-section elementor-element elementor-element-7746c8f elementor-section-boxed elementor-section-height-default elementor-section-height-default\" data-id=\"7746c8f\" data-element_type=\"section\" data-e-type=\"section\">\n\t\t\t\t\t\t<div class=\"elementor-container elementor-column-gap-default\">\n\t\t\t\t\t<div class=\"penci-ercol-100 penci-ercol-order-1 penci-sticky-ct    elementor-column elementor-col-100 elementor-top-column elementor-element elementor-element-8926799\" data-id=\"8926799\" data-element_type=\"column\" data-e-type=\"column\">\n\t\t\t<div class=\"elementor-widget-wrap elementor-element-populated\">\n\t\t\t\t\t\t<div class=\"elementor-element elementor-element-9b4eb8b elementor-widget elementor-widget-penci-fancy_heading\" data-id=\"9b4eb8b\" data-element_type=\"widget\" data-e-type=\"widget\" data-widget_type=\"penci-fancy_heading.default\">\n\t\t\t\t<div class=\"elementor-widget-container\">\n\t\t\t\t\t\t\t<div class=\"penci-fancy-heading penci-heading-text-left pc-fctline\">\n\t\t\t<div class=\"penci-fancy-heading-inner\">\n\t\t\t\t<div class=\"penci-heading-subtitle\">Kofo Essen, 12. Dezember 2001<\/div><h2 class=\"penci-heading-title\"><span class=\"inner-tit\">Lebenswege f\u00fcr geh\u00f6rlose Kinder \u2013 mit und ohne Cochlear Implant<\/span><\/h2><div class=\"penci-separator penci-separator- penci-separator-left\"><span class=\"penci-sep_holder penci-sep_holder_l\"><span class=\"penci-sep_line\"><\/span><\/span><span class=\"penci-sep_holder penci-sep_holder_r\"><span class=\"penci-sep_line\"><\/span><\/span><\/div><div class=\"penci-heading-content entry-content\"><p>Referenten: Liane Boy (gl) und Uwe v. Stosch (hd),<br \/>\nMitarbeiter der Initiative GIB ZEIT<\/p>\n<\/div>\t\t\t<\/div>\n\t\t<\/div>\n\t\t\t\t\t\t<\/div>\n\t\t\t\t<\/div>\n\t\t\t\t\t<\/div>\n\t\t<\/div>\n\t\t\t\t\t<\/div>\n\t\t<\/section>\n\t\t\t\t<section class=\"penci-section penci-disSticky penci-structure-10 elementor-section elementor-top-section elementor-element elementor-element-77ecf31 elementor-section-boxed elementor-section-height-default elementor-section-height-default\" data-id=\"77ecf31\" data-element_type=\"section\" data-e-type=\"section\">\n\t\t\t\t\t\t<div class=\"elementor-container elementor-column-gap-default\">\n\t\t\t\t\t<div class=\"penci-ercol-100 penci-ercol-order-1 penci-sticky-ct    elementor-column elementor-col-100 elementor-top-column elementor-element elementor-element-c645ba0\" data-id=\"c645ba0\" data-element_type=\"column\" data-e-type=\"column\">\n\t\t\t<div class=\"elementor-widget-wrap elementor-element-populated\">\n\t\t\t\t\t\t<div class=\"elementor-element elementor-element-4660629 elementor-widget elementor-widget-spacer\" data-id=\"4660629\" data-element_type=\"widget\" data-e-type=\"widget\" data-widget_type=\"spacer.default\">\n\t\t\t\t\t\t\t<div class=\"elementor-spacer\">\n\t\t\t<div class=\"elementor-spacer-inner\"><\/div>\n\t\t<\/div>\n\t\t\t\t\t\t<\/div>\n\t\t\t\t\t<\/div>\n\t\t<\/div>\n\t\t\t\t\t<\/div>\n\t\t<\/section>\n\t\t\t\t<section class=\"penci-section penci-disSticky penci-structure-10 elementor-section elementor-top-section elementor-element elementor-element-a628a0a elementor-section-boxed elementor-section-height-default elementor-section-height-default\" data-id=\"a628a0a\" data-element_type=\"section\" data-e-type=\"section\">\n\t\t\t\t\t\t<div class=\"elementor-container elementor-column-gap-default\">\n\t\t\t\t\t<div class=\"penci-ercol-100 penci-ercol-order-1 penci-sticky-ct    elementor-column elementor-col-100 elementor-top-column elementor-element elementor-element-d2c7b9e\" data-id=\"d2c7b9e\" data-element_type=\"column\" data-e-type=\"column\">\n\t\t\t<div class=\"elementor-widget-wrap elementor-element-populated\">\n\t\t\t\t\t\t<div class=\"elementor-element elementor-element-518690a elementor-widget elementor-widget-text-editor\" data-id=\"518690a\" data-element_type=\"widget\" data-e-type=\"widget\" data-widget_type=\"text-editor.default\">\n\t\t\t\t\t\t\t\t\t<p>Uwe von Stosch und Liane Boy referierten vor \u00fcber 70 interessierten Zuschauer\/innen. Auch Barbara Mekhn\u00e8che und Susanne Klinner waren als GIB ZEIT-Mitglieder anwesend und berichteten im Verlauf der Diskussion aus ihrem Arbeitsgebiet.<\/p>\t\t\t\t\t\t\t\t<\/div>\n\t\t\t\t\t<\/div>\n\t\t<\/div>\n\t\t\t\t\t<\/div>\n\t\t<\/section>\n\t\t\t\t<section class=\"penci-section penci-disSticky penci-structure-20 elementor-section elementor-top-section elementor-element elementor-element-cedbbaa elementor-section-boxed elementor-section-height-default elementor-section-height-default\" data-id=\"cedbbaa\" data-element_type=\"section\" data-e-type=\"section\">\n\t\t\t\t\t\t<div class=\"elementor-container elementor-column-gap-default\">\n\t\t\t\t\t<div class=\"penci-ercol-50 penci-ercol-order-1 penci-sticky-ct    elementor-column elementor-col-50 elementor-top-column elementor-element elementor-element-eb79d0e\" data-id=\"eb79d0e\" data-element_type=\"column\" data-e-type=\"column\">\n\t\t\t<div class=\"elementor-widget-wrap elementor-element-populated\">\n\t\t\t\t\t\t<div class=\"elementor-element elementor-element-7e601bd elementor-widget elementor-widget-text-editor\" data-id=\"7e601bd\" data-element_type=\"widget\" data-e-type=\"widget\" data-widget_type=\"text-editor.default\">\n\t\t\t\t\t\t\t\t\t<p>Uwe von Stosch stellte zun\u00e4chst das Projekt GIB ZEIT vor:<\/p>\n<ul>\n<li>1996\/97: Kennenlernen der ersten Familien<\/li>\n<li>1997 \u2013 99 : Arbeit ohne finanzielle Absicherung<\/li>\n<li>2000 \u2013 2002: GIB ZEIT als Modellprojekt.<\/li>\n<\/ul>\n<p>In diesem Projekt betreuen jetzt 5 festangestellte Mitarbeiter (davon 4 geh\u00f6rlose Mitarbeiterinnen) und weitere Honorarkr\u00e4fte \u00fcber 40 Familien in NRW.<\/p>\t\t\t\t\t\t\t\t<\/div>\n\t\t\t\t\t<\/div>\n\t\t<\/div>\n\t\t\t\t<div class=\"penci-ercol-50 penci-ercol-order-2 penci-sticky-ct    elementor-column elementor-col-50 elementor-top-column elementor-element elementor-element-2e2336e\" data-id=\"2e2336e\" data-element_type=\"column\" data-e-type=\"column\">\n\t\t\t<div class=\"elementor-widget-wrap elementor-element-populated\">\n\t\t\t\t\t\t<div class=\"elementor-element elementor-element-d7a27b5 elementor-widget elementor-widget-image\" data-id=\"d7a27b5\" data-element_type=\"widget\" data-e-type=\"widget\" data-widget_type=\"image.default\">\n\t\t\t\t\t\t\t\t\t\t\t\t<figure class=\"wp-caption\">\n\t\t\t\t\t\t\t\t\t\t<img decoding=\"async\" width=\"149\" height=\"224\" src=\"https:\/\/zeichensetzen-online.de\/wp-content\/uploads\/2023\/03\/12_12_1.jpg\" class=\"attachment-large size-large wp-image-166\" alt=\"Uwe v. Stosch\" \/>\t\t\t\t\t\t\t\t\t\t\t<figcaption class=\"widget-image-caption wp-caption-text\">Uwe v. Stosch<\/figcaption>\n\t\t\t\t\t\t\t\t\t\t<\/figure>\n\t\t\t\t\t\t\t\t\t<\/div>\n\t\t\t\t\t<\/div>\n\t\t<\/div>\n\t\t\t\t\t<\/div>\n\t\t<\/section>\n\t\t\t\t<section class=\"penci-section penci-disSticky penci-structure-10 elementor-section elementor-top-section elementor-element elementor-element-336e28d elementor-section-boxed elementor-section-height-default elementor-section-height-default\" data-id=\"336e28d\" data-element_type=\"section\" data-e-type=\"section\">\n\t\t\t\t\t\t<div class=\"elementor-container elementor-column-gap-default\">\n\t\t\t\t\t<div class=\"penci-ercol-100 penci-ercol-order-1 penci-sticky-ct    elementor-column elementor-col-100 elementor-top-column elementor-element elementor-element-7ae4a54\" data-id=\"7ae4a54\" data-element_type=\"column\" data-e-type=\"column\">\n\t\t\t<div class=\"elementor-widget-wrap elementor-element-populated\">\n\t\t\t\t\t\t<div class=\"elementor-element elementor-element-c7624c3 elementor-widget elementor-widget-text-editor\" data-id=\"c7624c3\" data-element_type=\"widget\" data-e-type=\"widget\" data-widget_type=\"text-editor.default\">\n\t\t\t\t\t\t\t\t\t<p>Ziel der Initiative ist:<br \/>&#8211; F\u00f6rderung der Kommunikation zwischen Eltern und Kindern mit Unterst\u00fctzung von Geb\u00e4rdensprache.<br \/>Seit 1990 bekommen auch Kinder ein CI. Die H\u00e4lfte der von GIB ZEIT betreuten Kinder sind mit einem CI versorgt, die Tendenz ist steigend. Die in j\u00fcngster Zeit aufgenommenen Kinder haben fast alle ein CI.<\/p><p>Uwe v. Stosch zeigte anhand von Zahlen (europaweit) den schnellen Anstieg der CI-Implantationen der Marke \u201eNucleus&#8221; von der Firma Cochlear AG: 1990: 77; 1999: 3832; 2001: 7489 \u2013 also allein in den letzten 2 Jahren eine Verdoppelung der Implantationen. Bei Mitber\u00fccksichtigung von anderen CI-Marken wie z. B. Med El, Clarion etc. m\u00fcssten noch ca. 25 % dazu gerechnet werden. Deutschland ist weiterhin das Land mit den meisten Operationen, aber andere L\u00e4nder haben kr\u00e4ftig aufgeholt. In den Niederlanden z. B. gab es 1999 nur 1 Implantzentrum, heute sind es 6.<br \/>An dieser Entwicklung nehmen auch die Schulen teil: immer mehr Schulen entwickeln sich zu CI-Centren (z. B. die H\u00f6rgesch\u00e4digtenschule Aachen).<\/p>\t\t\t\t\t\t\t\t<\/div>\n\t\t\t\t\t<\/div>\n\t\t<\/div>\n\t\t\t\t\t<\/div>\n\t\t<\/section>\n\t\t\t\t<section class=\"penci-section penci-disSticky penci-structure-20 elementor-section elementor-top-section elementor-element elementor-element-af0633a elementor-section-boxed elementor-section-height-default elementor-section-height-default\" data-id=\"af0633a\" data-element_type=\"section\" data-e-type=\"section\">\n\t\t\t\t\t\t<div class=\"elementor-container elementor-column-gap-default\">\n\t\t\t\t\t<div class=\"penci-ercol-50 penci-ercol-order-1 penci-sticky-ct    elementor-column elementor-col-50 elementor-top-column elementor-element elementor-element-282ea87\" data-id=\"282ea87\" data-element_type=\"column\" data-e-type=\"column\">\n\t\t\t<div class=\"elementor-widget-wrap elementor-element-populated\">\n\t\t\t\t\t\t<div class=\"elementor-element elementor-element-1c6e835 elementor-widget elementor-widget-text-editor\" data-id=\"1c6e835\" data-element_type=\"widget\" data-e-type=\"widget\" data-widget_type=\"text-editor.default\">\n\t\t\t\t\t\t\t\t\t<p>Die Eltern selbst stehen unter starkem Druck durch Werbung von CI-Firmen, durch die Medien (TV-Sendungen, Boulevardpresse u.a.), durch \u00c4rzte und andere Fachleute. Die Werbung verspricht \u201eDas Beste f\u00fcr Ihr Kind&#8221;: Normalit\u00e4t durch H\u00f6ren. Gerade in der Zeit der Trauerverarbeitung ist es f\u00fcr Eltern sehr schwer, einer solchen Werbung zu widerstehen.\u00a0\u00a0\u00a0 <br \/>Uwe v. Stosch<\/p>\t\t\t\t\t\t\t\t<\/div>\n\t\t\t\t\t<\/div>\n\t\t<\/div>\n\t\t\t\t<div class=\"penci-ercol-50 penci-ercol-order-2 penci-sticky-ct    elementor-column elementor-col-50 elementor-top-column elementor-element elementor-element-1880e34\" data-id=\"1880e34\" data-element_type=\"column\" data-e-type=\"column\">\n\t\t\t<div class=\"elementor-widget-wrap elementor-element-populated\">\n\t\t\t\t\t\t<div class=\"elementor-element elementor-element-aa914ec elementor-widget elementor-widget-image\" data-id=\"aa914ec\" data-element_type=\"widget\" data-e-type=\"widget\" data-widget_type=\"image.default\">\n\t\t\t\t\t\t\t\t\t\t\t\t\t\t\t<img decoding=\"async\" width=\"145\" height=\"216\" src=\"https:\/\/zeichensetzen-online.de\/wp-content\/uploads\/2023\/03\/12_12_2.jpg\" class=\"attachment-large size-large wp-image-167\" alt=\"Uwe v. Stosch\" \/>\t\t\t\t\t\t\t\t\t\t\t\t\t\t\t<\/div>\n\t\t\t\t\t<\/div>\n\t\t<\/div>\n\t\t\t\t\t<\/div>\n\t\t<\/section>\n\t\t\t\t<section class=\"penci-section penci-disSticky penci-structure-20 elementor-section elementor-top-section elementor-element elementor-element-2bf601c elementor-section-boxed elementor-section-height-default elementor-section-height-default\" data-id=\"2bf601c\" data-element_type=\"section\" data-e-type=\"section\">\n\t\t\t\t\t\t<div class=\"elementor-container elementor-column-gap-default\">\n\t\t\t\t\t<div class=\"penci-ercol-50 penci-ercol-order-1 penci-sticky-ct    elementor-column elementor-col-50 elementor-top-column elementor-element elementor-element-da07f24\" data-id=\"da07f24\" data-element_type=\"column\" data-e-type=\"column\">\n\t\t\t<div class=\"elementor-widget-wrap elementor-element-populated\">\n\t\t\t\t\t\t<div class=\"elementor-element elementor-element-602bc6a elementor-widget elementor-widget-image\" data-id=\"602bc6a\" data-element_type=\"widget\" data-e-type=\"widget\" data-widget_type=\"image.default\">\n\t\t\t\t\t\t\t\t\t\t\t\t<figure class=\"wp-caption\">\n\t\t\t\t\t\t\t\t\t\t<img fetchpriority=\"high\" decoding=\"async\" width=\"568\" height=\"379\" src=\"https:\/\/zeichensetzen-online.de\/wp-content\/uploads\/2023\/03\/12_12_3.jpg\" class=\"attachment-large size-large wp-image-168\" alt=\"Liane Boy referiert\" srcset=\"https:\/\/zeichensetzen-online.de\/wp-content\/uploads\/2023\/03\/12_12_3.jpg 568w, https:\/\/zeichensetzen-online.de\/wp-content\/uploads\/2023\/03\/12_12_3-300x200.jpg 300w, https:\/\/zeichensetzen-online.de\/wp-content\/uploads\/2023\/03\/12_12_3-263x175.jpg 263w\" sizes=\"(max-width: 568px) 100vw, 568px\" \/>\t\t\t\t\t\t\t\t\t\t\t<figcaption class=\"widget-image-caption wp-caption-text\">Liane Boy referierte \u00fcber die Vielfalt der beschrittenen Wege.<\/figcaption>\n\t\t\t\t\t\t\t\t\t\t<\/figure>\n\t\t\t\t\t\t\t\t\t<\/div>\n\t\t\t\t\t<\/div>\n\t\t<\/div>\n\t\t\t\t<div class=\"penci-ercol-50 penci-ercol-order-2 penci-sticky-ct    elementor-column elementor-col-50 elementor-top-column elementor-element elementor-element-d0b07c8\" data-id=\"d0b07c8\" data-element_type=\"column\" data-e-type=\"column\">\n\t\t\t<div class=\"elementor-widget-wrap elementor-element-populated\">\n\t\t\t\t\t\t<div class=\"elementor-element elementor-element-8c9fcc9 elementor-widget elementor-widget-text-editor\" data-id=\"8c9fcc9\" data-element_type=\"widget\" data-e-type=\"widget\" data-widget_type=\"text-editor.default\">\n\t\t\t\t\t\t\t\t\t<p>Die CI-Technik entwickelt sich schnell, man kann sie mit der Computerentwicklung vergleichen. Die Sprachprozessoren werden immer kleiner, seit einiger Zeit sind sie als Hinter-dem-Ohr-Ger\u00e4te (\u00e4hnlich wie ein H\u00f6rger\u00e4t) erh\u00e4ltlich. Auch die Leistungen der Sprachprozessoren werden immer verbessert. Das Ziel der CI-Firmen ist, das CI zuk\u00fcnftig ganz in den Kopf zu implantieren. Man wird dann nicht mehr sehen k\u00f6nnen, ob jemand ein CI hat.<br \/>Zudem gibt es seit einiger Zeit eine grosse Nachfrage nach einer bilateralen CI-Versorgung (zwei CIs).<\/p>\t\t\t\t\t\t\t\t<\/div>\n\t\t\t\t\t<\/div>\n\t\t<\/div>\n\t\t\t\t\t<\/div>\n\t\t<\/section>\n\t\t\t\t<section class=\"penci-section penci-disSticky penci-structure-10 elementor-section elementor-top-section elementor-element elementor-element-e9a970f elementor-section-boxed elementor-section-height-default elementor-section-height-default\" data-id=\"e9a970f\" data-element_type=\"section\" data-e-type=\"section\">\n\t\t\t\t\t\t<div class=\"elementor-container elementor-column-gap-default\">\n\t\t\t\t\t<div class=\"penci-ercol-100 penci-ercol-order-1 penci-sticky-ct    elementor-column elementor-col-100 elementor-top-column elementor-element elementor-element-e5f06bb\" data-id=\"e5f06bb\" data-element_type=\"column\" data-e-type=\"column\">\n\t\t\t<div class=\"elementor-widget-wrap elementor-element-populated\">\n\t\t\t\t\t\t<div class=\"elementor-element elementor-element-09d3ced elementor-widget elementor-widget-text-editor\" data-id=\"09d3ced\" data-element_type=\"widget\" data-e-type=\"widget\" data-widget_type=\"text-editor.default\">\n\t\t\t\t\t\t\t\t\t<h4>Wie sind die Lebenswege geh\u00f6rloser Kinder mit und ohne CI?<\/h4><p>Liane Boy referierte<\/p><p>Einige Familien w\u00e4hlen das CI und w\u00fcnschen nur lautsprachliche Kommunikation, andere entscheiden sich erst nach langem \u00dcberlegen f\u00fcr die Operation und f\u00fcr eine gleichzeitige geb\u00e4rdensprachliche F\u00f6rderung, es gibt aber auch Familien, die sich bewusst gegen ein CI entscheiden.<br \/>Die Lautsprachentwicklung der Kinder mit einem CI aus allen Gruppen ist sehr unterschiedlich. Einige Kinder der ersten Gruppe k\u00f6nnen mit CI fast wie H\u00f6rende sprechen und besuchen oft zuerst die Regelschule, h\u00e4ufig wechseln sie aber nach nach oder w\u00e4hrend dem Grundschulbesuch in eine weiterf\u00fchrende Schule f\u00fcr H\u00f6rgesch\u00e4digte. Einige Kinder dieser Gruppe zeigen auch eine sehr verlangsamte Sprachentwicklung und besuchen die Schwerh\u00f6rigen- oder Geh\u00f6rlosenschule.<br \/>Kinder aus der letzten Gruppe (Entscheidung gegen CI) besuchen H\u00f6rgesch\u00e4digtenschulen oder in wenigen F\u00e4llen Regelschulen mit Dolmetscher oder werden an der Regelschule von Lehrern unterrichtet, die bereit sind, Geb\u00e4rdensprache zu lernen.<br \/>Informationen der CI-Kliniken werden \u00fcber einige Schulleitungen der H\u00f6rgesch\u00e4digtenschulen an die Eltern weitergegeben. Dadurch w\u00e4chst auch der Druck auf die Eltern, sich doch f\u00fcr eine Operation zu entscheiden.<\/p><p>Wie sind die Erfahrungen der Betroffenen nach einer Cochlear-Implantation?<br \/>Es ist schwer, zu sagen, wie sich Kinder mit einem CI f\u00fchlen und wie sie wirklich h\u00f6ren. Eine kleine Vorstellung kann man vielleicht bekommen, wenn man jugendliche oder erwachsene CI-Tr\u00e4ger befragt. Ihre Erfahrungen sind sehr verschieden:<\/p><ul><li>H\u00f6ren mit CI wird als Bereicherung empfunden, sie sind zufrieden und h\u00f6ren recht viel mit dem CI,<\/li><li>H\u00f6ren ist eine Belastung, sie m\u00fcssen sich sehr anstrengen und konzentrieren,<\/li><li>H\u00f6ren mit CI ist eine totale Entt\u00e4uschung, sie h\u00f6ren nicht viel mit dem CI, dieses H\u00f6ren ist sehr unangenehm und sie haben Kopfschmerzen.<\/li><\/ul><p>Kinder k\u00f6nnen ihre Wahrnehmungen schlecht beschreiben. Man ist auf Beobachtungen der Eltern angewiesen. Die Aussagen der Eltern sind auch sehr verschieden:<\/p><ul><li>Beim Kind einer Mutter, das mit 2 Jahren ein CI bekommen hat, entwickelt sich die Lautsprache gut.<\/li><li>Beim Kind einer anderen Mutter, das auch mit 2 Jahren ein CI bekommen hat, entwickelt sich die Lautsprache kaum, trotz w\u00f6chentlicher Sprachtherapie.<\/li><li>Eine andere Mutter eines 12j\u00e4hrigen Kindes (CI mit 6 Jahren bekommen), stellt fest, dass ihr Kind trotz des Cochlear Implants keine normale Kommunikation mit anderen h\u00f6renden Kindern hat.<\/li><\/ul><p>GIB ZEIT macht auch die Erfahrung, dass die Kinder aus den begleiteten Familien unterschiedlich auf das CI reagieren:<\/p><ul><li>Einige Kinder st\u00f6rt das CI, sie wollen es nicht mehr tragen und legen es ab.<\/li><li>Andere Kinder legen das CI nach der Schule und an Wochenenden ab, um ihre Ruhe zu haben.<\/li><li>Wieder andere Kinder tragen das CI durchgehend.<\/li><\/ul><p>Nicht wenige Kinder mussten, zum Teil mehrmals, zur Reimplantation, weil das CI ausgefallen ist. Einige Kinder leiden unter den Nachwirkungen der Operation. Andere scheinen keine schlechten Erlebnisse zu haben.<\/p><p>Auch die Lebenswege von geh\u00f6rlosen Kindern ohne CI sind verschieden.<br \/>Einige besuchen die Regelschule, weil in den meisten Geh\u00f6rlosen- und Schwerh\u00f6rigenschulen zu viele Kinder ein CI haben und weil der Unterricht \u00fcberwiegend lautsprachorientiert ist.<br \/>In der Regel-\/Integrationsschule lernen h\u00f6rende Kinder und Lehrer die Geb\u00e4rdensprache, weil sie mit dem geh\u00f6rlosen Kind kommunizieren m\u00f6chten.<br \/>Manche geh\u00f6rlose Kinder ohne CI verlieren den Kontakt zu anderen geh\u00f6rlosen Spielkameraden, die ein CI bekommen haben, weil \u00c4rzte den Eltern davon abraten, dass ihre Kinder nach der Implantation Kontakte zu geh\u00f6rlosen Kindern ohne CI haben. Einige geh\u00f6rlose Kinder w\u00fcnschen sich manchmal, auch ein CI zu bekommen, weil sie sehen, dass alle anderen Kinder in ihrer Klasse auch ein CI haben.<\/p>\t\t\t\t\t\t\t\t<\/div>\n\t\t\t\t\t<\/div>\n\t\t<\/div>\n\t\t\t\t\t<\/div>\n\t\t<\/section>\n\t\t\t\t<section class=\"penci-section penci-disSticky penci-structure-20 elementor-section elementor-top-section elementor-element elementor-element-3462951 elementor-section-boxed elementor-section-height-default elementor-section-height-default\" data-id=\"3462951\" data-element_type=\"section\" data-e-type=\"section\">\n\t\t\t\t\t\t<div class=\"elementor-container elementor-column-gap-default\">\n\t\t\t\t\t<div class=\"penci-ercol-50 penci-ercol-order-1 penci-sticky-ct    elementor-column elementor-col-50 elementor-top-column elementor-element elementor-element-5cbf573\" data-id=\"5cbf573\" data-element_type=\"column\" data-e-type=\"column\">\n\t\t\t<div class=\"elementor-widget-wrap elementor-element-populated\">\n\t\t\t\t\t\t<div class=\"elementor-element elementor-element-1f9e839 elementor-widget elementor-widget-text-editor\" data-id=\"1f9e839\" data-element_type=\"widget\" data-e-type=\"widget\" data-widget_type=\"text-editor.default\">\n\t\t\t\t\t\t\t\t\t<p>Zum Abschluss des ersten Teils betonten die Referenten:<br \/>Es gibt immer noch (nicht wenige) Kinder, auch mit einem CI, die \u00fcberhaupt nicht kommunizieren k\u00f6nnen. Kommunikation kann man nicht durch Technik allein herstellen. Leider wird den Eltern von den CI-Centren immer noch oft dazu geraten, keine Geb\u00e4rdensprache zu benutzen.<\/p>\t\t\t\t\t\t\t\t<\/div>\n\t\t\t\t\t<\/div>\n\t\t<\/div>\n\t\t\t\t<div class=\"penci-ercol-50 penci-ercol-order-2 penci-sticky-ct    elementor-column elementor-col-50 elementor-top-column elementor-element elementor-element-b718cfd\" data-id=\"b718cfd\" data-element_type=\"column\" data-e-type=\"column\">\n\t\t\t<div class=\"elementor-widget-wrap elementor-element-populated\">\n\t\t\t\t\t\t<div class=\"elementor-element elementor-element-c4a9756 elementor-widget elementor-widget-image\" data-id=\"c4a9756\" data-element_type=\"widget\" data-e-type=\"widget\" data-widget_type=\"image.default\">\n\t\t\t\t\t\t\t\t\t\t\t\t<figure class=\"wp-caption\">\n\t\t\t\t\t\t\t\t\t\t<img loading=\"lazy\" decoding=\"async\" width=\"397\" height=\"265\" src=\"https:\/\/zeichensetzen-online.de\/wp-content\/uploads\/2023\/03\/12_12_4.jpg\" class=\"attachment-large size-large wp-image-169\" alt=\"Gespr\u00e4che in der Pause\" srcset=\"https:\/\/zeichensetzen-online.de\/wp-content\/uploads\/2023\/03\/12_12_4.jpg 397w, https:\/\/zeichensetzen-online.de\/wp-content\/uploads\/2023\/03\/12_12_4-300x200.jpg 300w, https:\/\/zeichensetzen-online.de\/wp-content\/uploads\/2023\/03\/12_12_4-263x175.jpg 263w\" sizes=\"(max-width: 397px) 100vw, 397px\" \/>\t\t\t\t\t\t\t\t\t\t\t<figcaption class=\"widget-image-caption wp-caption-text\">Gespr\u00e4che in der Pause<\/figcaption>\n\t\t\t\t\t\t\t\t\t\t<\/figure>\n\t\t\t\t\t\t\t\t\t<\/div>\n\t\t\t\t\t<\/div>\n\t\t<\/div>\n\t\t\t\t\t<\/div>\n\t\t<\/section>\n\t\t\t\t<section class=\"penci-section penci-disSticky penci-structure-10 elementor-section elementor-top-section elementor-element elementor-element-01c313c elementor-section-boxed elementor-section-height-default elementor-section-height-default\" data-id=\"01c313c\" data-element_type=\"section\" data-e-type=\"section\">\n\t\t\t\t\t\t<div class=\"elementor-container elementor-column-gap-default\">\n\t\t\t\t\t<div class=\"penci-ercol-100 penci-ercol-order-1 penci-sticky-ct    elementor-column elementor-col-100 elementor-top-column elementor-element elementor-element-ff11db7\" data-id=\"ff11db7\" data-element_type=\"column\" data-e-type=\"column\">\n\t\t\t<div class=\"elementor-widget-wrap elementor-element-populated\">\n\t\t\t\t\t\t<div class=\"elementor-element elementor-element-96e57bb elementor-widget elementor-widget-text-editor\" data-id=\"96e57bb\" data-element_type=\"widget\" data-e-type=\"widget\" data-widget_type=\"text-editor.default\">\n\t\t\t\t\t\t\t\t\t<p>GIB ZEIT macht immer wieder die Erfahrung, dass viele Familien und Kinder, ob mit oder ohne CI, sich \u00fcber die Begegnung mit geh\u00f6rlosen Erwachsenen freuen. Die Eltern sind froh \u00fcber das Angebot einer regelm\u00e4ssigen Begleitung durch einen geh\u00f6rlosen Erwachsenen und merken, dass es allen Familienmitgliedern gut tut.<\/p><p>Nach der Pause stellten die anderen GIB ZEIT\u2013Mitarbeiterinnen ihre praktische Arbeit vor.<br \/>Die geh\u00f6rlosen Mitarbeiterinnen besuchen Familien. Das Ziel ist: F\u00f6rderung der Kommunikation zwischen Eltern und Kindern. Je nach Familiensituation kann die Arbeit sehr unterschiedlich sein. Der Aufbau einer Kommunikation konnte mit allen Kindern erreicht werden, auch bei mehrfachbehinderten Kindern.<br \/>Schwerpunkt der Arbeit bei GIB ZEIT ist die Familienbegleitung. Daneben haben sich weitere T\u00e4tigkeiten entwickelt, wie z. B. \u00d6ffentlichkeitsarbeit, Sammlung und Auswertung von Erfahrungs- und Informationsschriften f\u00fcr Eltern, Mitarbeit an einigen Fr\u00fchf\u00f6rderstellen, Kinderg\u00e4rten und Schulen und vieles mehr.<\/p>\t\t\t\t\t\t\t\t<\/div>\n\t\t\t\t\t<\/div>\n\t\t<\/div>\n\t\t\t\t\t<\/div>\n\t\t<\/section>\n\t\t\t\t<section class=\"penci-section penci-disSticky penci-structure-34 elementor-section elementor-top-section elementor-element elementor-element-2ff3a49 elementor-section-boxed elementor-section-height-default elementor-section-height-default\" data-id=\"2ff3a49\" data-element_type=\"section\" data-e-type=\"section\">\n\t\t\t\t\t\t<div class=\"elementor-container elementor-column-gap-default\">\n\t\t\t\t\t<div class=\"penci-ercol-16 penci-ercol-order-1 penci-sticky-ct    elementor-column elementor-col-16 elementor-top-column elementor-element elementor-element-7cffa3d\" data-id=\"7cffa3d\" data-element_type=\"column\" data-e-type=\"column\">\n\t\t\t<div class=\"elementor-widget-wrap elementor-element-populated\">\n\t\t\t\t\t\t<div class=\"elementor-element elementor-element-3470f39 elementor-widget elementor-widget-image\" data-id=\"3470f39\" data-element_type=\"widget\" data-e-type=\"widget\" data-widget_type=\"image.default\">\n\t\t\t\t\t\t\t\t\t\t\t\t<figure class=\"wp-caption\">\n\t\t\t\t\t\t\t\t\t\t<img loading=\"lazy\" decoding=\"async\" width=\"172\" height=\"258\" src=\"https:\/\/zeichensetzen-online.de\/wp-content\/uploads\/2023\/03\/12_12_5.jpg\" class=\"attachment-large size-large wp-image-170\" alt=\"Susanne Klinner\" \/>\t\t\t\t\t\t\t\t\t\t\t<figcaption class=\"widget-image-caption wp-caption-text\">Susanne Klinner<\/figcaption>\n\t\t\t\t\t\t\t\t\t\t<\/figure>\n\t\t\t\t\t\t\t\t\t<\/div>\n\t\t\t\t\t<\/div>\n\t\t<\/div>\n\t\t\t\t<div class=\"penci-ercol-66 penci-ercol-order-2 penci-sticky-ct    elementor-column elementor-col-66 elementor-top-column elementor-element elementor-element-8e4d650\" data-id=\"8e4d650\" data-element_type=\"column\" data-e-type=\"column\">\n\t\t\t<div class=\"elementor-widget-wrap elementor-element-populated\">\n\t\t\t\t\t\t<div class=\"elementor-element elementor-element-18154c4 elementor-widget elementor-widget-text-editor\" data-id=\"18154c4\" data-element_type=\"widget\" data-e-type=\"widget\" data-widget_type=\"text-editor.default\">\n\t\t\t\t\t\t\t\t\t<p>Einige Eltern, die von GIB ZEIT begleitet werden, w\u00fcnschten sich, dass f\u00fcr ihre Kinder nach der Einschulung auch in der Schule die geb\u00e4rdensprachliche F\u00f6rderung weitergef\u00fchrt werden soll. So bekamen auch Schulen Interesse an der Zusammenarbeit mit geh\u00f6rlosen P\u00e4dagogen. Z. B. besteht zwischen GIB ZEIT und der Geh\u00f6rlosenschule M\u00fcnster eine gute Zusammenarbeit.<br \/>Susanne Klinner berichtete \u00fcber ihre Arbeit dort. Die Lehrer waren begeistert vom Erfolg und die Bezirksregierung hat eine Teilzeitstelle eingerichtet, zun\u00e4chst auf 1 Jahr befristet, aber mit evtl. Verl\u00e4ngerungsm\u00f6glichkeit.<\/p>\t\t\t\t\t\t\t\t<\/div>\n\t\t\t\t\t<\/div>\n\t\t<\/div>\n\t\t\t\t<div class=\"penci-ercol-16 penci-ercol-order-3 penci-sticky-ct    elementor-column elementor-col-16 elementor-top-column elementor-element elementor-element-91b321c\" data-id=\"91b321c\" data-element_type=\"column\" data-e-type=\"column\">\n\t\t\t<div class=\"elementor-widget-wrap elementor-element-populated\">\n\t\t\t\t\t\t<div class=\"elementor-element elementor-element-a08b9cd elementor-widget elementor-widget-image\" data-id=\"a08b9cd\" data-element_type=\"widget\" data-e-type=\"widget\" data-widget_type=\"image.default\">\n\t\t\t\t\t\t\t\t\t\t\t\t<figure class=\"wp-caption\">\n\t\t\t\t\t\t\t\t\t\t<img loading=\"lazy\" decoding=\"async\" width=\"159\" height=\"239\" src=\"https:\/\/zeichensetzen-online.de\/wp-content\/uploads\/2023\/03\/12_12_6.jpg\" class=\"attachment-large size-large wp-image-171\" alt=\"Barbara Mekhn\u00e8che\" \/>\t\t\t\t\t\t\t\t\t\t\t<figcaption class=\"widget-image-caption wp-caption-text\">Barbara Mekhn\u00e8che<\/figcaption>\n\t\t\t\t\t\t\t\t\t\t<\/figure>\n\t\t\t\t\t\t\t\t\t<\/div>\n\t\t\t\t\t<\/div>\n\t\t<\/div>\n\t\t\t\t\t<\/div>\n\t\t<\/section>\n\t\t\t\t<section class=\"penci-section penci-disSticky penci-structure-10 elementor-section elementor-top-section elementor-element elementor-element-c59f2b0 elementor-section-boxed elementor-section-height-default elementor-section-height-default\" data-id=\"c59f2b0\" data-element_type=\"section\" data-e-type=\"section\">\n\t\t\t\t\t\t<div class=\"elementor-container elementor-column-gap-default\">\n\t\t\t\t\t<div class=\"penci-ercol-100 penci-ercol-order-1 penci-sticky-ct    elementor-column elementor-col-100 elementor-top-column elementor-element elementor-element-12f7337\" data-id=\"12f7337\" data-element_type=\"column\" data-e-type=\"column\">\n\t\t\t<div class=\"elementor-widget-wrap elementor-element-populated\">\n\t\t\t\t\t\t<div class=\"elementor-element elementor-element-f9b333e elementor-widget elementor-widget-text-editor\" data-id=\"f9b333e\" data-element_type=\"widget\" data-e-type=\"widget\" data-widget_type=\"text-editor.default\">\n\t\t\t\t\t\t\t\t\t<p>Barbara Mekhn\u00e8che hat ebenfalls zuerst nur in der Familienbegleitung gearbeitet und danach zus\u00e4tzlich an einer Geh\u00f6rlosenschule. Dort musste sie zuerst gegen den Widerstand der Schulleitung ank\u00e4mpfen. Finanzielle Schwierigkeiten wurden vorgeschoben. Sp\u00e4ter verlie\u00df sie diese Schule. Sie arbeitet jetzt mit gutem Erfolg in der Fr\u00fchf\u00f6rderung K\u00f6ln und an der H\u00f6rgesch\u00e4digtenschule K\u00f6ln in den Eingangsklassen. Ihre Arbeit findet dort Anerkennung. Au\u00dferdem betreut sie weiterhin Kinder in Familien, u. a. auch mehrfachbehinderte Kinder. Sie berichtete z.B. \u00fcber die Kommunikationsf\u00f6rderung bei einem taubblinden Kind.<\/p>\t\t\t\t\t\t\t\t<\/div>\n\t\t\t\t\t<\/div>\n\t\t<\/div>\n\t\t\t\t\t<\/div>\n\t\t<\/section>\n\t\t\t\t<section class=\"penci-section penci-disSticky penci-structure-20 elementor-section elementor-top-section elementor-element elementor-element-1ce6398 elementor-section-boxed elementor-section-height-default elementor-section-height-default\" data-id=\"1ce6398\" data-element_type=\"section\" data-e-type=\"section\">\n\t\t\t\t\t\t<div class=\"elementor-container elementor-column-gap-default\">\n\t\t\t\t\t<div class=\"penci-ercol-50 penci-ercol-order-1 penci-sticky-ct    elementor-column elementor-col-50 elementor-top-column elementor-element elementor-element-4ac3166\" data-id=\"4ac3166\" data-element_type=\"column\" data-e-type=\"column\">\n\t\t\t<div class=\"elementor-widget-wrap elementor-element-populated\">\n\t\t\t\t\t\t<div class=\"elementor-element elementor-element-eda3f20 elementor-widget elementor-widget-image\" data-id=\"eda3f20\" data-element_type=\"widget\" data-e-type=\"widget\" data-widget_type=\"image.default\">\n\t\t\t\t\t\t\t\t\t\t\t\t<figure class=\"wp-caption\">\n\t\t\t\t\t\t\t\t\t\t<img loading=\"lazy\" decoding=\"async\" width=\"326\" height=\"217\" src=\"https:\/\/zeichensetzen-online.de\/wp-content\/uploads\/2023\/03\/12_12_7.jpg\" class=\"attachment-large size-large wp-image-172\" alt=\"Diskussionen am Rande der Veranstaltung\" srcset=\"https:\/\/zeichensetzen-online.de\/wp-content\/uploads\/2023\/03\/12_12_7.jpg 326w, https:\/\/zeichensetzen-online.de\/wp-content\/uploads\/2023\/03\/12_12_7-300x200.jpg 300w, https:\/\/zeichensetzen-online.de\/wp-content\/uploads\/2023\/03\/12_12_7-263x175.jpg 263w\" sizes=\"(max-width: 326px) 100vw, 326px\" \/>\t\t\t\t\t\t\t\t\t\t\t<figcaption class=\"widget-image-caption wp-caption-text\"><\/figcaption>\n\t\t\t\t\t\t\t\t\t\t<\/figure>\n\t\t\t\t\t\t\t\t\t<\/div>\n\t\t\t\t\t<\/div>\n\t\t<\/div>\n\t\t\t\t<div class=\"penci-ercol-50 penci-ercol-order-2 penci-sticky-ct    elementor-column elementor-col-50 elementor-top-column elementor-element elementor-element-a829b76\" data-id=\"a829b76\" data-element_type=\"column\" data-e-type=\"column\">\n\t\t\t<div class=\"elementor-widget-wrap elementor-element-populated\">\n\t\t\t\t\t\t<div class=\"elementor-element elementor-element-c743b5e elementor-widget elementor-widget-image\" data-id=\"c743b5e\" data-element_type=\"widget\" data-e-type=\"widget\" data-widget_type=\"image.default\">\n\t\t\t\t\t\t\t\t\t\t\t\t<figure class=\"wp-caption\">\n\t\t\t\t\t\t\t\t\t\t<img loading=\"lazy\" decoding=\"async\" width=\"347\" height=\"231\" src=\"https:\/\/zeichensetzen-online.de\/wp-content\/uploads\/2023\/03\/12_12_8.jpg\" class=\"attachment-large size-large wp-image-173\" alt=\"Diskussionen am Rande der Veranstaltung\" srcset=\"https:\/\/zeichensetzen-online.de\/wp-content\/uploads\/2023\/03\/12_12_8.jpg 347w, https:\/\/zeichensetzen-online.de\/wp-content\/uploads\/2023\/03\/12_12_8-300x200.jpg 300w, https:\/\/zeichensetzen-online.de\/wp-content\/uploads\/2023\/03\/12_12_8-263x175.jpg 263w\" sizes=\"(max-width: 347px) 100vw, 347px\" \/>\t\t\t\t\t\t\t\t\t\t\t<figcaption class=\"widget-image-caption wp-caption-text\">Diskussionen am Rande der Veranstaltung<\/figcaption>\n\t\t\t\t\t\t\t\t\t\t<\/figure>\n\t\t\t\t\t\t\t\t\t<\/div>\n\t\t\t\t\t<\/div>\n\t\t<\/div>\n\t\t\t\t\t<\/div>\n\t\t<\/section>\n\t\t\t\t<section class=\"penci-section penci-disSticky penci-structure-10 elementor-section elementor-top-section elementor-element elementor-element-ba0feb1 elementor-section-boxed elementor-section-height-default elementor-section-height-default\" data-id=\"ba0feb1\" data-element_type=\"section\" data-e-type=\"section\">\n\t\t\t\t\t\t<div class=\"elementor-container elementor-column-gap-default\">\n\t\t\t\t\t<div class=\"penci-ercol-100 penci-ercol-order-1 penci-sticky-ct    elementor-column elementor-col-100 elementor-top-column elementor-element elementor-element-c8d6ae8\" data-id=\"c8d6ae8\" data-element_type=\"column\" data-e-type=\"column\">\n\t\t\t<div class=\"elementor-widget-wrap elementor-element-populated\">\n\t\t\t\t\t\t<div class=\"elementor-element elementor-element-f5ff33b elementor-widget elementor-widget-text-editor\" data-id=\"f5ff33b\" data-element_type=\"widget\" data-e-type=\"widget\" data-widget_type=\"text-editor.default\">\n\t\t\t\t\t\t\t\t\t<p>Im Verlauf der Diskussion wurden noch weitere Fragen gestellt:<br \/>Wie sieht die Finanzierung des Projektes GIB ZEIT nach 2002 aus?<\/p><p>Die Finanzierung ist noch nicht gekl\u00e4rt, die Arbeit wird aber auf jeden Fall fortgef\u00fchrt. Eine Finanzierung \u00fcber befristete Gelder \u2013 Sozialamt, Krankenkasse, ist aus p\u00e4dagogischen Gr\u00fcnden nicht sinnvoll.<\/p><p>Wie lange dauert die Familienf\u00f6rderung? Wie lang ist die Warteliste bei GIB ZEIT?<\/p><p>Es gibt keine Begrenzung. Die Familien entscheiden selbst, wie lange sie die F\u00f6rderung brauchen. Wenn allerdings eine gute Kommunikationsbasis Eltern\/Kinder erreicht ist, sprechen die Mitarbeiter mit den Eltern \u00fcber eine m\u00f6gliche Beendigung. Zur Zeit sind 7 Familien auf der Warteliste.<br \/>Kann GIB ZEIT auch au\u00dferhalb Nordrhein-Westfalens arbeiten?<\/p><p>Nein. Die Initiative kann schon den Bedarf in NRW nicht decken. Au\u00dferdem ist NRW ein gro\u00dfes Bundesland. Schon jetzt haben die Mitarbeiter weite Wege, um die Familien zu besuchen.<\/p><p>Was macht GIB ZEIT, wenn in den Familien andere gro\u00dfe Probleme auftauchen (Sucht, Missbrauch, Angst vor Abschiebung&#8230;)?<\/p><p>GIB ZEIT kann in diesen F\u00e4llen nicht selbst helfen, aber Hilfe vermitteln.<br \/>Eventuell muss man eine Pause machen und die F\u00f6rderung sp\u00e4ter wieder aufnehmen.<br \/>Kann GIB ZEIT auch h\u00f6rende Kinder geh\u00f6rloser Eltern betreuen, um dort die Kommunikation zu f\u00f6rdern?<\/p><p>Nein. Zielgruppe sind geh\u00f6rlose Kinder h\u00f6render Eltern. Aber auch hier wird versucht, zu vermitteln.<br \/>Nach 2 Stunden interessanter Informationen und Diskussionen beendete die Moderatorin Winny Stenner diesen Kofo-Abend.<\/p><p>Diskussionen am Rande der Veranstaltung<\/p><p>Weitere Informationen (auch \u00fcber Ver\u00f6ffentlichungen von GIB ZEIT) k\u00f6nnen auf dieser Website eingeholt werden:<\/p><p><a href=\"http:\/\/www.gibzeit.de\">www.gibzeit.de<\/a><\/p>\t\t\t\t\t\t\t\t<\/div>\n\t\t\t\t\t<\/div>\n\t\t<\/div>\n\t\t\t\t\t<\/div>\n\t\t<\/section>\n\t\t\t\t<\/div>\n\t\t","protected":false},"excerpt":{"rendered":"<p>Kofo Essen, 12. Dezember 2001 Lebenswege f\u00fcr geh\u00f6rlose Kinder \u2013 mit und ohne Cochlear Implant Referenten: Liane Boy (gl) und Uwe v. Stosch (hd), Mitarbeiter der Initiative GIB ZEIT Uwe&hellip;<\/p>\n","protected":false},"author":1,"featured_media":0,"comment_status":"closed","ping_status":"open","sticky":false,"template":"","format":"standard","meta":{"content-type":"","_lmt_disableupdate":"","_lmt_disable":"","_themeisle_gutenberg_block_has_review":false,"footnotes":""},"categories":[3,28],"tags":[],"class_list":["post-118","post","type-post","status-publish","format-standard","hentry","category-jahrgang-2001","category-dezember"],"aioseo_notices":[],"_links":{"self":[{"href":"https:\/\/zeichensetzen-online.de\/index.php\/wp-json\/wp\/v2\/posts\/118","targetHints":{"allow":["GET"]}}],"collection":[{"href":"https:\/\/zeichensetzen-online.de\/index.php\/wp-json\/wp\/v2\/posts"}],"about":[{"href":"https:\/\/zeichensetzen-online.de\/index.php\/wp-json\/wp\/v2\/types\/post"}],"author":[{"embeddable":true,"href":"https:\/\/zeichensetzen-online.de\/index.php\/wp-json\/wp\/v2\/users\/1"}],"replies":[{"embeddable":true,"href":"https:\/\/zeichensetzen-online.de\/index.php\/wp-json\/wp\/v2\/comments?post=118"}],"version-history":[{"count":56,"href":"https:\/\/zeichensetzen-online.de\/index.php\/wp-json\/wp\/v2\/posts\/118\/revisions"}],"predecessor-version":[{"id":3994,"href":"https:\/\/zeichensetzen-online.de\/index.php\/wp-json\/wp\/v2\/posts\/118\/revisions\/3994"}],"wp:attachment":[{"href":"https:\/\/zeichensetzen-online.de\/index.php\/wp-json\/wp\/v2\/media?parent=118"}],"wp:term":[{"taxonomy":"category","embeddable":true,"href":"https:\/\/zeichensetzen-online.de\/index.php\/wp-json\/wp\/v2\/categories?post=118"},{"taxonomy":"post_tag","embeddable":true,"href":"https:\/\/zeichensetzen-online.de\/index.php\/wp-json\/wp\/v2\/tags?post=118"}],"curies":[{"name":"wp","href":"https:\/\/api.w.org\/{rel}","templated":true}]}}