{"id":1166,"date":"2018-11-14T17:53:01","date_gmt":"2018-11-14T16:53:01","guid":{"rendered":"https:\/\/zeichensetzen-online.de\/?p=1166"},"modified":"2025-03-20T20:53:32","modified_gmt":"2025-03-20T19:53:32","slug":"psychotherapeutische-angebote-fuer-hoerbehinderte-menschen-in-essen-und-umgebung","status":"publish","type":"post","link":"https:\/\/zeichensetzen-online.de\/index.php\/2018\/11\/14\/psychotherapeutische-angebote-fuer-hoerbehinderte-menschen-in-essen-und-umgebung\/","title":{"rendered":"Psychotherapeutische Angebote f\u00fcr h\u00f6rbehinderte Menschen in Essen und Umgebung"},"content":{"rendered":"\t\t<div data-elementor-type=\"wp-post\" data-elementor-id=\"1166\" class=\"elementor elementor-1166\">\n\t\t\t\t\t\t<section class=\"penci-section penci-disSticky penci-structure-10 elementor-section elementor-top-section elementor-element elementor-element-6431928 elementor-section-boxed elementor-section-height-default elementor-section-height-default\" data-id=\"6431928\" data-element_type=\"section\" data-e-type=\"section\">\n\t\t\t\t\t\t<div class=\"elementor-container elementor-column-gap-default\">\n\t\t\t\t\t<div class=\"penci-ercol-100 penci-ercol-order-1 penci-sticky-ct    elementor-column elementor-col-100 elementor-top-column elementor-element elementor-element-a15ddf2\" data-id=\"a15ddf2\" data-element_type=\"column\" data-e-type=\"column\">\n\t\t\t<div class=\"elementor-widget-wrap elementor-element-populated\">\n\t\t\t\t\t\t<div class=\"elementor-element elementor-element-b1459b6 elementor-widget elementor-widget-penci-fancy_heading\" data-id=\"b1459b6\" data-element_type=\"widget\" data-e-type=\"widget\" data-widget_type=\"penci-fancy_heading.default\">\n\t\t\t\t<div class=\"elementor-widget-container\">\n\t\t\t\t\t\t\t<div class=\"penci-fancy-heading penci-heading-text-left pc-fctline\">\n\t\t\t<div class=\"penci-fancy-heading-inner\">\n\t\t\t\t<div class=\"penci-heading-subtitle\">Kofo Essen 14.11.2018<\/div><h2 class=\"penci-heading-title\"><span class=\"inner-tit\">Psychotherapeutische Angebote f\u00fcr h\u00f6rbehinderte Menschen in Essen und Umgebung<\/span><\/h2><div class=\"penci-separator penci-separator- penci-separator-left\"><span class=\"penci-sep_holder penci-sep_holder_l\"><span class=\"penci-sep_line\"><\/span><\/span><span class=\"penci-sep_holder penci-sep_holder_r\"><span class=\"penci-sep_line\"><\/span><\/span><\/div><div class=\"penci-heading-content entry-content\"><p>Dr. Mona Abdel-Hamid (Psychologische Psychotherapeutin am LVR-Klinikum Essen),<br \/>\nJennifer S\u00f6hn (Systemische Therapeutin am Alexianer Krankenhaus Krefeld)<\/p>\n<\/div>\t\t\t<\/div>\n\t\t<\/div>\n\t\t\t\t\t\t<\/div>\n\t\t\t\t<\/div>\n\t\t\t\t\t<\/div>\n\t\t<\/div>\n\t\t\t\t\t<\/div>\n\t\t<\/section>\n\t\t\t\t<section class=\"penci-section penci-disSticky penci-structure-10 elementor-section elementor-top-section elementor-element elementor-element-09cf3bc elementor-section-boxed elementor-section-height-default elementor-section-height-default\" data-id=\"09cf3bc\" data-element_type=\"section\" data-e-type=\"section\">\n\t\t\t\t\t\t<div class=\"elementor-container elementor-column-gap-default\">\n\t\t\t\t\t<div class=\"penci-ercol-100 penci-ercol-order-1 penci-sticky-ct    elementor-column elementor-col-100 elementor-top-column elementor-element elementor-element-178a843\" data-id=\"178a843\" data-element_type=\"column\" data-e-type=\"column\">\n\t\t\t<div class=\"elementor-widget-wrap elementor-element-populated\">\n\t\t\t\t\t\t<div class=\"elementor-element elementor-element-447f251 elementor-widget elementor-widget-image\" data-id=\"447f251\" data-element_type=\"widget\" data-e-type=\"widget\" data-widget_type=\"image.default\">\n\t\t\t\t\t\t\t\t\t\t\t\t\t\t\t<img fetchpriority=\"high\" decoding=\"async\" width=\"750\" height=\"250\" src=\"https:\/\/zeichensetzen-online.de\/wp-content\/uploads\/2018\/11\/mainphotos141118.jpg\" class=\"attachment-large size-large wp-image-2177\" alt=\"Kofo Psychotherapeutische Angebote\" srcset=\"https:\/\/zeichensetzen-online.de\/wp-content\/uploads\/2018\/11\/mainphotos141118.jpg 750w, https:\/\/zeichensetzen-online.de\/wp-content\/uploads\/2018\/11\/mainphotos141118-300x100.jpg 300w, https:\/\/zeichensetzen-online.de\/wp-content\/uploads\/2018\/11\/mainphotos141118-585x195.jpg 585w\" sizes=\"(max-width: 750px) 100vw, 750px\" \/>\t\t\t\t\t\t\t\t\t\t\t\t\t\t\t<\/div>\n\t\t\t\t\t<\/div>\n\t\t<\/div>\n\t\t\t\t\t<\/div>\n\t\t<\/section>\n\t\t\t\t<section class=\"penci-section penci-disSticky penci-structure-10 elementor-section elementor-top-section elementor-element elementor-element-637f714 elementor-section-boxed elementor-section-height-default elementor-section-height-default\" data-id=\"637f714\" data-element_type=\"section\" data-e-type=\"section\">\n\t\t\t\t\t\t<div class=\"elementor-container elementor-column-gap-default\">\n\t\t\t\t\t<div class=\"penci-ercol-100 penci-ercol-order-1 penci-sticky-ct    elementor-column elementor-col-100 elementor-top-column elementor-element elementor-element-78aae25\" data-id=\"78aae25\" data-element_type=\"column\" data-e-type=\"column\">\n\t\t\t<div class=\"elementor-widget-wrap elementor-element-populated\">\n\t\t\t\t\t\t<div class=\"elementor-element elementor-element-ba8d08a elementor-widget elementor-widget-text-editor\" data-id=\"ba8d08a\" data-element_type=\"widget\" data-e-type=\"widget\" data-widget_type=\"text-editor.default\">\n\t\t\t\t\t\t\t\t\t<p>Der gro\u00dfe Andrang an diesem Kofoabend zeigte, wie wichtig dieses Thema f\u00fcr viele Menschen in Essen und Umgebung ist.<\/p><p>Als erste Referentin nannte <b>Dr. Mona Abdel-Hamid<\/b> Untersuchungsergebnisse, die darauf hindeuten, dass h\u00f6rbehinderte Menschen h\u00e4ufiger von psychischen St\u00f6rungen betroffen sind. Gleichzeitig haben sie aufgrund von Kommunikationsbarrieren gr\u00f6\u00dfere Schwierigkeiten, therapeutische Hilfe zu bekommen. Es gibt aber auch sch\u00fctzende Faktoren: Menschen mit hohen Widerstandsressourcen k\u00f6nnen krankmachende Einfl\u00fcsse besser bew\u00e4ltigen. Wichtig ist dabei auch das Vertrauen in die eigene Kraft und in die Umwelt. Wenn man nach vorne schaut und nach neuen Handlungsm\u00f6glichkeiten sucht, kann man sich gut anpassen und negative Erfahrungen verarbeiten.<\/p><p>Die F\u00f6rderung von Ressourcen ist auch ein Schwerpunkt der therapeutischen Arbeit am Alexianer Krankenhaus in Krefeld.<b> Jennifer S\u00f6hn<\/b> arbeitet dort als systemische Therapeutin. Am Zentrum f\u00fcr Psychotraumatologie k\u00f6nnen geh\u00f6rlose Rehabilitanden station\u00e4r oder teilstation\u00e4r betreut werden. Frau S\u00f6hn und Frau von der Ruhen (Psychologin) sind beide geb\u00e4rdensprachkompetent. F\u00fcr Gespr\u00e4che mit weiteren Therapeuten wird VerbaVoice (Online-Dolmetschdienst) beauftragt. Schwerpunkt ist die Bew\u00e4ltigung von Traumata. Ziele der Behandlung sind neben der Verbesserung im Umgang mit \u00c4ngsten, Schuldgef\u00fchlen etc. auch die F\u00f6rderung der Teilhabe im Beruf und im famili\u00e4ren Bereich. Vor der Entlassung wird der Entlassbrief ausf\u00fchrlich mit den Rehabilitanden besprochen und die Nachsorge geplant.<\/p><p>In der anschlie\u00dfenden Diskussion wurde nach Bedeutung und Aufgabe der PITCH-Sprechstunde gefragt. Frau Abdel-Hamid erkl\u00e4rte, dass es sich um eine Spezialsprechstunde f\u00fcr h\u00f6rbehinderte Menschen handelt, die jetzt auch am LVR-Klinikum in Essen eingerichtet wird. (PITCH = Spezialsprechstunde f\u00fcr <u><b>P<\/b><\/u>atient<u><b>I<\/b><\/u>nnen mit <u><b>T<\/b><\/u>aubheit und anderer <u><b>ch<\/b><\/u>ronischer H\u00f6rminderung)<\/p><p>Mehrere Personen aus dem Publikum fragten nach einer psychotherapeutischen Behandlungsm\u00f6glichkeit f\u00fcr Kinder und Jugendliche in Essen und Umgebung. Leider gibt es f\u00fcr diesen Personenkreis hier noch keine Beratungs- und Behandlungsm\u00f6glichkeit. Die PITCH-Sprechstunde richtet sich nur an vollj\u00e4hrige Personen, ebenso das Angebot des Krefelder Krankenhauses. Wer als Kinder- und Jugendlichenpsychotherapeut arbeiten m\u00f6chte, braucht eine Zusatzausbildung. Es wurde vorgeschlagen, unter den Studierenden Werbung f\u00fcr die Arbeit mit h\u00f6rbehinderten Kindern und Jugendlichen zu machen.<\/p><p>Kontakt:\u00a0 j.soehn@alexianer.de; mona.abdel-hamid@lvr.de<\/p>\t\t\t\t\t\t\t\t<\/div>\n\t\t\t\t\t<\/div>\n\t\t<\/div>\n\t\t\t\t\t<\/div>\n\t\t<\/section>\n\t\t\t\t<section class=\"penci-section penci-disSticky penci-structure-10 elementor-section elementor-top-section elementor-element elementor-element-6870ced elementor-section-boxed elementor-section-height-default elementor-section-height-default\" data-id=\"6870ced\" data-element_type=\"section\" data-e-type=\"section\">\n\t\t\t\t\t\t<div class=\"elementor-container elementor-column-gap-default\">\n\t\t\t\t\t<div class=\"penci-ercol-100 penci-ercol-order-1 penci-sticky-ct    elementor-column elementor-col-100 elementor-top-column elementor-element elementor-element-0d16746\" data-id=\"0d16746\" data-element_type=\"column\" data-e-type=\"column\">\n\t\t\t<div class=\"elementor-widget-wrap elementor-element-populated\">\n\t\t\t\t\t\t<div class=\"elementor-element elementor-element-0f59753 elementor-widget elementor-widget-image\" data-id=\"0f59753\" data-element_type=\"widget\" data-e-type=\"widget\" data-widget_type=\"image.default\">\n\t\t\t\t\t\t\t\t\t\t\t\t\t\t\t<img decoding=\"async\" width=\"750\" height=\"250\" src=\"https:\/\/zeichensetzen-online.de\/wp-content\/uploads\/2018\/11\/photos141118.jpg\" class=\"attachment-large size-large wp-image-2178\" alt=\"\" srcset=\"https:\/\/zeichensetzen-online.de\/wp-content\/uploads\/2018\/11\/photos141118.jpg 750w, https:\/\/zeichensetzen-online.de\/wp-content\/uploads\/2018\/11\/photos141118-300x100.jpg 300w, https:\/\/zeichensetzen-online.de\/wp-content\/uploads\/2018\/11\/photos141118-585x195.jpg 585w\" sizes=\"(max-width: 750px) 100vw, 750px\" \/>\t\t\t\t\t\t\t\t\t\t\t\t\t\t\t<\/div>\n\t\t\t\t\t<\/div>\n\t\t<\/div>\n\t\t\t\t\t<\/div>\n\t\t<\/section>\n\t\t\t\t<section class=\"penci-section penci-disSticky penci-structure-10 elementor-section elementor-top-section elementor-element elementor-element-3256941 elementor-section-boxed elementor-section-height-default elementor-section-height-default\" data-id=\"3256941\" data-element_type=\"section\" data-e-type=\"section\">\n\t\t\t\t\t\t<div class=\"elementor-container elementor-column-gap-default\">\n\t\t\t\t\t<div class=\"penci-ercol-100 penci-ercol-order-1 penci-sticky-ct    elementor-column elementor-col-100 elementor-top-column elementor-element elementor-element-404a60d\" data-id=\"404a60d\" data-element_type=\"column\" data-e-type=\"column\">\n\t\t\t<div class=\"elementor-widget-wrap elementor-element-populated\">\n\t\t\t\t\t\t<div class=\"elementor-element elementor-element-4bcb1ee elementor-widget elementor-widget-spacer\" data-id=\"4bcb1ee\" data-element_type=\"widget\" data-e-type=\"widget\" data-widget_type=\"spacer.default\">\n\t\t\t\t\t\t\t<div class=\"elementor-spacer\">\n\t\t\t<div class=\"elementor-spacer-inner\"><\/div>\n\t\t<\/div>\n\t\t\t\t\t\t<\/div>\n\t\t\t\t\t<\/div>\n\t\t<\/div>\n\t\t\t\t\t<\/div>\n\t\t<\/section>\n\t\t\t\t<section class=\"penci-section penci-disSticky penci-structure-20 elementor-section elementor-top-section elementor-element elementor-element-b222e83 elementor-section-boxed elementor-section-height-default elementor-section-height-default\" data-id=\"b222e83\" data-element_type=\"section\" data-e-type=\"section\">\n\t\t\t\t\t\t<div class=\"elementor-container elementor-column-gap-default\">\n\t\t\t\t\t<div class=\"penci-ercol-50 penci-ercol-order-1 penci-sticky-ct    elementor-column elementor-col-50 elementor-top-column elementor-element elementor-element-77fbbda\" data-id=\"77fbbda\" data-element_type=\"column\" data-e-type=\"column\">\n\t\t\t<div class=\"elementor-widget-wrap elementor-element-populated\">\n\t\t\t\t\t\t<div class=\"elementor-element elementor-element-ab30195 elementor-widget elementor-widget-text-editor\" data-id=\"ab30195\" data-element_type=\"widget\" data-e-type=\"widget\" data-widget_type=\"text-editor.default\">\n\t\t\t\t\t\t\t\t\t<p style=\"font-size: 14px; text-align: start; font-family: Roboto, sans-serif; font-weight: 400; color: #7a7a7a;\">Moderation:<br \/>Michael Mees<\/p><p style=\"font-size: 14px; text-align: start; font-family: Roboto, sans-serif; font-weight: 400; color: #7a7a7a;\">Geb\u00e4rdensprachdolmetschen:<br \/>Bastienne Blatz, Sabrina Zelder (<a style=\"text-decoration-line: underline;\" href=\"https:\/\/skarabee.de\/\" target=\"_blank\" rel=\"noopener\">Skarabee<\/a>)<\/p><p style=\"font-size: 14px; text-align: start; font-family: Roboto, sans-serif; font-weight: 400; color: #7a7a7a;\">Schriftdolmetschen:<br \/>Mario Kaul, Ulrike Kretzer<\/p><p style=\"font-size: 14px; text-align: start; font-family: Roboto, sans-serif; font-weight: 400; color: #7a7a7a;\">Fotos:<br \/>Ingo Langner<\/p>\t\t\t\t\t\t\t\t<\/div>\n\t\t\t\t\t<\/div>\n\t\t<\/div>\n\t\t\t\t<div class=\"penci-ercol-50 penci-ercol-order-2 penci-sticky-ct    elementor-column elementor-col-50 elementor-top-column elementor-element elementor-element-6ffe231\" data-id=\"6ffe231\" data-element_type=\"column\" data-e-type=\"column\">\n\t\t\t<div class=\"elementor-widget-wrap elementor-element-populated\">\n\t\t\t\t\t\t<div class=\"elementor-element elementor-element-cb037f0 elementor-widget elementor-widget-image\" data-id=\"cb037f0\" data-element_type=\"widget\" data-e-type=\"widget\" data-widget_type=\"image.default\">\n\t\t\t\t\t\t\t\t\t\t\t\t\t\t\t<img decoding=\"async\" width=\"724\" height=\"1024\" src=\"https:\/\/zeichensetzen-online.de\/wp-content\/uploads\/2017\/02\/psychotherapeutische-angebote_2018-724x1024.jpg\" class=\"attachment-large size-large wp-image-3670\" alt=\"Psychotherapeutische Angebote f\u00fcr h\u00f6rbehinderte Menschen in Essen und Umgebung\" srcset=\"https:\/\/zeichensetzen-online.de\/wp-content\/uploads\/2017\/02\/psychotherapeutische-angebote_2018-724x1024.jpg 724w, https:\/\/zeichensetzen-online.de\/wp-content\/uploads\/2017\/02\/psychotherapeutische-angebote_2018-212x300.jpg 212w, https:\/\/zeichensetzen-online.de\/wp-content\/uploads\/2017\/02\/psychotherapeutische-angebote_2018-768x1086.jpg 768w, https:\/\/zeichensetzen-online.de\/wp-content\/uploads\/2017\/02\/psychotherapeutische-angebote_2018-585x827.jpg 585w, https:\/\/zeichensetzen-online.de\/wp-content\/uploads\/2017\/02\/psychotherapeutische-angebote_2018.jpg 1000w\" sizes=\"(max-width: 724px) 100vw, 724px\" \/>\t\t\t\t\t\t\t\t\t\t\t\t\t\t\t<\/div>\n\t\t\t\t\t<\/div>\n\t\t<\/div>\n\t\t\t\t\t<\/div>\n\t\t<\/section>\n\t\t\t\t<section class=\"penci-section penci-disSticky penci-structure-10 elementor-section elementor-top-section elementor-element elementor-element-916128b elementor-section-boxed elementor-section-height-default elementor-section-height-default\" data-id=\"916128b\" data-element_type=\"section\" data-e-type=\"section\">\n\t\t\t\t\t\t<div class=\"elementor-container elementor-column-gap-default\">\n\t\t\t\t\t<div class=\"penci-ercol-100 penci-ercol-order-1 penci-sticky-ct    elementor-column elementor-col-100 elementor-top-column elementor-element elementor-element-1da7df2\" data-id=\"1da7df2\" data-element_type=\"column\" data-e-type=\"column\">\n\t\t\t<div class=\"elementor-widget-wrap elementor-element-populated\">\n\t\t\t\t\t\t\t<\/div>\n\t\t<\/div>\n\t\t\t\t\t<\/div>\n\t\t<\/section>\n\t\t\t\t<\/div>\n\t\t","protected":false},"excerpt":{"rendered":"<p>Kofo Essen 14.11.2018 Psychotherapeutische Angebote f\u00fcr h\u00f6rbehinderte Menschen in Essen und Umgebung Dr. Mona Abdel-Hamid (Psychologische Psychotherapeutin am LVR-Klinikum Essen), Jennifer S\u00f6hn (Systemische Therapeutin am Alexianer Krankenhaus Krefeld) Der gro\u00dfe&hellip;<\/p>\n","protected":false},"author":1,"featured_media":3670,"comment_status":"closed","ping_status":"open","sticky":false,"template":"","format":"standard","meta":{"content-type":"","_lmt_disableupdate":"","_lmt_disable":"","_themeisle_gutenberg_block_has_review":false,"footnotes":""},"categories":[20,54],"tags":[],"class_list":["post-1166","post","type-post","status-publish","format-standard","has-post-thumbnail","hentry","category-jahrgang-2018","category-november-jahrgang-2018"],"aioseo_notices":[],"_links":{"self":[{"href":"https:\/\/zeichensetzen-online.de\/index.php\/wp-json\/wp\/v2\/posts\/1166","targetHints":{"allow":["GET"]}}],"collection":[{"href":"https:\/\/zeichensetzen-online.de\/index.php\/wp-json\/wp\/v2\/posts"}],"about":[{"href":"https:\/\/zeichensetzen-online.de\/index.php\/wp-json\/wp\/v2\/types\/post"}],"author":[{"embeddable":true,"href":"https:\/\/zeichensetzen-online.de\/index.php\/wp-json\/wp\/v2\/users\/1"}],"replies":[{"embeddable":true,"href":"https:\/\/zeichensetzen-online.de\/index.php\/wp-json\/wp\/v2\/comments?post=1166"}],"version-history":[{"count":24,"href":"https:\/\/zeichensetzen-online.de\/index.php\/wp-json\/wp\/v2\/posts\/1166\/revisions"}],"predecessor-version":[{"id":5127,"href":"https:\/\/zeichensetzen-online.de\/index.php\/wp-json\/wp\/v2\/posts\/1166\/revisions\/5127"}],"wp:featuredmedia":[{"embeddable":true,"href":"https:\/\/zeichensetzen-online.de\/index.php\/wp-json\/wp\/v2\/media\/3670"}],"wp:attachment":[{"href":"https:\/\/zeichensetzen-online.de\/index.php\/wp-json\/wp\/v2\/media?parent=1166"}],"wp:term":[{"taxonomy":"category","embeddable":true,"href":"https:\/\/zeichensetzen-online.de\/index.php\/wp-json\/wp\/v2\/categories?post=1166"},{"taxonomy":"post_tag","embeddable":true,"href":"https:\/\/zeichensetzen-online.de\/index.php\/wp-json\/wp\/v2\/tags?post=1166"}],"curies":[{"name":"wp","href":"https:\/\/api.w.org\/{rel}","templated":true}]}}