{"id":1145,"date":"2018-05-09T17:20:55","date_gmt":"2018-05-09T15:20:55","guid":{"rendered":"https:\/\/zeichensetzen-online.de\/?p=1145"},"modified":"2025-03-20T20:57:04","modified_gmt":"2025-03-20T19:57:04","slug":"ein-jahr-in-mexiko","status":"publish","type":"post","link":"https:\/\/zeichensetzen-online.de\/index.php\/2018\/05\/09\/ein-jahr-in-mexiko\/","title":{"rendered":"Ein Jahr in Mexiko!"},"content":{"rendered":"\t\t<div data-elementor-type=\"wp-post\" data-elementor-id=\"1145\" class=\"elementor elementor-1145\">\n\t\t\t\t\t\t<section class=\"penci-section penci-disSticky penci-structure-10 elementor-section elementor-top-section elementor-element elementor-element-909421e elementor-section-boxed elementor-section-height-default elementor-section-height-default\" data-id=\"909421e\" data-element_type=\"section\" data-e-type=\"section\">\n\t\t\t\t\t\t<div class=\"elementor-container elementor-column-gap-default\">\n\t\t\t\t\t<div class=\"penci-ercol-100 penci-ercol-order-1 penci-sticky-ct    elementor-column elementor-col-100 elementor-top-column elementor-element elementor-element-0c05080\" data-id=\"0c05080\" data-element_type=\"column\" data-e-type=\"column\">\n\t\t\t<div class=\"elementor-widget-wrap elementor-element-populated\">\n\t\t\t\t\t\t<div class=\"elementor-element elementor-element-343464b elementor-widget elementor-widget-penci-fancy_heading\" data-id=\"343464b\" data-element_type=\"widget\" data-e-type=\"widget\" data-widget_type=\"penci-fancy_heading.default\">\n\t\t\t\t<div class=\"elementor-widget-container\">\n\t\t\t\t\t\t\t<div class=\"penci-fancy-heading penci-heading-text-left pc-fctline\">\n\t\t\t<div class=\"penci-fancy-heading-inner\">\n\t\t\t\t<div class=\"penci-heading-subtitle\">Kofo Essen 09.05.2018<\/div><h2 class=\"penci-heading-title\"><span class=\"inner-tit\">Ein Jahr in Mexiko!<\/span><\/h2><div class=\"penci-separator penci-separator- penci-separator-left\"><span class=\"penci-sep_holder penci-sep_holder_l\"><span class=\"penci-sep_line\"><\/span><\/span><span class=\"penci-sep_holder penci-sep_holder_r\"><span class=\"penci-sep_line\"><\/span><\/span><\/div><div class=\"penci-heading-content entry-content\"><p>Linda Hemmetzberger<\/p>\n<\/div>\t\t\t<\/div>\n\t\t<\/div>\n\t\t\t\t\t\t<\/div>\n\t\t\t\t<\/div>\n\t\t\t\t\t<\/div>\n\t\t<\/div>\n\t\t\t\t\t<\/div>\n\t\t<\/section>\n\t\t\t\t<section class=\"penci-section penci-disSticky penci-structure-10 elementor-section elementor-top-section elementor-element elementor-element-1c72f68 elementor-section-boxed elementor-section-height-default elementor-section-height-default\" data-id=\"1c72f68\" data-element_type=\"section\" data-e-type=\"section\">\n\t\t\t\t\t\t<div class=\"elementor-container elementor-column-gap-default\">\n\t\t\t\t\t<div class=\"penci-ercol-100 penci-ercol-order-1 penci-sticky-ct    elementor-column elementor-col-100 elementor-top-column elementor-element elementor-element-c655d5a\" data-id=\"c655d5a\" data-element_type=\"column\" data-e-type=\"column\">\n\t\t\t<div class=\"elementor-widget-wrap elementor-element-populated\">\n\t\t\t\t\t\t<div class=\"elementor-element elementor-element-020615a elementor-widget elementor-widget-image\" data-id=\"020615a\" data-element_type=\"widget\" data-e-type=\"widget\" data-widget_type=\"image.default\">\n\t\t\t\t\t\t\t\t\t\t\t\t\t\t\t<img fetchpriority=\"high\" decoding=\"async\" width=\"750\" height=\"250\" src=\"https:\/\/zeichensetzen-online.de\/wp-content\/uploads\/2018\/05\/mainphotos090518.jpg\" class=\"attachment-large size-large wp-image-2192\" alt=\"Kofo Ein Jahr in Mexiko!\" srcset=\"https:\/\/zeichensetzen-online.de\/wp-content\/uploads\/2018\/05\/mainphotos090518.jpg 750w, https:\/\/zeichensetzen-online.de\/wp-content\/uploads\/2018\/05\/mainphotos090518-300x100.jpg 300w, https:\/\/zeichensetzen-online.de\/wp-content\/uploads\/2018\/05\/mainphotos090518-585x195.jpg 585w\" sizes=\"(max-width: 750px) 100vw, 750px\" \/>\t\t\t\t\t\t\t\t\t\t\t\t\t\t\t<\/div>\n\t\t\t\t\t<\/div>\n\t\t<\/div>\n\t\t\t\t\t<\/div>\n\t\t<\/section>\n\t\t\t\t<section class=\"penci-section penci-disSticky penci-structure-10 elementor-section elementor-top-section elementor-element elementor-element-6d2a96a elementor-section-boxed elementor-section-height-default elementor-section-height-default\" data-id=\"6d2a96a\" data-element_type=\"section\" data-e-type=\"section\">\n\t\t\t\t\t\t<div class=\"elementor-container elementor-column-gap-default\">\n\t\t\t\t\t<div class=\"penci-ercol-100 penci-ercol-order-1 penci-sticky-ct    elementor-column elementor-col-100 elementor-top-column elementor-element elementor-element-e121022\" data-id=\"e121022\" data-element_type=\"column\" data-e-type=\"column\">\n\t\t\t<div class=\"elementor-widget-wrap elementor-element-populated\">\n\t\t\t\t\t\t<div class=\"elementor-element elementor-element-14ddda7 elementor-widget elementor-widget-text-editor\" data-id=\"14ddda7\" data-element_type=\"widget\" data-e-type=\"widget\" data-widget_type=\"text-editor.default\">\n\t\t\t\t\t\t\t\t\t<p>Linda berichtete vor ca. 50 interessierten ZuschauerInnen \u00fcber ihren Aufenthalt in Mexiko 2015\/16. Sie nahm teil an dem entwicklungspolitischen Freiwilligendienst &#8220;weltw\u00e4rts&#8221;, ihre Entsendeorganisation war bezev (Behinderung und Entwicklungszusammenarbeit e.V.). Bereits mehrere h\u00f6rbehinderte junge Menschen haben in L\u00e4ndern Afrikas und Lateinamerikas wertvolle Erfahrungen gesammelt und dar\u00fcber auch auf dem Kofo berichtet.<\/p><p>Linda erkl\u00e4rte zun\u00e4chst den Begriff der &#8220;Permakultur&#8221;, ein Denkprinzip, f\u00fcr das sie sich sehr interessiert und ihre Entscheidung f\u00fcr Mexiko beeinflusst hat. Nachhaltige Entwicklung im Einklang mit den \u00d6kosystemen der Natur ist der Biologiestudentin wichtig.<\/p><p>Ihr Einsatzort in Mexiko war ein Rehazentrum f\u00fcr h\u00f6rbehinderte Kinder in Oaxaca im S\u00fcden des Landes. Dort arbeitete sie im Kindergarten. Sie hatte aber auch Gelegenheit, die unterschiedlichen Kulturen in Mexiko kennen zu lernen, St\u00e4dte und Sehensw\u00fcrdigkeiten zu besuchen und viel \u00fcber die Situation h\u00f6rgesch\u00e4digter Menschen zu erfahren. Geh\u00f6rlose in den D\u00f6rfern werden dort immer noch von ihren Familien versteckt, es gibt wenig Treffm\u00f6glichkeiten &#8211; Fahrtkosten und die h\u00e4ufige Arbeit am Wochenende in der Landwirtschaft erschweren die Kontakte. Jetzt gibt es zwar eine erste Klasse mit geh\u00f6rlosen Abiturienten, aber die Studienm\u00f6glichkeiten im Land sind schwierig. Einige wenige Geh\u00f6rlose haben in den USA studiert und sind dann zur\u00fcck gekommen, um die Lebenssituation geh\u00f6rloser Menschen in Mexiko zu verbessern.<\/p><p>Im Anschluss an den sehr interessanten Vortrag gab es viele Fragen, die die Referentin kompetent beantwortete. Zum Schluss bat sie mit einem Videofilm um Spenden f\u00fcr eine geh\u00f6rlose junge Frau, die \u00fcber das Welthaus Bielefeld zurzeit in Oaxaca ist. 25% der Kosten m\u00fcssen Teilnehmer \u00fcber Spenden hereinholen. Die Spendenkasse des Kofoabends ging an diese Teilnehmerin.<\/p>\t\t\t\t\t\t\t\t<\/div>\n\t\t\t\t\t<\/div>\n\t\t<\/div>\n\t\t\t\t\t<\/div>\n\t\t<\/section>\n\t\t\t\t<section class=\"penci-section penci-disSticky penci-structure-10 elementor-section elementor-top-section elementor-element elementor-element-d850a02 elementor-section-boxed elementor-section-height-default elementor-section-height-default\" data-id=\"d850a02\" data-element_type=\"section\" data-e-type=\"section\">\n\t\t\t\t\t\t<div class=\"elementor-container elementor-column-gap-default\">\n\t\t\t\t\t<div class=\"penci-ercol-100 penci-ercol-order-1 penci-sticky-ct    elementor-column elementor-col-100 elementor-top-column elementor-element elementor-element-0391e9c\" data-id=\"0391e9c\" data-element_type=\"column\" data-e-type=\"column\">\n\t\t\t<div class=\"elementor-widget-wrap elementor-element-populated\">\n\t\t\t\t\t\t<div class=\"elementor-element elementor-element-f4ddff3 elementor-widget elementor-widget-image\" data-id=\"f4ddff3\" data-element_type=\"widget\" data-e-type=\"widget\" data-widget_type=\"image.default\">\n\t\t\t\t\t\t\t\t\t\t\t\t\t\t\t<img decoding=\"async\" width=\"750\" height=\"250\" src=\"https:\/\/zeichensetzen-online.de\/wp-content\/uploads\/2018\/05\/photos090518.jpg\" class=\"attachment-large size-large wp-image-2193\" alt=\"Kofo Ein Jahr in Mexiko!\" srcset=\"https:\/\/zeichensetzen-online.de\/wp-content\/uploads\/2018\/05\/photos090518.jpg 750w, https:\/\/zeichensetzen-online.de\/wp-content\/uploads\/2018\/05\/photos090518-300x100.jpg 300w, https:\/\/zeichensetzen-online.de\/wp-content\/uploads\/2018\/05\/photos090518-585x195.jpg 585w\" sizes=\"(max-width: 750px) 100vw, 750px\" \/>\t\t\t\t\t\t\t\t\t\t\t\t\t\t\t<\/div>\n\t\t\t\t\t<\/div>\n\t\t<\/div>\n\t\t\t\t\t<\/div>\n\t\t<\/section>\n\t\t\t\t<section class=\"penci-section penci-disSticky penci-structure-10 elementor-section elementor-top-section elementor-element elementor-element-70837a6 elementor-section-boxed elementor-section-height-default elementor-section-height-default\" data-id=\"70837a6\" data-element_type=\"section\" data-e-type=\"section\">\n\t\t\t\t\t\t<div class=\"elementor-container elementor-column-gap-default\">\n\t\t\t\t\t<div class=\"penci-ercol-100 penci-ercol-order-1 penci-sticky-ct    elementor-column elementor-col-100 elementor-top-column elementor-element elementor-element-0cc161c\" data-id=\"0cc161c\" data-element_type=\"column\" data-e-type=\"column\">\n\t\t\t<div class=\"elementor-widget-wrap elementor-element-populated\">\n\t\t\t\t\t\t<div class=\"elementor-element elementor-element-cfca61e elementor-widget elementor-widget-spacer\" data-id=\"cfca61e\" data-element_type=\"widget\" data-e-type=\"widget\" data-widget_type=\"spacer.default\">\n\t\t\t\t\t\t\t<div class=\"elementor-spacer\">\n\t\t\t<div class=\"elementor-spacer-inner\"><\/div>\n\t\t<\/div>\n\t\t\t\t\t\t<\/div>\n\t\t\t\t\t<\/div>\n\t\t<\/div>\n\t\t\t\t\t<\/div>\n\t\t<\/section>\n\t\t\t\t<section class=\"penci-section penci-disSticky penci-structure-20 elementor-section elementor-top-section elementor-element elementor-element-00998d7 elementor-section-boxed elementor-section-height-default elementor-section-height-default\" data-id=\"00998d7\" data-element_type=\"section\" data-e-type=\"section\">\n\t\t\t\t\t\t<div class=\"elementor-container elementor-column-gap-default\">\n\t\t\t\t\t<div class=\"penci-ercol-50 penci-ercol-order-1 penci-sticky-ct    elementor-column elementor-col-50 elementor-top-column elementor-element elementor-element-9aa0694\" data-id=\"9aa0694\" data-element_type=\"column\" data-e-type=\"column\">\n\t\t\t<div class=\"elementor-widget-wrap elementor-element-populated\">\n\t\t\t\t\t\t<div class=\"elementor-element elementor-element-4b29fe9 elementor-widget elementor-widget-text-editor\" data-id=\"4b29fe9\" data-element_type=\"widget\" data-e-type=\"widget\" data-widget_type=\"text-editor.default\">\n\t\t\t\t\t\t\t\t\t<p style=\"font-size: 14px; text-align: start; font-family: Roboto, sans-serif; font-weight: 400; color: #7a7a7a;\">Moderation:<br \/>Katrin M\u00fcller<\/p><p style=\"font-size: 14px; text-align: start; font-family: Roboto, sans-serif; font-weight: 400; color: #7a7a7a;\">Geb\u00e4rdensprachdolmetschen:<br \/>Magdalena Meisen, Bastienne Blatz (<a href=\"https:\/\/skarabee.de\/\" target=\"_blank\" rel=\"noopener\">Skarabee<\/a>)<\/p><p style=\"font-size: 14px; text-align: start; font-family: Roboto, sans-serif; font-weight: 400; color: #7a7a7a;\">Schriftdolmetschen:<br \/>Cornelia Krajewski, Mario Kaul<\/p><p style=\"font-size: 14px; text-align: start; font-family: Roboto, sans-serif; font-weight: 400; color: #7a7a7a;\">Fotos:<br \/>Ingo Langner<\/p>\t\t\t\t\t\t\t\t<\/div>\n\t\t\t\t\t<\/div>\n\t\t<\/div>\n\t\t\t\t<div class=\"penci-ercol-50 penci-ercol-order-2 penci-sticky-ct    elementor-column elementor-col-50 elementor-top-column elementor-element elementor-element-3399f15\" data-id=\"3399f15\" data-element_type=\"column\" data-e-type=\"column\">\n\t\t\t<div class=\"elementor-widget-wrap elementor-element-populated\">\n\t\t\t\t\t\t<div class=\"elementor-element elementor-element-ead7f0c elementor-widget elementor-widget-image\" data-id=\"ead7f0c\" data-element_type=\"widget\" data-e-type=\"widget\" data-widget_type=\"image.default\">\n\t\t\t\t\t\t\t\t\t\t\t\t\t\t\t<img decoding=\"async\" width=\"724\" height=\"1024\" src=\"https:\/\/zeichensetzen-online.de\/wp-content\/uploads\/2017\/02\/ein-jahr-in-mexiko_2018-724x1024.jpg\" class=\"attachment-large size-large wp-image-3660\" alt=\"Ein Jahr in Mexiko\" srcset=\"https:\/\/zeichensetzen-online.de\/wp-content\/uploads\/2017\/02\/ein-jahr-in-mexiko_2018-724x1024.jpg 724w, https:\/\/zeichensetzen-online.de\/wp-content\/uploads\/2017\/02\/ein-jahr-in-mexiko_2018-212x300.jpg 212w, https:\/\/zeichensetzen-online.de\/wp-content\/uploads\/2017\/02\/ein-jahr-in-mexiko_2018-768x1086.jpg 768w, https:\/\/zeichensetzen-online.de\/wp-content\/uploads\/2017\/02\/ein-jahr-in-mexiko_2018-585x827.jpg 585w, https:\/\/zeichensetzen-online.de\/wp-content\/uploads\/2017\/02\/ein-jahr-in-mexiko_2018.jpg 1000w\" sizes=\"(max-width: 724px) 100vw, 724px\" \/>\t\t\t\t\t\t\t\t\t\t\t\t\t\t\t<\/div>\n\t\t\t\t\t<\/div>\n\t\t<\/div>\n\t\t\t\t\t<\/div>\n\t\t<\/section>\n\t\t\t\t<\/div>\n\t\t","protected":false},"excerpt":{"rendered":"<p>Kofo Essen 09.05.2018 Ein Jahr in Mexiko! Linda Hemmetzberger Linda berichtete vor ca. 50 interessierten ZuschauerInnen \u00fcber ihren Aufenthalt in Mexiko 2015\/16. Sie nahm teil an dem entwicklungspolitischen Freiwilligendienst &#8220;weltw\u00e4rts&#8221;,&hellip;<\/p>\n","protected":false},"author":1,"featured_media":3660,"comment_status":"closed","ping_status":"open","sticky":false,"template":"","format":"standard","meta":{"content-type":"","_lmt_disableupdate":"","_lmt_disable":"","_themeisle_gutenberg_block_has_review":false,"footnotes":""},"categories":[20,51],"tags":[],"class_list":["post-1145","post","type-post","status-publish","format-standard","has-post-thumbnail","hentry","category-jahrgang-2018","category-mai-jahrgang-2018"],"aioseo_notices":[],"_links":{"self":[{"href":"https:\/\/zeichensetzen-online.de\/index.php\/wp-json\/wp\/v2\/posts\/1145","targetHints":{"allow":["GET"]}}],"collection":[{"href":"https:\/\/zeichensetzen-online.de\/index.php\/wp-json\/wp\/v2\/posts"}],"about":[{"href":"https:\/\/zeichensetzen-online.de\/index.php\/wp-json\/wp\/v2\/types\/post"}],"author":[{"embeddable":true,"href":"https:\/\/zeichensetzen-online.de\/index.php\/wp-json\/wp\/v2\/users\/1"}],"replies":[{"embeddable":true,"href":"https:\/\/zeichensetzen-online.de\/index.php\/wp-json\/wp\/v2\/comments?post=1145"}],"version-history":[{"count":24,"href":"https:\/\/zeichensetzen-online.de\/index.php\/wp-json\/wp\/v2\/posts\/1145\/revisions"}],"predecessor-version":[{"id":5136,"href":"https:\/\/zeichensetzen-online.de\/index.php\/wp-json\/wp\/v2\/posts\/1145\/revisions\/5136"}],"wp:featuredmedia":[{"embeddable":true,"href":"https:\/\/zeichensetzen-online.de\/index.php\/wp-json\/wp\/v2\/media\/3660"}],"wp:attachment":[{"href":"https:\/\/zeichensetzen-online.de\/index.php\/wp-json\/wp\/v2\/media?parent=1145"}],"wp:term":[{"taxonomy":"category","embeddable":true,"href":"https:\/\/zeichensetzen-online.de\/index.php\/wp-json\/wp\/v2\/categories?post=1145"},{"taxonomy":"post_tag","embeddable":true,"href":"https:\/\/zeichensetzen-online.de\/index.php\/wp-json\/wp\/v2\/tags?post=1145"}],"curies":[{"name":"wp","href":"https:\/\/api.w.org\/{rel}","templated":true}]}}