{"id":1115,"date":"2017-09-13T14:11:38","date_gmt":"2017-09-13T12:11:38","guid":{"rendered":"https:\/\/zeichensetzen-online.de\/?p=1115"},"modified":"2025-03-20T21:01:01","modified_gmt":"2025-03-20T20:01:01","slug":"kompetenzzentrum-selbstbestimmt-leben-fuer-menschen-mit-sinnesbehinderung","status":"publish","type":"post","link":"https:\/\/zeichensetzen-online.de\/index.php\/2017\/09\/13\/kompetenzzentrum-selbstbestimmt-leben-fuer-menschen-mit-sinnesbehinderung\/","title":{"rendered":"Kompetenzzentrum Selbstbestimmt Leben f\u00fcr Menschen mit Sinnesbehinderung"},"content":{"rendered":"\t\t<div data-elementor-type=\"wp-post\" data-elementor-id=\"1115\" class=\"elementor elementor-1115\">\n\t\t\t\t\t\t<section class=\"penci-section penci-disSticky penci-structure-10 elementor-section elementor-top-section elementor-element elementor-element-837a481 elementor-section-boxed elementor-section-height-default elementor-section-height-default\" data-id=\"837a481\" data-element_type=\"section\" data-e-type=\"section\">\n\t\t\t\t\t\t<div class=\"elementor-container elementor-column-gap-default\">\n\t\t\t\t\t<div class=\"penci-ercol-100 penci-ercol-order-1 penci-sticky-ct    elementor-column elementor-col-100 elementor-top-column elementor-element elementor-element-f2f9afd\" data-id=\"f2f9afd\" data-element_type=\"column\" data-e-type=\"column\">\n\t\t\t<div class=\"elementor-widget-wrap elementor-element-populated\">\n\t\t\t\t\t\t<div class=\"elementor-element elementor-element-5cbd31d elementor-widget elementor-widget-penci-fancy_heading\" data-id=\"5cbd31d\" data-element_type=\"widget\" data-e-type=\"widget\" data-widget_type=\"penci-fancy_heading.default\">\n\t\t\t\t<div class=\"elementor-widget-container\">\n\t\t\t\t\t\t\t<div class=\"penci-fancy-heading penci-heading-text-left pc-fctline\">\n\t\t\t<div class=\"penci-fancy-heading-inner\">\n\t\t\t\t<div class=\"penci-heading-subtitle\">Kofo Essen 13.09.2017<\/div><h2 class=\"penci-heading-title\"><span class=\"inner-tit\">Kompetenzzentrum Selbstbestimmt Leben f\u00fcr Menschen mit Sinnesbehinderung<\/span><\/h2><div class=\"penci-separator penci-separator- penci-separator-left\"><span class=\"penci-sep_holder penci-sep_holder_l\"><span class=\"penci-sep_line\"><\/span><\/span><span class=\"penci-sep_holder penci-sep_holder_r\"><span class=\"penci-sep_line\"><\/span><\/span><\/div><div class=\"penci-heading-content entry-content\"><p>Leitung und MitarbeiterInnen des KSL Essen stellen das Angebot vor<\/p>\n<\/div>\t\t\t<\/div>\n\t\t<\/div>\n\t\t\t\t\t\t<\/div>\n\t\t\t\t<\/div>\n\t\t\t\t\t<\/div>\n\t\t<\/div>\n\t\t\t\t\t<\/div>\n\t\t<\/section>\n\t\t\t\t<section class=\"penci-section penci-disSticky penci-structure-10 elementor-section elementor-top-section elementor-element elementor-element-c724c18 elementor-section-boxed elementor-section-height-default elementor-section-height-default\" data-id=\"c724c18\" data-element_type=\"section\" data-e-type=\"section\">\n\t\t\t\t\t\t<div class=\"elementor-container elementor-column-gap-default\">\n\t\t\t\t\t<div class=\"penci-ercol-100 penci-ercol-order-1 penci-sticky-ct    elementor-column elementor-col-100 elementor-top-column elementor-element elementor-element-d660dcd\" data-id=\"d660dcd\" data-element_type=\"column\" data-e-type=\"column\">\n\t\t\t<div class=\"elementor-widget-wrap elementor-element-populated\">\n\t\t\t\t\t\t<div class=\"elementor-element elementor-element-9b8b3e1 elementor-widget elementor-widget-image\" data-id=\"9b8b3e1\" data-element_type=\"widget\" data-e-type=\"widget\" data-widget_type=\"image.default\">\n\t\t\t\t\t\t\t\t\t\t\t\t\t\t\t<img fetchpriority=\"high\" decoding=\"async\" width=\"750\" height=\"250\" src=\"https:\/\/zeichensetzen-online.de\/wp-content\/uploads\/2017\/09\/mainphotos130917.jpg\" class=\"attachment-large size-large wp-image-2212\" alt=\"Kofo Selbstbestimmt Leben\" srcset=\"https:\/\/zeichensetzen-online.de\/wp-content\/uploads\/2017\/09\/mainphotos130917.jpg 750w, https:\/\/zeichensetzen-online.de\/wp-content\/uploads\/2017\/09\/mainphotos130917-300x100.jpg 300w, https:\/\/zeichensetzen-online.de\/wp-content\/uploads\/2017\/09\/mainphotos130917-585x195.jpg 585w\" sizes=\"(max-width: 750px) 100vw, 750px\" \/>\t\t\t\t\t\t\t\t\t\t\t\t\t\t\t<\/div>\n\t\t\t\t\t<\/div>\n\t\t<\/div>\n\t\t\t\t\t<\/div>\n\t\t<\/section>\n\t\t\t\t<section class=\"penci-section penci-disSticky penci-structure-10 elementor-section elementor-top-section elementor-element elementor-element-ac3467a elementor-section-boxed elementor-section-height-default elementor-section-height-default\" data-id=\"ac3467a\" data-element_type=\"section\" data-e-type=\"section\">\n\t\t\t\t\t\t<div class=\"elementor-container elementor-column-gap-default\">\n\t\t\t\t\t<div class=\"penci-ercol-100 penci-ercol-order-1 penci-sticky-ct    elementor-column elementor-col-100 elementor-top-column elementor-element elementor-element-328e38c\" data-id=\"328e38c\" data-element_type=\"column\" data-e-type=\"column\">\n\t\t\t<div class=\"elementor-widget-wrap elementor-element-populated\">\n\t\t\t\t\t\t<div class=\"elementor-element elementor-element-50852b1 elementor-widget elementor-widget-text-editor\" data-id=\"50852b1\" data-element_type=\"widget\" data-e-type=\"widget\" data-widget_type=\"text-editor.default\">\n\t\t\t\t\t\t\t\t\t<p>Seit einem Jahr arbeitet das KSL f\u00fcr Menschen mit Sinnesbehinderung im Haus der Technik in Essen, aber Zielsetzung und Angebote sind noch nicht \u00fcberall bekannt. Wir haben uns deshalb gefreut, dass die Leitung des Zentrums, Alexandra Janaszek und ihr gesamtes Team unserer Einladung gefolgt sind. Frau Janaszek stellte kurz das Projekt vor: Einzugsgebiet ist NRW, die Projektdauer zun\u00e4chst bis 2019, es gibt 3 Fachbereiche: H\u00f6ren (Doris Bednarek), Sehen (Lisa Stiller) und Taubblind (Melanie Wegerhoff).<\/p><p>Doris Bednarek erkl\u00e4rte anschlie\u00dfend ausf\u00fchrlich Zielsetzung und Projekte des Kompetenzzentrums. Zu diesen z\u00e4hlen u.a. eine Checkliste f\u00fcr Barrierefreie Veranstaltung und f\u00fcr die Durchf\u00fchrung barrierefreier Wahlen, die Information \u00fcber barrierefreie Notrufsysteme, die Sensibilisierung von Beamten in Ausbildung f\u00fcr die Kommunikationssituation sinnesbehinderter Menschen und Hilfestellung bei der Beantragung des Pers\u00f6nlichen Budgets. Es war ein sehr lebendiger Vortrag und man staunte, wie viele wichtige Projekte das KSL bereits in Angriff genommen hat. Wichtig ist auch die Netzwerkarbeit, um eigene Projekte mit bereits bestehenden zu verkn\u00fcpfen.<\/p><p>In der anschlie\u00dfenden Diskussion konnten noch viele Fragen beantwortet werden.<\/p><p>Ein Blick in die Website des KSL-MSi-NRW lohnt sich, hier kann man auch Formulare und Brosch\u00fcren herunterladen, die auf der Veranstaltung auslagen:<\/p><p><a href=\"https:\/\/ksl-msi-nrw.de\/de\" target=\"_blank\" rel=\"noopener\">www.ksl-msi-nrw.de<\/a><\/p>\t\t\t\t\t\t\t\t<\/div>\n\t\t\t\t\t<\/div>\n\t\t<\/div>\n\t\t\t\t\t<\/div>\n\t\t<\/section>\n\t\t\t\t<section class=\"penci-section penci-disSticky penci-structure-10 elementor-section elementor-top-section elementor-element elementor-element-07a1a24 elementor-section-boxed elementor-section-height-default elementor-section-height-default\" data-id=\"07a1a24\" data-element_type=\"section\" data-e-type=\"section\">\n\t\t\t\t\t\t<div class=\"elementor-container elementor-column-gap-default\">\n\t\t\t\t\t<div class=\"penci-ercol-100 penci-ercol-order-1 penci-sticky-ct    elementor-column elementor-col-100 elementor-top-column elementor-element elementor-element-f3ff85e\" data-id=\"f3ff85e\" data-element_type=\"column\" data-e-type=\"column\">\n\t\t\t<div class=\"elementor-widget-wrap elementor-element-populated\">\n\t\t\t\t\t\t<div class=\"elementor-element elementor-element-111b2de elementor-widget elementor-widget-image\" data-id=\"111b2de\" data-element_type=\"widget\" data-e-type=\"widget\" data-widget_type=\"image.default\">\n\t\t\t\t\t\t\t\t\t\t\t\t\t\t\t<img decoding=\"async\" width=\"750\" height=\"250\" src=\"https:\/\/zeichensetzen-online.de\/wp-content\/uploads\/2017\/09\/photos130917.jpg\" class=\"attachment-large size-large wp-image-2213\" alt=\"Kofo Selbstbestimmt Leben\" srcset=\"https:\/\/zeichensetzen-online.de\/wp-content\/uploads\/2017\/09\/photos130917.jpg 750w, https:\/\/zeichensetzen-online.de\/wp-content\/uploads\/2017\/09\/photos130917-300x100.jpg 300w, https:\/\/zeichensetzen-online.de\/wp-content\/uploads\/2017\/09\/photos130917-585x195.jpg 585w\" sizes=\"(max-width: 750px) 100vw, 750px\" \/>\t\t\t\t\t\t\t\t\t\t\t\t\t\t\t<\/div>\n\t\t\t\t\t<\/div>\n\t\t<\/div>\n\t\t\t\t\t<\/div>\n\t\t<\/section>\n\t\t\t\t<section class=\"penci-section penci-disSticky penci-structure-10 elementor-section elementor-top-section elementor-element elementor-element-3b6df33 elementor-section-boxed elementor-section-height-default elementor-section-height-default\" data-id=\"3b6df33\" data-element_type=\"section\" data-e-type=\"section\">\n\t\t\t\t\t\t<div class=\"elementor-container elementor-column-gap-default\">\n\t\t\t\t\t<div class=\"penci-ercol-100 penci-ercol-order-1 penci-sticky-ct    elementor-column elementor-col-100 elementor-top-column elementor-element elementor-element-a1bcb62\" data-id=\"a1bcb62\" data-element_type=\"column\" data-e-type=\"column\">\n\t\t\t<div class=\"elementor-widget-wrap elementor-element-populated\">\n\t\t\t\t\t\t<div class=\"elementor-element elementor-element-05103e2 elementor-widget elementor-widget-spacer\" data-id=\"05103e2\" data-element_type=\"widget\" data-e-type=\"widget\" data-widget_type=\"spacer.default\">\n\t\t\t\t\t\t\t<div class=\"elementor-spacer\">\n\t\t\t<div class=\"elementor-spacer-inner\"><\/div>\n\t\t<\/div>\n\t\t\t\t\t\t<\/div>\n\t\t\t\t\t<\/div>\n\t\t<\/div>\n\t\t\t\t\t<\/div>\n\t\t<\/section>\n\t\t\t\t<section class=\"penci-section penci-disSticky penci-structure-20 elementor-section elementor-top-section elementor-element elementor-element-077e432 elementor-section-boxed elementor-section-height-default elementor-section-height-default\" data-id=\"077e432\" data-element_type=\"section\" data-e-type=\"section\">\n\t\t\t\t\t\t<div class=\"elementor-container elementor-column-gap-default\">\n\t\t\t\t\t<div class=\"penci-ercol-50 penci-ercol-order-1 penci-sticky-ct    elementor-column elementor-col-50 elementor-top-column elementor-element elementor-element-7f452cd\" data-id=\"7f452cd\" data-element_type=\"column\" data-e-type=\"column\">\n\t\t\t<div class=\"elementor-widget-wrap elementor-element-populated\">\n\t\t\t\t\t\t<div class=\"elementor-element elementor-element-7b82ec8 elementor-widget elementor-widget-text-editor\" data-id=\"7b82ec8\" data-element_type=\"widget\" data-e-type=\"widget\" data-widget_type=\"text-editor.default\">\n\t\t\t\t\t\t\t\t\t<p style=\"font-size: 14px; text-align: start; font-family: Roboto, sans-serif; font-weight: 400; color: #7a7a7a;\">Moderation:<br \/>Ralf Kirchhoff<\/p><p style=\"font-size: 14px; text-align: start; font-family: Roboto, sans-serif; font-weight: 400; color: #7a7a7a;\">Geb\u00e4rdensprachdolmetschen:<br \/>Maggie Meisen, Julia Beer (<a href=\"https:\/\/skarabee.de\/\" target=\"_blank\" rel=\"noopener\">Skarabee<\/a>)<\/p><p style=\"font-size: 14px; text-align: start; font-family: Roboto, sans-serif; font-weight: 400; color: #7a7a7a;\">Schriftdolmetschen:<br \/>Cornelia Krajewski, Mario Kaul<\/p><p style=\"font-size: 14px; text-align: start; font-family: Roboto, sans-serif; font-weight: 400; color: #7a7a7a;\">Fotos:<br \/>Ingo Langner<\/p>\t\t\t\t\t\t\t\t<\/div>\n\t\t\t\t\t<\/div>\n\t\t<\/div>\n\t\t\t\t<div class=\"penci-ercol-50 penci-ercol-order-2 penci-sticky-ct    elementor-column elementor-col-50 elementor-top-column elementor-element elementor-element-ecd4356\" data-id=\"ecd4356\" data-element_type=\"column\" data-e-type=\"column\">\n\t\t\t<div class=\"elementor-widget-wrap elementor-element-populated\">\n\t\t\t\t\t\t<div class=\"elementor-element elementor-element-6de91a8 elementor-widget elementor-widget-image\" data-id=\"6de91a8\" data-element_type=\"widget\" data-e-type=\"widget\" data-widget_type=\"image.default\">\n\t\t\t\t\t\t\t\t\t\t\t\t\t\t\t<img decoding=\"async\" width=\"724\" height=\"1024\" src=\"https:\/\/zeichensetzen-online.de\/wp-content\/uploads\/2017\/02\/kompetenzzentrum-selbstbestimmt-leben_2017-724x1024.jpg\" class=\"attachment-large size-large wp-image-3664\" alt=\"Kompetenzzentrum Selbstbestimmt Leben\" srcset=\"https:\/\/zeichensetzen-online.de\/wp-content\/uploads\/2017\/02\/kompetenzzentrum-selbstbestimmt-leben_2017-724x1024.jpg 724w, https:\/\/zeichensetzen-online.de\/wp-content\/uploads\/2017\/02\/kompetenzzentrum-selbstbestimmt-leben_2017-212x300.jpg 212w, https:\/\/zeichensetzen-online.de\/wp-content\/uploads\/2017\/02\/kompetenzzentrum-selbstbestimmt-leben_2017-768x1086.jpg 768w, https:\/\/zeichensetzen-online.de\/wp-content\/uploads\/2017\/02\/kompetenzzentrum-selbstbestimmt-leben_2017-585x827.jpg 585w, https:\/\/zeichensetzen-online.de\/wp-content\/uploads\/2017\/02\/kompetenzzentrum-selbstbestimmt-leben_2017.jpg 1000w\" sizes=\"(max-width: 724px) 100vw, 724px\" \/>\t\t\t\t\t\t\t\t\t\t\t\t\t\t\t<\/div>\n\t\t\t\t\t<\/div>\n\t\t<\/div>\n\t\t\t\t\t<\/div>\n\t\t<\/section>\n\t\t\t\t<\/div>\n\t\t","protected":false},"excerpt":{"rendered":"<p>Kofo Essen 13.09.2017 Kompetenzzentrum Selbstbestimmt Leben f\u00fcr Menschen mit Sinnesbehinderung Leitung und MitarbeiterInnen des KSL Essen stellen das Angebot vor Seit einem Jahr arbeitet das KSL f\u00fcr Menschen mit Sinnesbehinderung&hellip;<\/p>\n","protected":false},"author":1,"featured_media":3664,"comment_status":"closed","ping_status":"open","sticky":false,"template":"","format":"standard","meta":{"content-type":"","_lmt_disableupdate":"","_lmt_disable":"","_themeisle_gutenberg_block_has_review":false,"footnotes":""},"categories":[19,59],"tags":[],"class_list":["post-1115","post","type-post","status-publish","format-standard","has-post-thumbnail","hentry","category-jahrgang-2017","category-september-jahrgang-2017"],"aioseo_notices":[],"_links":{"self":[{"href":"https:\/\/zeichensetzen-online.de\/index.php\/wp-json\/wp\/v2\/posts\/1115","targetHints":{"allow":["GET"]}}],"collection":[{"href":"https:\/\/zeichensetzen-online.de\/index.php\/wp-json\/wp\/v2\/posts"}],"about":[{"href":"https:\/\/zeichensetzen-online.de\/index.php\/wp-json\/wp\/v2\/types\/post"}],"author":[{"embeddable":true,"href":"https:\/\/zeichensetzen-online.de\/index.php\/wp-json\/wp\/v2\/users\/1"}],"replies":[{"embeddable":true,"href":"https:\/\/zeichensetzen-online.de\/index.php\/wp-json\/wp\/v2\/comments?post=1115"}],"version-history":[{"count":27,"href":"https:\/\/zeichensetzen-online.de\/index.php\/wp-json\/wp\/v2\/posts\/1115\/revisions"}],"predecessor-version":[{"id":5148,"href":"https:\/\/zeichensetzen-online.de\/index.php\/wp-json\/wp\/v2\/posts\/1115\/revisions\/5148"}],"wp:featuredmedia":[{"embeddable":true,"href":"https:\/\/zeichensetzen-online.de\/index.php\/wp-json\/wp\/v2\/media\/3664"}],"wp:attachment":[{"href":"https:\/\/zeichensetzen-online.de\/index.php\/wp-json\/wp\/v2\/media?parent=1115"}],"wp:term":[{"taxonomy":"category","embeddable":true,"href":"https:\/\/zeichensetzen-online.de\/index.php\/wp-json\/wp\/v2\/categories?post=1115"},{"taxonomy":"post_tag","embeddable":true,"href":"https:\/\/zeichensetzen-online.de\/index.php\/wp-json\/wp\/v2\/tags?post=1115"}],"curies":[{"name":"wp","href":"https:\/\/api.w.org\/{rel}","templated":true}]}}