{"id":1071,"date":"2016-03-09T13:47:34","date_gmt":"2016-03-09T12:47:34","guid":{"rendered":"https:\/\/zeichensetzen-online.de\/?p=1071"},"modified":"2025-03-23T10:01:03","modified_gmt":"2025-03-23T09:01:03","slug":"willkommen-in-deutschland-taube-fluechtlinge-und-hilfen-der-gehoerlosengemeinschaft","status":"publish","type":"post","link":"https:\/\/zeichensetzen-online.de\/index.php\/2016\/03\/09\/willkommen-in-deutschland-taube-fluechtlinge-und-hilfen-der-gehoerlosengemeinschaft\/","title":{"rendered":"Willkommen in Deutschland? Taube Fl\u00fcchtlinge und Hilfen der Geh\u00f6rlosengemeinschaft"},"content":{"rendered":"\t\t<div data-elementor-type=\"wp-post\" data-elementor-id=\"1071\" class=\"elementor elementor-1071\">\n\t\t\t\t\t\t<section class=\"penci-section penci-disSticky penci-structure-10 elementor-section elementor-top-section elementor-element elementor-element-bb08e87 elementor-section-boxed elementor-section-height-default elementor-section-height-default\" data-id=\"bb08e87\" data-element_type=\"section\" data-e-type=\"section\">\n\t\t\t\t\t\t<div class=\"elementor-container elementor-column-gap-default\">\n\t\t\t\t\t<div class=\"penci-ercol-100 penci-ercol-order-1 penci-sticky-ct    elementor-column elementor-col-100 elementor-top-column elementor-element elementor-element-8728d89\" data-id=\"8728d89\" data-element_type=\"column\" data-e-type=\"column\">\n\t\t\t<div class=\"elementor-widget-wrap elementor-element-populated\">\n\t\t\t\t\t\t<div class=\"elementor-element elementor-element-04a6d5f elementor-widget elementor-widget-penci-fancy_heading\" data-id=\"04a6d5f\" data-element_type=\"widget\" data-e-type=\"widget\" data-widget_type=\"penci-fancy_heading.default\">\n\t\t\t\t<div class=\"elementor-widget-container\">\n\t\t\t\t\t\t\t<div class=\"penci-fancy-heading penci-heading-text-left pc-fctline\">\n\t\t\t<div class=\"penci-fancy-heading-inner\">\n\t\t\t\t<div class=\"penci-heading-subtitle\">Kofo Essen 9.03.2016<\/div><h2 class=\"penci-heading-title\"><span class=\"inner-tit\">Willkommen in Deutschland? Taube Fl\u00fcchtlinge und Hilfen der Geh\u00f6rlosengemeinschaft<\/span><\/h2><div class=\"penci-separator penci-separator- penci-separator-left\"><span class=\"penci-sep_holder penci-sep_holder_l\"><span class=\"penci-sep_line\"><\/span><\/span><span class=\"penci-sep_holder penci-sep_holder_r\"><span class=\"penci-sep_line\"><\/span><\/span><\/div><div class=\"penci-heading-content entry-content\"><p>Fl\u00fcchtlingshilfsteam \"Deaf Refugees NRW\" \u2013<br \/>\nChristine Tschuschner, Stephanie Prothmann<\/p>\n<\/div>\t\t\t<\/div>\n\t\t<\/div>\n\t\t\t\t\t\t<\/div>\n\t\t\t\t<\/div>\n\t\t\t\t\t<\/div>\n\t\t<\/div>\n\t\t\t\t\t<\/div>\n\t\t<\/section>\n\t\t\t\t<section class=\"penci-section penci-disSticky penci-structure-10 elementor-section elementor-top-section elementor-element elementor-element-455cdb2 elementor-section-boxed elementor-section-height-default elementor-section-height-default\" data-id=\"455cdb2\" data-element_type=\"section\" data-e-type=\"section\">\n\t\t\t\t\t\t<div class=\"elementor-container elementor-column-gap-default\">\n\t\t\t\t\t<div class=\"penci-ercol-100 penci-ercol-order-1 penci-sticky-ct    elementor-column elementor-col-100 elementor-top-column elementor-element elementor-element-6426360\" data-id=\"6426360\" data-element_type=\"column\" data-e-type=\"column\">\n\t\t\t<div class=\"elementor-widget-wrap elementor-element-populated\">\n\t\t\t\t\t\t<div class=\"elementor-element elementor-element-acd20e7 elementor-widget elementor-widget-image\" data-id=\"acd20e7\" data-element_type=\"widget\" data-e-type=\"widget\" data-widget_type=\"image.default\">\n\t\t\t\t\t\t\t\t\t\t\t\t\t\t\t<img fetchpriority=\"high\" decoding=\"async\" width=\"750\" height=\"250\" src=\"https:\/\/zeichensetzen-online.de\/wp-content\/uploads\/2016\/03\/mainphotos090316-1.jpg\" class=\"attachment-large size-large wp-image-2254\" alt=\"Kofo Deaf Refugees NRW\" srcset=\"https:\/\/zeichensetzen-online.de\/wp-content\/uploads\/2016\/03\/mainphotos090316-1.jpg 750w, https:\/\/zeichensetzen-online.de\/wp-content\/uploads\/2016\/03\/mainphotos090316-1-300x100.jpg 300w, https:\/\/zeichensetzen-online.de\/wp-content\/uploads\/2016\/03\/mainphotos090316-1-585x195.jpg 585w\" sizes=\"(max-width: 750px) 100vw, 750px\" \/>\t\t\t\t\t\t\t\t\t\t\t\t\t\t\t<\/div>\n\t\t\t\t\t<\/div>\n\t\t<\/div>\n\t\t\t\t\t<\/div>\n\t\t<\/section>\n\t\t\t\t<section class=\"penci-section penci-disSticky penci-structure-10 elementor-section elementor-top-section elementor-element elementor-element-5a1861f elementor-section-boxed elementor-section-height-default elementor-section-height-default\" data-id=\"5a1861f\" data-element_type=\"section\" data-e-type=\"section\">\n\t\t\t\t\t\t<div class=\"elementor-container elementor-column-gap-default\">\n\t\t\t\t\t<div class=\"penci-ercol-100 penci-ercol-order-1 penci-sticky-ct    elementor-column elementor-col-100 elementor-top-column elementor-element elementor-element-e85d2ad\" data-id=\"e85d2ad\" data-element_type=\"column\" data-e-type=\"column\">\n\t\t\t<div class=\"elementor-widget-wrap elementor-element-populated\">\n\t\t\t\t\t\t<div class=\"elementor-element elementor-element-da3dc70 elementor-widget elementor-widget-text-editor\" data-id=\"da3dc70\" data-element_type=\"widget\" data-e-type=\"widget\" data-widget_type=\"text-editor.default\">\n\t\t\t\t\t\t\t\t\t<p>Zahlreiche Besucher fanden sich zu diesem Kofo-Abend ein, darunter auch mehrere geh\u00f6rlose Fl\u00fcchtlinge. Um eine gute Kommunikation f\u00fcr alle zu gew\u00e4hrleisten, dolmetschte Rafael Grombelka in International Sign.<\/p><p>Leider stand die Veranstaltung unter keinem guten Stern: Der vorgesehene zweite Referent Harro Drescher hatte kurzfristig abgesagt, ebenso unser Moderator Ralf aus Krankheitsgr\u00fcnden. Michael Mees war bereit, noch am selben Tag als Moderator einzuspringen und Christine Tschuschner und Stephanie Prothmann \u00fcbernahmen auch Harros Part.<\/p><p>Christine stellte zun\u00e4chst die Unterst\u00fctzungsgruppe des Landesverbandes der Geh\u00f6rlosen vor. Sie erkl\u00e4rte dann Fluchtursachen, Fluchtwege, den Ablauf des Asylverfahrens und nahm Stellung zu einigen Vorurteilen hier in Deutschland gegen Fl\u00fcchtlinge. Besonders geh\u00f6rlose Fl\u00fcchtlinge sto\u00dfen auf Barrieren. Viele von ihnen sind allein geflohen, ihnen droht auch in Deutschland die Vereinzelung. Christine appellierte an die Zuschauer, geh\u00f6rlose Fl\u00fcchtlinge wie ein Familienmitglied in die Geh\u00f6rlosengemeinschaft aufzunehmen. Ihr und \u00dcmit Cucus Engagement f\u00fcr Fl\u00fcchtlinge ist bewundernswert.<\/p><p>Die Dolmetscherin Stephanie Prothmann berichtete von den Schwierigkeiten geh\u00f6rloser Fl\u00fcchtlinge, bei \u00c4mtern und insbesondere beim Bundesamt f\u00fcr Migration und Fl\u00fcchtlinge ihre Anliegen vorzutragen. Die Betroffenen bekommen einen Termin f\u00fcr das \u201egro\u00dfe Interview\u201c und m\u00fcssen dann schauen, wie sie Dolmetscher daf\u00fcr organisieren. F\u00fcr die Dolmetscher sind diese Termine auch eine gro\u00dfe psychische Belastung. Sie erfahren viel von Krieg, Folter und unmenschlichem Verhalten, mit dem sie fertig werden m\u00fcssen.<\/p><p>In der anschlie\u00dfenden Diskussion meldete sich ein Fl\u00fcchtling mit einem Termin f\u00fcr seine Anh\u00f6rung, den er vor kurzem bekommen hat und Stephanie konnte Hilfe versprechen. Leider blieb f\u00fcr die Diskussion viel zu wenig Zeit; einige wichtige Fragen blieben unbeantwortet, als wir die Veranstaltung um 21.15 schlie\u00dfen mussten.<\/p><p>Dank an die Referenten, die zugunsten der Fl\u00fcchtlingsarbeit auf ein Honorar verzichteten. Unsere Spendensammlung ging an diesem Abend ebenfalls an die FL\u00fcchtlingshilfe und betrug 93 Euro.<\/p>\t\t\t\t\t\t\t\t<\/div>\n\t\t\t\t\t<\/div>\n\t\t<\/div>\n\t\t\t\t\t<\/div>\n\t\t<\/section>\n\t\t\t\t<section class=\"penci-section penci-disSticky penci-structure-10 elementor-section elementor-top-section elementor-element elementor-element-1da8c26 elementor-section-boxed elementor-section-height-default elementor-section-height-default\" data-id=\"1da8c26\" data-element_type=\"section\" data-e-type=\"section\">\n\t\t\t\t\t\t<div class=\"elementor-container elementor-column-gap-default\">\n\t\t\t\t\t<div class=\"penci-ercol-100 penci-ercol-order-1 penci-sticky-ct    elementor-column elementor-col-100 elementor-top-column elementor-element elementor-element-61a2ca8\" data-id=\"61a2ca8\" data-element_type=\"column\" data-e-type=\"column\">\n\t\t\t<div class=\"elementor-widget-wrap elementor-element-populated\">\n\t\t\t\t\t\t<div class=\"elementor-element elementor-element-a9f10ce elementor-widget elementor-widget-image\" data-id=\"a9f10ce\" data-element_type=\"widget\" data-e-type=\"widget\" data-widget_type=\"image.default\">\n\t\t\t\t\t\t\t\t\t\t\t\t\t\t\t<img decoding=\"async\" width=\"750\" height=\"250\" src=\"https:\/\/zeichensetzen-online.de\/wp-content\/uploads\/2016\/03\/photos090316-1.jpg\" class=\"attachment-large size-large wp-image-2255\" alt=\"Kofo Deaf Refugees NRW\" srcset=\"https:\/\/zeichensetzen-online.de\/wp-content\/uploads\/2016\/03\/photos090316-1.jpg 750w, https:\/\/zeichensetzen-online.de\/wp-content\/uploads\/2016\/03\/photos090316-1-300x100.jpg 300w, https:\/\/zeichensetzen-online.de\/wp-content\/uploads\/2016\/03\/photos090316-1-585x195.jpg 585w\" sizes=\"(max-width: 750px) 100vw, 750px\" \/>\t\t\t\t\t\t\t\t\t\t\t\t\t\t\t<\/div>\n\t\t\t\t\t<\/div>\n\t\t<\/div>\n\t\t\t\t\t<\/div>\n\t\t<\/section>\n\t\t\t\t<section class=\"penci-section penci-disSticky penci-structure-10 elementor-section elementor-top-section elementor-element elementor-element-da4647f elementor-section-boxed elementor-section-height-default elementor-section-height-default\" data-id=\"da4647f\" data-element_type=\"section\" data-e-type=\"section\">\n\t\t\t\t\t\t<div class=\"elementor-container elementor-column-gap-default\">\n\t\t\t\t\t<div class=\"penci-ercol-100 penci-ercol-order-1 penci-sticky-ct    elementor-column elementor-col-100 elementor-top-column elementor-element elementor-element-0cd0455\" data-id=\"0cd0455\" data-element_type=\"column\" data-e-type=\"column\">\n\t\t\t<div class=\"elementor-widget-wrap elementor-element-populated\">\n\t\t\t\t\t\t<div class=\"elementor-element elementor-element-0367849 elementor-widget elementor-widget-spacer\" data-id=\"0367849\" data-element_type=\"widget\" data-e-type=\"widget\" data-widget_type=\"spacer.default\">\n\t\t\t\t\t\t\t<div class=\"elementor-spacer\">\n\t\t\t<div class=\"elementor-spacer-inner\"><\/div>\n\t\t<\/div>\n\t\t\t\t\t\t<\/div>\n\t\t\t\t\t<\/div>\n\t\t<\/div>\n\t\t\t\t\t<\/div>\n\t\t<\/section>\n\t\t\t\t<section class=\"penci-section penci-disSticky penci-structure-20 elementor-section elementor-top-section elementor-element elementor-element-889094b elementor-section-boxed elementor-section-height-default elementor-section-height-default\" data-id=\"889094b\" data-element_type=\"section\" data-e-type=\"section\">\n\t\t\t\t\t\t<div class=\"elementor-container elementor-column-gap-default\">\n\t\t\t\t\t<div class=\"penci-ercol-50 penci-ercol-order-1 penci-sticky-ct    elementor-column elementor-col-50 elementor-top-column elementor-element elementor-element-96ee084\" data-id=\"96ee084\" data-element_type=\"column\" data-e-type=\"column\">\n\t\t\t<div class=\"elementor-widget-wrap elementor-element-populated\">\n\t\t\t\t\t\t<div class=\"elementor-element elementor-element-13fa6a6 elementor-widget elementor-widget-text-editor\" data-id=\"13fa6a6\" data-element_type=\"widget\" data-e-type=\"widget\" data-widget_type=\"text-editor.default\">\n\t\t\t\t\t\t\t\t\t<p style=\"font-size: 14px; text-align: start; font-family: Roboto, sans-serif; font-weight: 400; color: #7a7a7a;\">Moderation:<br \/>Michael Mees<\/p><p style=\"font-size: 14px; text-align: start; font-family: Roboto, sans-serif; font-weight: 400; color: #7a7a7a;\">Geb\u00e4rdensprachdolmetschen:<br \/>M\u00e4ggie Meisen, Bastienne Blatz (<a href=\"https:\/\/skarabee.de\/\" target=\"_blank\" rel=\"noopener\">Skarabee<\/a>)<\/p><p style=\"font-size: 14px; text-align: start; font-family: Roboto, sans-serif; font-weight: 400; color: #7a7a7a;\">Schriftdolmetschen:<br \/>Cornelia Krajewski, Mario Kaul<\/p><p style=\"font-size: 14px; text-align: start; font-family: Roboto, sans-serif; font-weight: 400; color: #7a7a7a;\">Fotos:<br \/>Frank Br\u00fcggemann<\/p>\t\t\t\t\t\t\t\t<\/div>\n\t\t\t\t\t<\/div>\n\t\t<\/div>\n\t\t\t\t<div class=\"penci-ercol-50 penci-ercol-order-2 penci-sticky-ct    elementor-column elementor-col-50 elementor-top-column elementor-element elementor-element-4cf9ea6\" data-id=\"4cf9ea6\" data-element_type=\"column\" data-e-type=\"column\">\n\t\t\t<div class=\"elementor-widget-wrap elementor-element-populated\">\n\t\t\t\t\t\t<div class=\"elementor-element elementor-element-16d1fa9 elementor-widget elementor-widget-image\" data-id=\"16d1fa9\" data-element_type=\"widget\" data-e-type=\"widget\" data-widget_type=\"image.default\">\n\t\t\t\t\t\t\t\t\t\t\t\t\t\t\t<img decoding=\"async\" width=\"724\" height=\"1024\" src=\"https:\/\/zeichensetzen-online.de\/wp-content\/uploads\/2016\/01\/willkommen-in-deutschland_2016-724x1024.jpg\" class=\"attachment-large size-large wp-image-4236\" alt=\"Willkommen in Deutschland? Taube Fl\u00fcchtlinge und Hilfen der Geh\u00f6rlosengemeinschaft\" srcset=\"https:\/\/zeichensetzen-online.de\/wp-content\/uploads\/2016\/01\/willkommen-in-deutschland_2016-724x1024.jpg 724w, https:\/\/zeichensetzen-online.de\/wp-content\/uploads\/2016\/01\/willkommen-in-deutschland_2016-212x300.jpg 212w, https:\/\/zeichensetzen-online.de\/wp-content\/uploads\/2016\/01\/willkommen-in-deutschland_2016-768x1086.jpg 768w, https:\/\/zeichensetzen-online.de\/wp-content\/uploads\/2016\/01\/willkommen-in-deutschland_2016-585x827.jpg 585w, https:\/\/zeichensetzen-online.de\/wp-content\/uploads\/2016\/01\/willkommen-in-deutschland_2016.jpg 1000w\" sizes=\"(max-width: 724px) 100vw, 724px\" \/>\t\t\t\t\t\t\t\t\t\t\t\t\t\t\t<\/div>\n\t\t\t\t\t<\/div>\n\t\t<\/div>\n\t\t\t\t\t<\/div>\n\t\t<\/section>\n\t\t\t\t<\/div>\n\t\t","protected":false},"excerpt":{"rendered":"<p>Kofo Essen 9.03.2016 Willkommen in Deutschland? Taube Fl\u00fcchtlinge und Hilfen der Geh\u00f6rlosengemeinschaft Fl\u00fcchtlingshilfsteam &#8220;Deaf Refugees NRW&#8221; \u2013 Christine Tschuschner, Stephanie Prothmann Zahlreiche Besucher fanden sich zu diesem Kofo-Abend ein, darunter&hellip;<\/p>\n","protected":false},"author":1,"featured_media":4236,"comment_status":"closed","ping_status":"open","sticky":false,"template":"","format":"standard","meta":{"content-type":"","_lmt_disableupdate":"","_lmt_disable":"","_themeisle_gutenberg_block_has_review":false,"footnotes":""},"categories":[18,64],"tags":[],"class_list":["post-1071","post","type-post","status-publish","format-standard","has-post-thumbnail","hentry","category-jahrgang-2016","category-maerz-jahrgang-2016"],"aioseo_notices":[],"_links":{"self":[{"href":"https:\/\/zeichensetzen-online.de\/index.php\/wp-json\/wp\/v2\/posts\/1071","targetHints":{"allow":["GET"]}}],"collection":[{"href":"https:\/\/zeichensetzen-online.de\/index.php\/wp-json\/wp\/v2\/posts"}],"about":[{"href":"https:\/\/zeichensetzen-online.de\/index.php\/wp-json\/wp\/v2\/types\/post"}],"author":[{"embeddable":true,"href":"https:\/\/zeichensetzen-online.de\/index.php\/wp-json\/wp\/v2\/users\/1"}],"replies":[{"embeddable":true,"href":"https:\/\/zeichensetzen-online.de\/index.php\/wp-json\/wp\/v2\/comments?post=1071"}],"version-history":[{"count":20,"href":"https:\/\/zeichensetzen-online.de\/index.php\/wp-json\/wp\/v2\/posts\/1071\/revisions"}],"predecessor-version":[{"id":5172,"href":"https:\/\/zeichensetzen-online.de\/index.php\/wp-json\/wp\/v2\/posts\/1071\/revisions\/5172"}],"wp:featuredmedia":[{"embeddable":true,"href":"https:\/\/zeichensetzen-online.de\/index.php\/wp-json\/wp\/v2\/media\/4236"}],"wp:attachment":[{"href":"https:\/\/zeichensetzen-online.de\/index.php\/wp-json\/wp\/v2\/media?parent=1071"}],"wp:term":[{"taxonomy":"category","embeddable":true,"href":"https:\/\/zeichensetzen-online.de\/index.php\/wp-json\/wp\/v2\/categories?post=1071"},{"taxonomy":"post_tag","embeddable":true,"href":"https:\/\/zeichensetzen-online.de\/index.php\/wp-json\/wp\/v2\/tags?post=1071"}],"curies":[{"name":"wp","href":"https:\/\/api.w.org\/{rel}","templated":true}]}}