{"id":1017,"date":"2014-12-10T20:21:33","date_gmt":"2014-12-10T19:21:33","guid":{"rendered":"https:\/\/zeichensetzen-online.de\/?p=1017"},"modified":"2025-03-25T09:00:16","modified_gmt":"2025-03-25T08:00:16","slug":"20-jahre-happy-birthday-kofo-essen","status":"publish","type":"post","link":"https:\/\/zeichensetzen-online.de\/index.php\/2014\/12\/10\/20-jahre-happy-birthday-kofo-essen\/","title":{"rendered":"20 Jahre \u2013 Happy Birthday Kofo Essen!"},"content":{"rendered":"\t\t<div data-elementor-type=\"wp-post\" data-elementor-id=\"1017\" class=\"elementor elementor-1017\">\n\t\t\t\t\t\t<section class=\"penci-section penci-disSticky penci-structure-10 elementor-section elementor-top-section elementor-element elementor-element-27e27ad elementor-section-boxed elementor-section-height-default elementor-section-height-default\" data-id=\"27e27ad\" data-element_type=\"section\" data-e-type=\"section\">\n\t\t\t\t\t\t<div class=\"elementor-container elementor-column-gap-default\">\n\t\t\t\t\t<div class=\"penci-ercol-100 penci-ercol-order-1 penci-sticky-ct    elementor-column elementor-col-100 elementor-top-column elementor-element elementor-element-26f6143\" data-id=\"26f6143\" data-element_type=\"column\" data-e-type=\"column\">\n\t\t\t<div class=\"elementor-widget-wrap elementor-element-populated\">\n\t\t\t\t\t\t<div class=\"elementor-element elementor-element-641c048 elementor-widget elementor-widget-penci-fancy_heading\" data-id=\"641c048\" data-element_type=\"widget\" data-e-type=\"widget\" data-widget_type=\"penci-fancy_heading.default\">\n\t\t\t\t<div class=\"elementor-widget-container\">\n\t\t\t\t\t\t\t<div class=\"penci-fancy-heading penci-heading-text-left pc-fctline\">\n\t\t\t<div class=\"penci-fancy-heading-inner\">\n\t\t\t\t<div class=\"penci-heading-subtitle\">Kofo Essen 10.12.2014<\/div><h2 class=\"penci-heading-title\"><span class=\"inner-tit\">20 Jahre \u2013 Happy Birthday Kofo Essen!<\/span><\/h2><div class=\"penci-separator penci-separator- penci-separator-left\"><span class=\"penci-sep_holder penci-sep_holder_l\"><span class=\"penci-sep_line\"><\/span><\/span><span class=\"penci-sep_holder penci-sep_holder_r\"><span class=\"penci-sep_line\"><\/span><\/span><\/div><div class=\"penci-heading-content entry-content\"><p>Mit: Katrin M\u00fcller, Jonathan Savkin, Jessica Jaksa, Benedikt J. Feldmann, Rafael-Evitan Grombelka, Mathias Sch\u00e4fer und allen G\u00e4sten<\/p>\n<\/div>\t\t\t<\/div>\n\t\t<\/div>\n\t\t\t\t\t\t<\/div>\n\t\t\t\t<\/div>\n\t\t\t\t\t<\/div>\n\t\t<\/div>\n\t\t\t\t\t<\/div>\n\t\t<\/section>\n\t\t\t\t<section class=\"penci-section penci-disSticky penci-structure-10 elementor-section elementor-top-section elementor-element elementor-element-d3268cd elementor-section-boxed elementor-section-height-default elementor-section-height-default\" data-id=\"d3268cd\" data-element_type=\"section\" data-e-type=\"section\">\n\t\t\t\t\t\t<div class=\"elementor-container elementor-column-gap-default\">\n\t\t\t\t\t<div class=\"penci-ercol-100 penci-ercol-order-1 penci-sticky-ct    elementor-column elementor-col-100 elementor-top-column elementor-element elementor-element-77dbd53\" data-id=\"77dbd53\" data-element_type=\"column\" data-e-type=\"column\">\n\t\t\t<div class=\"elementor-widget-wrap elementor-element-populated\">\n\t\t\t\t\t\t<div class=\"elementor-element elementor-element-be65a17 elementor-widget elementor-widget-image\" data-id=\"be65a17\" data-element_type=\"widget\" data-e-type=\"widget\" data-widget_type=\"image.default\">\n\t\t\t\t\t\t\t\t\t\t\t\t\t\t\t<img fetchpriority=\"high\" decoding=\"async\" width=\"750\" height=\"250\" src=\"https:\/\/zeichensetzen-online.de\/wp-content\/uploads\/2014\/12\/mainphotos101214.jpg\" class=\"attachment-large size-large wp-image-2304\" alt=\"20 Jahre Kofo\" srcset=\"https:\/\/zeichensetzen-online.de\/wp-content\/uploads\/2014\/12\/mainphotos101214.jpg 750w, https:\/\/zeichensetzen-online.de\/wp-content\/uploads\/2014\/12\/mainphotos101214-300x100.jpg 300w, https:\/\/zeichensetzen-online.de\/wp-content\/uploads\/2014\/12\/mainphotos101214-585x195.jpg 585w\" sizes=\"(max-width: 750px) 100vw, 750px\" \/>\t\t\t\t\t\t\t\t\t\t\t\t\t\t\t<\/div>\n\t\t\t\t\t<\/div>\n\t\t<\/div>\n\t\t\t\t\t<\/div>\n\t\t<\/section>\n\t\t\t\t<section class=\"penci-section penci-disSticky penci-structure-10 elementor-section elementor-top-section elementor-element elementor-element-3f967f5 elementor-section-boxed elementor-section-height-default elementor-section-height-default\" data-id=\"3f967f5\" data-element_type=\"section\" data-e-type=\"section\">\n\t\t\t\t\t\t<div class=\"elementor-container elementor-column-gap-default\">\n\t\t\t\t\t<div class=\"penci-ercol-100 penci-ercol-order-1 penci-sticky-ct    elementor-column elementor-col-100 elementor-top-column elementor-element elementor-element-0d467f3\" data-id=\"0d467f3\" data-element_type=\"column\" data-e-type=\"column\">\n\t\t\t<div class=\"elementor-widget-wrap elementor-element-populated\">\n\t\t\t\t\t\t<div class=\"elementor-element elementor-element-84f019d elementor-widget elementor-widget-text-editor\" data-id=\"84f019d\" data-element_type=\"widget\" data-e-type=\"widget\" data-widget_type=\"text-editor.default\">\n\t\t\t\t\t\t\t\t\t<p>20 Jahre gibt es schon das Kofo Essen! 1994 wurde es unter Mitwirkung von Tom Bierschneider gegr\u00fcndet \u2013 nach dem Vorbild des ersten Kofo Deutschlands in M\u00fcnchen. Um auch Schwerh\u00f6rige und Ertaubte zu erreichen, setzten wir in Essen bald auch Schriftdolmetscher ein. Katrin M\u00fcller erkl\u00e4rte zu Beginn der Feier den zahlreich erschienenen G\u00e4sten diese Geschichte des Essener Kofo, dankte allen Unterst\u00fctzern und vor allem dem Publikum, das uns \u00fcber all die Jahre treu geblieben ist. Das B\u00fchnenprogramm begann mit dem Auftritt von zwei Nachwuchsk\u00fcnstlern des RWB Essen. Sie zeigten ihre Deaf-Slam-Beitr\u00e4ge, mit denen sie auf einem Wettbewerb im November die ersten beiden Pl\u00e4tze gewonnen hatten. Anschlie\u00dfend pr\u00e4sentierte Benedikt Feldmann einen Kurzfilm, der unter seiner Regie entstanden ist: \u201eDas neue Gl\u00fcck\u201c mit den SchauspielerInnen Silke Baumg\u00e4rtner, Sandy Knispel und Eyk Kauly. Nach der Zusammenfassung seiner Geschichte von \u201eTilda und Josef-Maria\u201c zeigte Benedikt das Video \u201eCamolino\u201c, wundersch\u00f6n erz\u00e4hlt von Mathias Sch\u00e4fer. Zum Abschluss geb\u00e4rdete Rafael Grombelka eine rasante Poesie und bezog das Publikum mit ein: Alle w\u00fcnschten \u201eHappy Birthday, Kofo Essen!\u201c<\/p><p>Nach diesem stimmungsvollen Ende des B\u00fchnenprogramms blieb noch genug Zeit f\u00fcr lockere Unterhaltungen bei Snacks und Getr\u00e4nken und wir vom Kofoteam nutzten endlich die Gelegenheit f\u00fcr unser allererstes Gruppenfoto.<\/p>\t\t\t\t\t\t\t\t<\/div>\n\t\t\t\t\t<\/div>\n\t\t<\/div>\n\t\t\t\t\t<\/div>\n\t\t<\/section>\n\t\t\t\t<section class=\"penci-section penci-disSticky penci-structure-10 elementor-section elementor-top-section elementor-element elementor-element-a3e553f elementor-section-boxed elementor-section-height-default elementor-section-height-default\" data-id=\"a3e553f\" data-element_type=\"section\" data-e-type=\"section\">\n\t\t\t\t\t\t<div class=\"elementor-container elementor-column-gap-default\">\n\t\t\t\t\t<div class=\"penci-ercol-100 penci-ercol-order-1 penci-sticky-ct    elementor-column elementor-col-100 elementor-top-column elementor-element elementor-element-6be359c\" data-id=\"6be359c\" data-element_type=\"column\" data-e-type=\"column\">\n\t\t\t<div class=\"elementor-widget-wrap elementor-element-populated\">\n\t\t\t\t\t\t<div class=\"elementor-element elementor-element-2d63e68 elementor-widget elementor-widget-image\" data-id=\"2d63e68\" data-element_type=\"widget\" data-e-type=\"widget\" data-widget_type=\"image.default\">\n\t\t\t\t\t\t\t\t\t\t\t\t\t\t\t<img decoding=\"async\" width=\"750\" height=\"250\" src=\"https:\/\/zeichensetzen-online.de\/wp-content\/uploads\/2014\/12\/photos101214.jpg\" class=\"attachment-large size-large wp-image-2305\" alt=\"20 Jahre Kofo\" srcset=\"https:\/\/zeichensetzen-online.de\/wp-content\/uploads\/2014\/12\/photos101214.jpg 750w, https:\/\/zeichensetzen-online.de\/wp-content\/uploads\/2014\/12\/photos101214-300x100.jpg 300w, https:\/\/zeichensetzen-online.de\/wp-content\/uploads\/2014\/12\/photos101214-585x195.jpg 585w\" sizes=\"(max-width: 750px) 100vw, 750px\" \/>\t\t\t\t\t\t\t\t\t\t\t\t\t\t\t<\/div>\n\t\t\t\t\t<\/div>\n\t\t<\/div>\n\t\t\t\t\t<\/div>\n\t\t<\/section>\n\t\t\t\t<section class=\"penci-section penci-disSticky penci-structure-10 elementor-section elementor-top-section elementor-element elementor-element-c197d35 elementor-section-boxed elementor-section-height-default elementor-section-height-default\" data-id=\"c197d35\" data-element_type=\"section\" data-e-type=\"section\">\n\t\t\t\t\t\t<div class=\"elementor-container elementor-column-gap-default\">\n\t\t\t\t\t<div class=\"penci-ercol-100 penci-ercol-order-1 penci-sticky-ct    elementor-column elementor-col-100 elementor-top-column elementor-element elementor-element-e159775\" data-id=\"e159775\" data-element_type=\"column\" data-e-type=\"column\">\n\t\t\t<div class=\"elementor-widget-wrap elementor-element-populated\">\n\t\t\t\t\t\t<div class=\"elementor-element elementor-element-5dd120b elementor-widget elementor-widget-spacer\" data-id=\"5dd120b\" data-element_type=\"widget\" data-e-type=\"widget\" data-widget_type=\"spacer.default\">\n\t\t\t\t\t\t\t<div class=\"elementor-spacer\">\n\t\t\t<div class=\"elementor-spacer-inner\"><\/div>\n\t\t<\/div>\n\t\t\t\t\t\t<\/div>\n\t\t\t\t\t<\/div>\n\t\t<\/div>\n\t\t\t\t\t<\/div>\n\t\t<\/section>\n\t\t\t\t<section class=\"penci-section penci-disSticky penci-structure-20 elementor-section elementor-top-section elementor-element elementor-element-194dc74 elementor-section-boxed elementor-section-height-default elementor-section-height-default\" data-id=\"194dc74\" data-element_type=\"section\" data-e-type=\"section\">\n\t\t\t\t\t\t<div class=\"elementor-container elementor-column-gap-default\">\n\t\t\t\t\t<div class=\"penci-ercol-50 penci-ercol-order-1 penci-sticky-ct    elementor-column elementor-col-50 elementor-top-column elementor-element elementor-element-c4be30d\" data-id=\"c4be30d\" data-element_type=\"column\" data-e-type=\"column\">\n\t\t\t<div class=\"elementor-widget-wrap elementor-element-populated\">\n\t\t\t\t\t\t<div class=\"elementor-element elementor-element-d59ff80 elementor-widget elementor-widget-text-editor\" data-id=\"d59ff80\" data-element_type=\"widget\" data-e-type=\"widget\" data-widget_type=\"text-editor.default\">\n\t\t\t\t\t\t\t\t\t<p style=\"font-size: 14px; text-align: start; font-family: Roboto, sans-serif; font-weight: 400; color: #7a7a7a;\">Moderation:<br \/>Katrin M\u00fcller<\/p><p style=\"font-size: 14px; text-align: start; font-family: Roboto, sans-serif; font-weight: 400; color: #7a7a7a;\">Geb\u00e4rdensprachdolmetschen:<br \/>Magdalena Meisen, Bastienne Blatz (<a href=\"https:\/\/skarabee.de\/\" target=\"_blank\" rel=\"noopener\">Skarabee<\/a>)<\/p><p style=\"font-size: 14px; text-align: start; font-family: Roboto, sans-serif; font-weight: 400; color: #7a7a7a;\">Schriftdolmetschen:<br \/>Cornelia Krajewski, Mario Kaul<\/p><p style=\"font-size: 14px; text-align: start; font-family: Roboto, sans-serif; font-weight: 400; color: #7a7a7a;\">Fotos:<br \/>Volker, Thorsten<\/p><p style=\"font-size: 14px; text-align: start; font-family: Roboto, sans-serif; font-weight: 400; color: #7a7a7a;\">Plakat:<br \/>Benedikt J. Feldmann (yomma)<\/p>\t\t\t\t\t\t\t\t<\/div>\n\t\t\t\t\t<\/div>\n\t\t<\/div>\n\t\t\t\t<div class=\"penci-ercol-50 penci-ercol-order-2 penci-sticky-ct    elementor-column elementor-col-50 elementor-top-column elementor-element elementor-element-c8a77b6\" data-id=\"c8a77b6\" data-element_type=\"column\" data-e-type=\"column\">\n\t\t\t<div class=\"elementor-widget-wrap elementor-element-populated\">\n\t\t\t\t\t\t<div class=\"elementor-element elementor-element-ea30417 elementor-widget elementor-widget-image\" data-id=\"ea30417\" data-element_type=\"widget\" data-e-type=\"widget\" data-widget_type=\"image.default\">\n\t\t\t\t\t\t\t\t\t\t\t\t\t\t\t<img decoding=\"async\" width=\"724\" height=\"1024\" src=\"https:\/\/zeichensetzen-online.de\/wp-content\/uploads\/2014\/02\/kofo20jahre_2014-724x1024.jpg\" class=\"attachment-large size-large wp-image-4176\" alt=\"20 Jahre \u2013 Happy Birthday Kofo Essen!\" srcset=\"https:\/\/zeichensetzen-online.de\/wp-content\/uploads\/2014\/02\/kofo20jahre_2014-724x1024.jpg 724w, https:\/\/zeichensetzen-online.de\/wp-content\/uploads\/2014\/02\/kofo20jahre_2014-212x300.jpg 212w, https:\/\/zeichensetzen-online.de\/wp-content\/uploads\/2014\/02\/kofo20jahre_2014-768x1086.jpg 768w, https:\/\/zeichensetzen-online.de\/wp-content\/uploads\/2014\/02\/kofo20jahre_2014-585x827.jpg 585w, https:\/\/zeichensetzen-online.de\/wp-content\/uploads\/2014\/02\/kofo20jahre_2014.jpg 1000w\" sizes=\"(max-width: 724px) 100vw, 724px\" \/>\t\t\t\t\t\t\t\t\t\t\t\t\t\t\t<\/div>\n\t\t\t\t\t<\/div>\n\t\t<\/div>\n\t\t\t\t\t<\/div>\n\t\t<\/section>\n\t\t\t\t<\/div>\n\t\t","protected":false},"excerpt":{"rendered":"<p>Kofo Essen 10.12.2014 20 Jahre \u2013 Happy Birthday Kofo Essen! Mit: Katrin M\u00fcller, Jonathan Savkin, Jessica Jaksa, Benedikt J. Feldmann, Rafael-Evitan Grombelka, Mathias Sch\u00e4fer und allen G\u00e4sten 20 Jahre gibt&hellip;<\/p>\n","protected":false},"author":1,"featured_media":4176,"comment_status":"closed","ping_status":"open","sticky":false,"template":"","format":"standard","meta":{"content-type":"","_lmt_disableupdate":"","_lmt_disable":"","_themeisle_gutenberg_block_has_review":false,"footnotes":""},"categories":[16,82],"tags":[],"class_list":["post-1017","post","type-post","status-publish","format-standard","has-post-thumbnail","hentry","category-jahrgang-2014","category-dezember-jahrgang-2014"],"aioseo_notices":[],"_links":{"self":[{"href":"https:\/\/zeichensetzen-online.de\/index.php\/wp-json\/wp\/v2\/posts\/1017","targetHints":{"allow":["GET"]}}],"collection":[{"href":"https:\/\/zeichensetzen-online.de\/index.php\/wp-json\/wp\/v2\/posts"}],"about":[{"href":"https:\/\/zeichensetzen-online.de\/index.php\/wp-json\/wp\/v2\/types\/post"}],"author":[{"embeddable":true,"href":"https:\/\/zeichensetzen-online.de\/index.php\/wp-json\/wp\/v2\/users\/1"}],"replies":[{"embeddable":true,"href":"https:\/\/zeichensetzen-online.de\/index.php\/wp-json\/wp\/v2\/comments?post=1017"}],"version-history":[{"count":20,"href":"https:\/\/zeichensetzen-online.de\/index.php\/wp-json\/wp\/v2\/posts\/1017\/revisions"}],"predecessor-version":[{"id":5203,"href":"https:\/\/zeichensetzen-online.de\/index.php\/wp-json\/wp\/v2\/posts\/1017\/revisions\/5203"}],"wp:featuredmedia":[{"embeddable":true,"href":"https:\/\/zeichensetzen-online.de\/index.php\/wp-json\/wp\/v2\/media\/4176"}],"wp:attachment":[{"href":"https:\/\/zeichensetzen-online.de\/index.php\/wp-json\/wp\/v2\/media?parent=1017"}],"wp:term":[{"taxonomy":"category","embeddable":true,"href":"https:\/\/zeichensetzen-online.de\/index.php\/wp-json\/wp\/v2\/categories?post=1017"},{"taxonomy":"post_tag","embeddable":true,"href":"https:\/\/zeichensetzen-online.de\/index.php\/wp-json\/wp\/v2\/tags?post=1017"}],"curies":[{"name":"wp","href":"https:\/\/api.w.org\/{rel}","templated":true}]}}